{"id":368698,"date":"2025-09-05T17:46:13","date_gmt":"2025-09-05T17:46:13","guid":{"rendered":"https:\/\/www.europesays.com\/fr\/368698\/"},"modified":"2025-09-05T17:46:13","modified_gmt":"2025-09-05T17:46:13","slug":"agee-de-95-ans-la-mere-de-michael-jackson-fait-une-rare-apparition-en-fauteuil-roulant","status":"publish","type":"post","link":"https:\/\/www.europesays.com\/fr\/368698\/","title":{"rendered":"\u00c2g\u00e9e de 95\u00a0ans, la m\u00e8re de Michael Jackson fait une rare apparition en fauteuil roulant"},"content":{"rendered":"<p>En Californie, dans la municipalit\u00e9 de Thousand Oaks, <a href=\"https:\/\/www.parismatch.com\/bio\/katherine-jackson\" target=\"_blank\" rel=\"nofollow noopener\">Katherine Jackson<\/a> a \u00e9t\u00e9 aper\u00e7ue ce jeudi 4\u00a0septembre \u00e0 la sortie d\u2019une friperie. Assise dans un fauteuil roulant, son joli sac Chanel sur les genoux, la m\u00e8re de <a href=\"https:\/\/www.parismatch.com\/bio\/michael-jackson\" target=\"_blank\" rel=\"nofollow noopener\">Michael Jackson<\/a> a gard\u00e9 de sa superbe. Ongles manucur\u00e9s, bijoux et brushing, \u00e0 95\u00a0ans, cette femme de go\u00fbt ne s\u2019est pas laiss\u00e9e abattre par les r\u00e9centes affaires familiales.<\/p>\n<p>En mars\u00a02024, <a href=\"https:\/\/www.parismatch.com\/People\/Rare-apparition-de-Blanket-le-fils-de-Michael-Jackson-a-la-television-1767109\" target=\"_blank\" rel=\"nofollow noopener\">son petit-fils\u00a0Blanket Jackson (23\u00a0ans)<\/a> s\u2019est embarqu\u00e9 dans <a href=\"https:\/\/www.parismatch.com\/people\/le-fils-de-michael-jackson-poursuit-sa-grand-mere-katherine-en-justice-235766\" target=\"_blank\" rel=\"nofollow noopener\">une bataille juridique contre elle<\/a>, tentant de l\u2019emp\u00eacher d\u2019utiliser l\u2019argent de la succession du \u00ab\u00a0King of Pop\u00a0\u00bb pour financer l\u2019appel d\u2019une pr\u00e9c\u00e9dente d\u00e9cision. Si les d\u00e9tails demeurent flous concernant cette affaire, il semble qu\u2019il soit question des droits\u00a0du catalogue musical de Michael Jackson.<\/p>\n<p>    La suite apr\u00e8s cette publicit\u00e9<\/p>\n<p>Paris Jackson dans la tourmente<\/p>\n<p>Apr\u00e8s Blanket, c\u2019est au tour de <a href=\"https:\/\/www.parismatch.com\/bio\/paris-jackson\" target=\"_blank\" rel=\"nofollow noopener\">Paris Jackson<\/a> de faire parler d\u2019elle. La fille cadette de Michael Jackson a d\u00e9menti son implication dans <a href=\"https:\/\/www.parismatch.com\/people\/en-images-jaafar-jackson-impeccable-sosie-de-son-oncle-sur-le-tournage-de-michael-238199\" target=\"_blank\" rel=\"nofollow noopener\">le biopic sur son p\u00e8re<\/a>. Sur Instagram, dans la soir\u00e9e de ce mardi, elle a d\u00e9nonc\u00e9 ce projet qu\u2019elle consid\u00e8re \u00ab\u00a0inexact\u00a0\u00bb et rappel\u00e9 ne pas y \u00eatre li\u00e9e\u00a0: \u00ab\u00a0Ne dites pas aux gens que j\u2019ai \u00e9t\u00e9\u00a0\u00bb utile \u00ab\u00a0sur le plateau d\u2019un film dans lequel j\u2019ai eu 0\u00a0% d\u2019implication, c\u2019est trop bizarre\u00a0\u00bb.<\/p>\n<p>    La suite apr\u00e8s cette publicit\u00e9<\/p>\n<p>Tr\u00e8s en col\u00e8re, elle a ajout\u00e9\u00a0: \u00ab\u00a0Le probl\u00e8me avec ces biopics, c\u2019est qu\u2019ils sont produits par Hollywood. C\u2019est donc un monde imaginaire. Ce n\u2019est pas r\u00e9el, mais on vous le vend comme tel, en l\u2019enjolivant. Le r\u00e9cit est contr\u00f4l\u00e9, il contient beaucoup d\u2019inexactitudes et de mensonges \u00e9hont\u00e9s. Vous allez tous adorer ce putain de film. Alors allez le voir. Profitez-en. Faites ce que vous voulez. Mais laissez-moi en dehors de \u00e7a.\u00a0\u00bb<\/p>\n<p>    <img decoding=\"async\" src=\"https:\/\/www.europesays.com\/fr\/wp-content\/uploads\/2025\/09\/paris-jackson-instagram-michael-jackson-biopic-colman-domingo.jpg\" alt=\"Paris Jackson en col\u00e8re sur Instagram au sujet du biopic sur son p\u00e8re Michael Jackson, le 2 septembre 2025.\" loading=\"lazy\"\/><\/p>\n<p>\n      Paris Jackson en col\u00e8re sur Instagram au sujet du biopic sur son p\u00e8re Michael Jackson, le 2 septembre 2025.<\/p>\n<p>                                \u00a9 instagram.com\/parisjackson<\/p>\n<p>                                    <script async src=\"\/\/www.instagram.com\/embed.js\"><\/script><\/p>\n","protected":false},"excerpt":{"rendered":"En Californie, dans la municipalit\u00e9 de Thousand Oaks, Katherine Jackson a \u00e9t\u00e9 aper\u00e7ue ce jeudi 4\u00a0septembre \u00e0 la&hellip;\n","protected":false},"author":2,"featured_media":368699,"comment_status":"","ping_status":"","sticky":false,"template":"","format":"standard","meta":{"footnotes":""},"categories":[1355],"tags":[58,59,1011,27,1361,873],"class_list":{"0":"post-368698","1":"post","2":"type-post","3":"status-publish","4":"format-standard","5":"has-post-thumbnail","7":"category-musique","8":"tag-divertissement","9":"tag-entertainment","10":"tag-fr","11":"tag-france","12":"tag-music","13":"tag-musique"},"share_on_mastodon":{"url":"https:\/\/pubeurope.com\/@fr\/115152944548741628","error":""},"_links":{"self":[{"href":"https:\/\/www.europesays.com\/fr\/wp-json\/wp\/v2\/posts\/368698","targetHints":{"allow":["GET"]}}],"collection":[{"href":"https:\/\/www.europesays.com\/fr\/wp-json\/wp\/v2\/posts"}],"about":[{"href":"https:\/\/www.europesays.com\/fr\/wp-json\/wp\/v2\/types\/post"}],"author":[{"embeddable":true,"href":"https:\/\/www.europesays.com\/fr\/wp-json\/wp\/v2\/users\/2"}],"replies":[{"embeddable":true,"href":"https:\/\/www.europesays.com\/fr\/wp-json\/wp\/v2\/comments?post=368698"}],"version-history":[{"count":0,"href":"https:\/\/www.europesays.com\/fr\/wp-json\/wp\/v2\/posts\/368698\/revisions"}],"wp:featuredmedia":[{"embeddable":true,"href":"https:\/\/www.europesays.com\/fr\/wp-json\/wp\/v2\/media\/368699"}],"wp:attachment":[{"href":"https:\/\/www.europesays.com\/fr\/wp-json\/wp\/v2\/media?parent=368698"}],"wp:term":[{"taxonomy":"category","embeddable":true,"href":"https:\/\/www.europesays.com\/fr\/wp-json\/wp\/v2\/categories?post=368698"},{"taxonomy":"post_tag","embeddable":true,"href":"https:\/\/www.europesays.com\/fr\/wp-json\/wp\/v2\/tags?post=368698"}],"curies":[{"name":"wp","href":"https:\/\/api.w.org\/{rel}","templated":true}]}}