{"id":368704,"date":"2025-09-05T17:49:11","date_gmt":"2025-09-05T17:49:11","guid":{"rendered":"https:\/\/www.europesays.com\/fr\/368704\/"},"modified":"2025-09-05T17:49:11","modified_gmt":"2025-09-05T17:49:11","slug":"suivez-le-match-des-qualifications-a-la-coupe-du-monde-2026-en-live","status":"publish","type":"post","link":"https:\/\/www.europesays.com\/fr\/368704\/","title":{"rendered":"suivez le match des qualifications \u00e0 la Coupe du monde 2026 en live"},"content":{"rendered":"<p>Voici la compo des Bleus<\/p>\n<p>Avec Michael Olise en meneur de jeu, dans un sch\u00e9ma en 4-2-3-1.<\/p>\n<p>Maignan &#8211; Kound\u00e9, Upamecano, Konat\u00e9, Digne &#8211; Tchouam\u00e9ni, Kon\u00e9 &#8211; Dou\u00e9, Olise, Barcola &#8211; Mbapp\u00e9<\/p>\n<p>Barcola et Dou\u00e9 titulaires: voici l&rsquo;attaque des Bleus pour ce soir<\/p>\n<p>Le capitaine Kylian Mbapp\u00e9 sera entour\u00e9 de D\u00e9sir\u00e9 Dou\u00e9, Bradley Barcola et Michael Olise en attaque pour Ukraine-France. Olise sera dans un r\u00f4le de meneur de jeu.<\/p>\n<p>F.Hawkins<\/p>\n<p>Pourquoi les Bleus ne jouent pas au Stade de France pour les \u00e9liminatoires de la Coupe du monde 2026<\/p>\n<p>L\u2019\u00e9quipe de France va disputer ses trois matchs de qualification pour la Coupe du monde 2026 \u00e0 domicile au Parc des Princes et non au Stade de France. Une d\u00e9cision li\u00e9e \u00e0 un probl\u00e8me administratif autour de l\u2019habituelle enceinte des Bleus.<\/p>\n<p>&gt;&gt;&gt; <a href=\"https:\/\/rmcsport.bfmtv.com\/football\/equipe-de-france\/equipe-de-france-pourquoi-les-bleus-ne-jouent-pas-au-stade-de-france-pour-les-eliminatoires-de-la-coupe-du-monde-2026_AV-202509040001.html\" title=\"Equipe de France: pourquoi les Bleus ne jouent pas au Stade de France pour les \u00e9liminatoires de la Coupe du monde 2026\" class=\"internal_link\" rel=\"nofollow noopener\" target=\"_blank\">voici pourquoi les Bleus ne joueront pas au Stade de France en 2025<\/a><\/p>\n<p>La rencontre entre Diallo et Shevchenko<\/p>\n<p>Quelques heures avant le match, le pr\u00e9sident de la F\u00e9d\u00e9ration fran\u00e7aise de football Philippe Diallo a rencontre son homologue ukrainien, Andriy Shevchenko.<\/p>\n<p>Les drapeaux ukrainiens sont partout<\/p>\n<p>Une grosse communaut\u00e9 ukrainienne vit en Pologne et le stade sera tout acquis \u00e0 la cause de l&rsquo;Ukraine.<\/p>\n<p><img decoding=\"async\" class=\"lozad\" src=\"https:\/\/www.europesays.com\/fr\/wp-content\/uploads\/2025\/09\/Aux-abords-du-stade-avant-Ukraine-France-en-Pologne-les-couleurs-ukrainiennes-sont-partout-2133021.j.jpeg\"  alt=\"Aux abords du stade avant Ukraine-France en Pologne, les couleurs ukrainiennes sont partout\" title=\"Aux abords du stade avant Ukraine-France en Pologne, les couleurs ukrainiennes sont partout\"\/>Aux abords du stade avant Ukraine-France en Pologne, les couleurs ukrainiennes sont partout \u00a9 RMC SportLa France m\u00e8ne au jeu des confrontations directes<\/p>\n<p>La France et l&rsquo;Ukraine se sont affront\u00e9es \u00e0 douze reprises, pour un bilan tricolore positif (6 victoires, 5 nuls, 1 d\u00e9faite, 23 buts marqu\u00e9s, 8 buts encaiss\u00e9s).<\/p>\n<p>Vers un 4-2-3-1 pour lancer ces qualifs ?<\/p>\n<p>Ce jeudi, Didier Deschamps a travaill\u00e9 un sch\u00e9ma en 4-2-3-1 \u00e0 l&rsquo;entra\u00eenement des Bleus, \u00e0 la veille d&rsquo;affronter l&rsquo;Ukraine pour le d\u00e9but des qualifications \u00e0 la Coupe du monde 2026.<\/p>\n<p><strong>La compo probable des Bleus face \u00e0 l&rsquo;Ukraine<\/strong><\/p>\n<p>Maignan &#8211; Kound\u00e9, Konat\u00e9, Upamecano, Digne &#8211; Tchouam\u00e9ni, Kon\u00e9 &#8211; Dou\u00e9, Olise, Barcola &#8211; Mbapp\u00e9<\/p>\n<p>Le quotidien difficile de la s\u00e9lection ukrainienne<\/p>\n<p>La France affronte ce vendredi soir (20h45) l\u2019Ukraine \u00e0 Wroclaw, \u00e0 l\u2019est de la Pologne, car l\u2019adversaire des Bleus ne peut plus recevoir dans son pays \u00e0 cause de l\u2019agression russe. Depuis trois ans, les Ukrainiens vivent au gr\u00e9 des d\u00e9localisations. Mais ce vendredi , ils seront soutenus par la tr\u00e8s fort communaut\u00e9 ukrainienne de la ville.<\/p>\n<p><a href=\"https:\/\/rmcsport.bfmtv.com\/football\/coupe-du-monde\/qualifications\/soutien-des-refugies-de-guerre-delocalisations-attente-au-pays-le-quotidien-difficile-de-la-selection-ukrainienne_AV-202509040962.html\" title=\"Soutien des r\u00e9fugi\u00e9s de guerre, d\u00e9localisations, attente au pays: le quotidien difficile de la s\u00e9lection ukrainienne\" class=\"internal_link\" rel=\"nofollow noopener\" target=\"_blank\">&gt;&gt; Soutien des r\u00e9fugi\u00e9s de guerre, d\u00e9localisations, attente au pays: le quotidien difficile de la s\u00e9lection ukrainienne<\/a><\/p>\n<p>Ilia Zabarnyi, la future star de la s\u00e9lection ukrainienne<\/p>\n<p>Devenu un \u00e9l\u00e9ment essentiel de sa s\u00e9lection \u00e0 23 ans, Illia Zabarnyi pourrait \u00eatre la star de l\u2019Ukraine ces prochaines ann\u00e9es. Le joueur du PSG doit g\u00e9rer cette notori\u00e9t\u00e9, son changement de club et les questions sur son entente avec son co\u00e9quipier russe.<\/p>\n<p><a href=\"https:\/\/rmcsport.bfmtv.com\/football\/coupe-du-monde\/qualifications\/ukraine-france-nouvelle-star-au-pays-safonov-la-chaude-treve-du-joueur-du-psg-illia-zabarnyi_AV-202509040982.html\" title=\"Ukraine-France: nouvelle star au pays, Safonov... la chaude tr\u00eave du joueur du PSG, Illia Zabarnyi\" class=\"internal_link\" rel=\"nofollow noopener\" target=\"_blank\">&gt;&gt; Nouvelle star au pays, Safonov&#8230; la chaude tr\u00eave du joueur du PSG, Illia Zabarnyi<\/a><\/p>\n<p>Pourquoi la France peut toujours se qualifier pour le Mondial 2026 m\u00eame en terminant derni\u00e8re de son groupe ?<\/p>\n<p>Si les douze vainqueurs de groupe de la zone UEFA se qualifieront directement pour la Coupe du monde, les douze deuxi\u00e8mes disputeront des barrages (du 26 au 31 mars 2026) pour tenter de se qualifier. Mais m\u00eame en cas de campagne de qualification catastrophique, les Bleus ont une derni\u00e8re cartouche pour valider leur ticket pour la Coupe du monde.<\/p>\n<p><a href=\"https:\/\/rmcsport.bfmtv.com\/football\/equipe-de-france\/coupe-du-monde-2026-pourquoi-les-bleus-pourraient-toujours-se-qualifier-meme-en-terminant-derniers-de-leur-groupe_AV-202509050419.html\" title=\"Coupe du monde 2026: pourquoi les Bleus pourraient toujours se qualifier m\u00eame en terminant derniers de leur groupe\" class=\"internal_link\" rel=\"nofollow noopener\" target=\"_blank\">&gt;&gt; Pourquoi les Bleus pourraient toujours se qualifier m\u00eame en terminant derniers de leur groupe<\/a><\/p>\n<p>Un sprint de moins de trois mois pour se qualifier<\/p>\n<p>Trois mois apr\u00e8s avoir accroch\u00e9 la 3e place de la Ligue des nations 2025, l&rsquo;\u00e9quipe de France fait sa rentr\u00e9e ce vendredi pour la derni\u00e8re campagne qualificative de l&rsquo;\u00e8re Deschamps, avec un objectif en ligne de mire: la Coupe du monde 2026, organis\u00e9e l&rsquo;an prochain aux Etats-Unis, au Mexique et au Canada.<\/p>\n<p><strong>Le calendrier des Bleus dans ces qualifs<\/strong><\/p>\n<p>Vendredi 5 septembre 2025 :<\/p>\n<p>Mardi 9 septembre 2025 :<\/p>\n<ul class=\"list_unordered\">\n<li>20h45 : <strong>France<\/strong> &#8211; Islande (Paris, Parc des Princes)<\/li>\n<\/ul>\n<p>Vendredi 10 octobre 2025 :<\/p>\n<ul class=\"list_unordered\">\n<li>20h45 : <strong>France<\/strong> &#8211; Azerba\u00efdjan (Paris, Parc des Princes)<\/li>\n<\/ul>\n<p>Lundi 13 octobre 2025 :<\/p>\n<p>Jeudi 13 novembre 2025 :<\/p>\n<ul class=\"list_unordered\">\n<li>20h45 : <strong>France<\/strong> &#8211; Ukraine (Paris, Parc des Princes)<\/li>\n<\/ul>\n<p>Dimanche 16 novembre 2025 :<\/p>\n<ul class=\"list_unordered\">\n<li>18h00 : Azerba\u00efdjan &#8211; <strong>France<\/strong><\/li>\n<\/ul>\n<p>Bonjour \u00e0 tous<\/p>\n<p>Bienvenue sur le site et l&rsquo;appli RMC Sport pour suivre le match de qualification \u00e0 la Coupe du monde 2026 entre l&rsquo;Ukraine et la France. Le coup d&rsquo;envoi sera donn\u00e9 \u00e0 20h45 \u00e0 Wroclaw (Pologne). Le match sera \u00e0 suivre en direct comment\u00e9 dans ce live, ainsi qu&rsquo;\u00e0 la radio sur RMC.<\/p>\n","protected":false},"excerpt":{"rendered":"Voici la compo des Bleus Avec Michael Olise en meneur de jeu, dans un sch\u00e9ma en 4-2-3-1. Maignan&hellip;\n","protected":false},"author":2,"featured_media":368705,"comment_status":"","ping_status":"","sticky":false,"template":"","format":"standard","meta":{"footnotes":""},"categories":[9],"tags":[1011,27,60],"class_list":{"0":"post-368704","1":"post","2":"type-post","3":"status-publish","4":"format-standard","5":"has-post-thumbnail","7":"category-sports","8":"tag-fr","9":"tag-france","10":"tag-sports"},"share_on_mastodon":{"url":"https:\/\/pubeurope.com\/@fr\/115152956119783235","error":""},"_links":{"self":[{"href":"https:\/\/www.europesays.com\/fr\/wp-json\/wp\/v2\/posts\/368704","targetHints":{"allow":["GET"]}}],"collection":[{"href":"https:\/\/www.europesays.com\/fr\/wp-json\/wp\/v2\/posts"}],"about":[{"href":"https:\/\/www.europesays.com\/fr\/wp-json\/wp\/v2\/types\/post"}],"author":[{"embeddable":true,"href":"https:\/\/www.europesays.com\/fr\/wp-json\/wp\/v2\/users\/2"}],"replies":[{"embeddable":true,"href":"https:\/\/www.europesays.com\/fr\/wp-json\/wp\/v2\/comments?post=368704"}],"version-history":[{"count":0,"href":"https:\/\/www.europesays.com\/fr\/wp-json\/wp\/v2\/posts\/368704\/revisions"}],"wp:featuredmedia":[{"embeddable":true,"href":"https:\/\/www.europesays.com\/fr\/wp-json\/wp\/v2\/media\/368705"}],"wp:attachment":[{"href":"https:\/\/www.europesays.com\/fr\/wp-json\/wp\/v2\/media?parent=368704"}],"wp:term":[{"taxonomy":"category","embeddable":true,"href":"https:\/\/www.europesays.com\/fr\/wp-json\/wp\/v2\/categories?post=368704"},{"taxonomy":"post_tag","embeddable":true,"href":"https:\/\/www.europesays.com\/fr\/wp-json\/wp\/v2\/tags?post=368704"}],"curies":[{"name":"wp","href":"https:\/\/api.w.org\/{rel}","templated":true}]}}