{"id":368706,"date":"2025-09-05T17:50:12","date_gmt":"2025-09-05T17:50:12","guid":{"rendered":"https:\/\/www.europesays.com\/fr\/368706\/"},"modified":"2025-09-05T17:50:12","modified_gmt":"2025-09-05T17:50:12","slug":"quand-lea-salame-presente-le-jt-tout-change-mais-rien-ne-change","status":"publish","type":"post","link":"https:\/\/www.europesays.com\/fr\/368706\/","title":{"rendered":"Quand L\u00e9a Salam\u00e9 pr\u00e9sente le JT, tout change mais rien ne change"},"content":{"rendered":"<p>                         <img loading=\"lazy\" decoding=\"async\" src=\"https:\/\/www.europesays.com\/fr\/wp-content\/uploads\/2025\/09\/071de32_upload-1-fmmyliy3ow1x-capture-da-ei-cran-2025-09-04-ai-14-34-46.jpg\" alt=\"L\u00e9a Salam\u00e9, lors de la diffusion de son premier JT de 20 sur France 2, le 1\u1d49\u02b3 septembre 2025.\"   width=\"664\" height=\"443\"\/>    L\u00e9a Salam\u00e9, lors de la diffusion de son premier JT de 20 sur France 2, le 1\u1d49\u02b3 septembre 2025.  CAPTURE D\u2019\u00c9CRAN FRANCE TV                 <\/p>\n<p class=\"article__paragraph  \">Son arriv\u00e9e devait \u00eatre l\u2019\u00e9v\u00e9nement de la rentr\u00e9e de France\u00a02. Depuis le 19\u00a0juin, on savait que L\u00e9a Salam\u00e9 quitterait la matinale de France Inter pour le journal t\u00e9l\u00e9vis\u00e9 de 20\u00a0heures de la cha\u00eene phare du service public, succ\u00e9dant \u00e0 Anne-Sophie Lapix, \u00e9vinc\u00e9e apr\u00e8s huit\u00a0ans de pr\u00e9sentation.<strong> <\/strong>Un temps courtis\u00e9e par BFM-TV, la Franco-Libanaise de 45\u00a0ans avait accept\u00e9 la proposition de France\u00a02\u00a0avec la promesse de pouvoir conserver \u00ab\u00a0Quelle \u00e9poque\u00a0!\u00a0\u00bb, son \u00e9mission du samedi soir sur la m\u00eame cha\u00eene.<\/p>\n<p class=\"article__paragraph  \">La nouvelle avait cristallis\u00e9 toutes les attentions dans le traditionnel mercato t\u00e9l\u00e9visuel de fin de saison. Son d\u00e9part de France Inter, le 3\u00a0juillet, avait fait monter l\u2019intensit\u00e9 d\u2019un cran. La derni\u00e8re matinale avait fr\u00f4l\u00e9 le pathos. \u00ab\u00a0Vous partez, L\u00e9a, et \u00e7a nous rend tous immens\u00e9ment tristes\u00a0\u00bb, confiait Nicolas Demorand, la voix \u00e9trangl\u00e9e. \u00ab\u00a0Comment vous dire combien je redoutais ce moment\u00a0?\u00a0\u00bb, r\u00e9pondait, la larme \u00e0 l\u2019\u0153il, celle qui a travaill\u00e9 durant onze ann\u00e9es sur cette tranche horaire de la radio publique.<\/p>\n<p class=\"article__paragraph  \">Ensuite, il y eut les journaux people, les articles d\u00e9taillant ses envies, sa pr\u00e9paration, ses craintes aussi, comme le titrait Le\u00a0Parisien, dans son \u00e9dition du 1er\u00a0septembre\u00a0: \u00ab\u00a0Partag\u00e9e entre l\u2019excitation et la peur.\u00a0\u00bb Il y eut la campagne d\u2019affichage dans Paris, L\u00e9a Salam\u00e9 posant sur son futur plateau, avec pour l\u00e9gende\u00a0: \u00ab\u00a0Votre vie, votre journal, pour vous\u00a0\u00bb. Une op\u00e9ration com de funambule pour indiquer que l\u2019important, ce sont les t\u00e9l\u00e9spectateurs, pas elle. Mais quand m\u00eame avec elle. Et en point d\u2019orgue, <a href=\"https:\/\/www.youtube.com\/watch?v=X6D8vdTgOuY\" target=\"_blank\" rel=\"noopener nofollow\" title=\"Nouvelle fen\u00eatre\">un petit clip humoristique<\/a>, diffus\u00e9 sur la cha\u00eene, o\u00f9 elle feignait de s\u2019entra\u00eener \u00e0 dire \u00ab\u00a0Madame, monsieur, bonsoir\u00a0!\u00a0\u00bb au fil de sa journ\u00e9e.<\/p>\n<p class=\"reading-mode-only \"><strong>Il vous reste 67.1% de cet article \u00e0 lire. La suite est r\u00e9serv\u00e9e aux abonn\u00e9s.<\/strong><\/p>\n","protected":false},"excerpt":{"rendered":"L\u00e9a Salam\u00e9, lors de la diffusion de son premier JT de 20 sur France 2, le 1\u1d49\u02b3 septembre&hellip;\n","protected":false},"author":2,"featured_media":368707,"comment_status":"","ping_status":"","sticky":false,"template":"","format":"standard","meta":{"footnotes":""},"categories":[8],"tags":[58,59,1011,27],"class_list":{"0":"post-368706","1":"post","2":"type-post","3":"status-publish","4":"format-standard","5":"has-post-thumbnail","7":"category-divertissement","8":"tag-divertissement","9":"tag-entertainment","10":"tag-fr","11":"tag-france"},"share_on_mastodon":{"url":"https:\/\/pubeurope.com\/@fr\/115152959937848550","error":""},"_links":{"self":[{"href":"https:\/\/www.europesays.com\/fr\/wp-json\/wp\/v2\/posts\/368706","targetHints":{"allow":["GET"]}}],"collection":[{"href":"https:\/\/www.europesays.com\/fr\/wp-json\/wp\/v2\/posts"}],"about":[{"href":"https:\/\/www.europesays.com\/fr\/wp-json\/wp\/v2\/types\/post"}],"author":[{"embeddable":true,"href":"https:\/\/www.europesays.com\/fr\/wp-json\/wp\/v2\/users\/2"}],"replies":[{"embeddable":true,"href":"https:\/\/www.europesays.com\/fr\/wp-json\/wp\/v2\/comments?post=368706"}],"version-history":[{"count":0,"href":"https:\/\/www.europesays.com\/fr\/wp-json\/wp\/v2\/posts\/368706\/revisions"}],"wp:featuredmedia":[{"embeddable":true,"href":"https:\/\/www.europesays.com\/fr\/wp-json\/wp\/v2\/media\/368707"}],"wp:attachment":[{"href":"https:\/\/www.europesays.com\/fr\/wp-json\/wp\/v2\/media?parent=368706"}],"wp:term":[{"taxonomy":"category","embeddable":true,"href":"https:\/\/www.europesays.com\/fr\/wp-json\/wp\/v2\/categories?post=368706"},{"taxonomy":"post_tag","embeddable":true,"href":"https:\/\/www.europesays.com\/fr\/wp-json\/wp\/v2\/tags?post=368706"}],"curies":[{"name":"wp","href":"https:\/\/api.w.org\/{rel}","templated":true}]}}