{"id":368712,"date":"2025-09-05T17:53:10","date_gmt":"2025-09-05T17:53:10","guid":{"rendered":"https:\/\/www.europesays.com\/fr\/368712\/"},"modified":"2025-09-05T17:53:10","modified_gmt":"2025-09-05T17:53:10","slug":"poutine-menace-dattaquer-les-forces-occidentales-si-elles-vont-en-ukraine","status":"publish","type":"post","link":"https:\/\/www.europesays.com\/fr\/368712\/","title":{"rendered":"Poutine menace d\u2019attaquer les forces occidentales si elles vont en Ukraine"},"content":{"rendered":"<p> \u00abSi des forces, quelles qu\u2019elles soient, apparaissent sur place, surtout maintenant, au moment o\u00f9 des combats sont en cours, nous partirons du principe qu\u2019elles seront des cibles l\u00e9gitimes\u00a0\u00bb, a d\u00e9clar\u00e9 <a href=\"https:\/\/www.20minutes.fr\/monde\/vladimir_poutine\/\" class=\"c-link c-link--is-underlined\" rel=\"nofollow noopener\" target=\"_blank\">Vladimir Poutine<\/a> lors d\u2019un forum \u00e9conomique \u00e0 Vladivostok.<\/p>\n<p>Vingt-six pays, essentiellement europ\u00e9ens, se sont engag\u00e9s jeudi \u00e0 Paris \u00e0 contribuer aux garanties de s\u00e9curit\u00e9 pour l\u2019<a href=\"https:\/\/www.20minutes.fr\/monde\/ukraine\/\" class=\"c-link c-link--is-underlined\" rel=\"nofollow noopener\" target=\"_blank\">Ukraine <\/a>afin d\u2019emp\u00eacher une potentielle nouvelle attaque de la <a href=\"https:\/\/www.20minutes.fr\/monde\/russie\/\" class=\"c-link c-link--is-underlined\" rel=\"nofollow noopener\" target=\"_blank\">Russie<\/a>, apr\u00e8s l\u2019entr\u00e9e en vigueur d\u2019une cessation des hostilit\u00e9s qui demeure hypoth\u00e9tique. \u00ab\u00a0Si des d\u00e9cisions sont obtenues pour aboutir \u00e0 la paix, \u00e0 une paix durable, je ne vois tout simplement pas de sens \u00e0 leur pr\u00e9sence\u00a0\u00bb sur le territoire ukrainien, a ajout\u00e9 le pr\u00e9sident russe. Il a appel\u00e9 \u00e0 ce que \u00ab\u00a0personne ne doute que la Russie respectera pleinement\u00a0\u00bb un futur accord de paix.<\/p>\n<p>Zelensky annonce des \u00ab\u00a0milliers\u00a0\u00bb de militaires<\/p>\n<p>Son porte-parole, Dmitri Peskov, a estim\u00e9 que \u00ab\u00a0les contingents militaires europ\u00e9ens et am\u00e9ricains\u00a0\u00bb ne \u00ab\u00a0peuvent absolument pas\u00a0\u00bb faire partie des garanties de s\u00e9curit\u00e9 pour l\u2019Ukraine. Il a soulign\u00e9 que les int\u00e9r\u00eats de la Russie doivent aussi \u00eatre pris en compte. Il a \u00e9galement accus\u00e9 les Europ\u00e9ens d&rsquo;\u00ab\u00a0entraver\u00a0\u00bb le r\u00e8glement du conflit. La Russie a signifi\u00e9 \u00e0 de nombreuses reprises son opposition au d\u00e9ploiement de forces occidentales en Ukraine. Elle consid\u00e8re l\u2019expansion de l\u2019Otan \u00e0 ses fronti\u00e8res comme l\u2019une des causes de la guerre.<\/p>\n<p>\u00ab\u00a0Le jour o\u00f9 le conflit s\u2019arr\u00eate, les garanties de s\u00e9curit\u00e9 se d\u00e9ploient\u00a0\u00bb, avait affirm\u00e9 jeudi le pr\u00e9sident fran\u00e7ais Emmanuel Macron. Que ce soit via un \u00ab\u00a0cessez-le-feu\u00a0\u00bb, un \u00ab\u00a0armistice\u00a0\u00bb ou un \u00ab\u00a0trait\u00e9 de paix\u00a0\u00bb. Il n\u2019a cependant pas fourni de pr\u00e9cisions sur les contributions de chaque pays.<\/p>\n<\/p>\n<p>Selon le pr\u00e9sident ukrainien <a href=\"https:\/\/www.20minutes.fr\/monde\/volodymyr-zelensky\/\" class=\"c-link c-link--is-underlined\" rel=\"nofollow noopener\" target=\"_blank\">Volodymyr Zelensky<\/a>, le nombre de militaires d\u00e9ploy\u00e9s pourrait se compter en \u00ab\u00a0milliers\u00a0\u00bb. \u00ab\u00a0C\u2019est un fait, mais il est encore un peu t\u00f4t pour en parler\u00a0\u00bb en d\u00e9tail, a-t-il indiqu\u00e9 vendredi, l\u2019une des rares fois ou un nombre, m\u00eame impr\u00e9cis, pour ce contingent, est cit\u00e9. \u00ab\u00a0Il s\u2019agit de choses concr\u00e8tes sur terre, dans le ciel, dans l\u2019espace maritime, dans le cyberespace, ainsi que du financement de nos forces\u00a0\u00bb arm\u00e9es, a-t-il ajout\u00e9.<\/p>\n<p><a href=\"https:\/\/www.20minutes.fr\/monde\/ukraine\/\" class=\"c-link c-btn c-btn--primary\" rel=\"nofollow noopener\" target=\"_blank\">Notre dossier sur la guerre en Ukraine<\/a><\/p>\n<p>Emmanuel Macron a assur\u00e9 que le soutien am\u00e9ricain aux garanties de s\u00e9curit\u00e9 serait finalis\u00e9 \u00ab\u00a0dans les prochains jours\u00a0\u00bb et que les Am\u00e9ricains avaient \u00ab\u00a0\u00e9t\u00e9 tr\u00e8s clairs\u00a0\u00bb sur leur participation. \u00ab\u00a0Nous comptons sur le \u00ab\u00a0backstop\u00a0\u00bb [filet de s\u00e9curit\u00e9] des Etats-Unis\u00a0\u00bb, avait fait savoir Zelensky jeudi.<\/p>\n","protected":false},"excerpt":{"rendered":"\u00abSi des forces, quelles qu\u2019elles soient, apparaissent sur place, surtout maintenant, au moment o\u00f9 des combats sont en&hellip;\n","protected":false},"author":2,"featured_media":368713,"comment_status":"","ping_status":"","sticky":false,"template":"","format":"standard","meta":{"footnotes":""},"categories":[5],"tags":[47,11,1073,73,1011,27,131,14,74,12,136,132,135,134,28],"class_list":{"0":"post-368712","1":"post","2":"type-post","3":"status-publish","4":"format-standard","5":"has-post-thumbnail","7":"category-international","8":"tag-actualite","9":"tag-actualites","10":"tag-emmanuel-macron","11":"tag-etats-unis","12":"tag-fr","13":"tag-france","14":"tag-guerre-en-ukraine","15":"tag-international","16":"tag-monde","17":"tag-news","18":"tag-otan","19":"tag-russie","20":"tag-vladimir-poutine","21":"tag-volodymyr-zelensky","22":"tag-world"},"share_on_mastodon":{"url":"https:\/\/pubeurope.com\/@fr\/115152971634243487","error":""},"_links":{"self":[{"href":"https:\/\/www.europesays.com\/fr\/wp-json\/wp\/v2\/posts\/368712","targetHints":{"allow":["GET"]}}],"collection":[{"href":"https:\/\/www.europesays.com\/fr\/wp-json\/wp\/v2\/posts"}],"about":[{"href":"https:\/\/www.europesays.com\/fr\/wp-json\/wp\/v2\/types\/post"}],"author":[{"embeddable":true,"href":"https:\/\/www.europesays.com\/fr\/wp-json\/wp\/v2\/users\/2"}],"replies":[{"embeddable":true,"href":"https:\/\/www.europesays.com\/fr\/wp-json\/wp\/v2\/comments?post=368712"}],"version-history":[{"count":0,"href":"https:\/\/www.europesays.com\/fr\/wp-json\/wp\/v2\/posts\/368712\/revisions"}],"wp:featuredmedia":[{"embeddable":true,"href":"https:\/\/www.europesays.com\/fr\/wp-json\/wp\/v2\/media\/368713"}],"wp:attachment":[{"href":"https:\/\/www.europesays.com\/fr\/wp-json\/wp\/v2\/media?parent=368712"}],"wp:term":[{"taxonomy":"category","embeddable":true,"href":"https:\/\/www.europesays.com\/fr\/wp-json\/wp\/v2\/categories?post=368712"},{"taxonomy":"post_tag","embeddable":true,"href":"https:\/\/www.europesays.com\/fr\/wp-json\/wp\/v2\/tags?post=368712"}],"curies":[{"name":"wp","href":"https:\/\/api.w.org\/{rel}","templated":true}]}}