{"id":368714,"date":"2025-09-05T17:54:11","date_gmt":"2025-09-05T17:54:11","guid":{"rendered":"https:\/\/www.europesays.com\/fr\/368714\/"},"modified":"2025-09-05T17:54:11","modified_gmt":"2025-09-05T17:54:11","slug":"je-voulais-quelle-arrete-de-dire-ces-choses-qui-me-detruisent-jai-mis-mes-mains-autour-de-son-cou","status":"publish","type":"post","link":"https:\/\/www.europesays.com\/fr\/368714\/","title":{"rendered":"\u00ab\u00a0Je voulais qu\u2019elle arr\u00eate de dire ces choses qui me d\u00e9truisent, j\u2019ai mis mes mains autour de son cou\u00a0\u00bb"},"content":{"rendered":"<p>                         <img loading=\"lazy\" decoding=\"async\" src=\"https:\/\/www.europesays.com\/fr\/wp-content\/uploads\/2025\/09\/f632e8f_upload-1-lnae1vaj8yj6-severin-millet-proces-bonnefoy.jpg\" alt=\"\"   width=\"664\" height=\"443\"\/>      S\u00c9VERIN MILLET                 <\/p>\n<p class=\"article__paragraph  \">Le 28\u00a0janvier\u00a02022, dans le studio parisien de son compagnon, Amanda Glain achevait de se maquiller devant le miroir de la salle de bains, d\u00e9j\u00e0 rev\u00eatue de son manteau, son sac sur le dos. Ce matin-l\u00e0, la jeune femme de 28\u00a0ans prenait doublement son envol. Apr\u00e8s une p\u00e9riode d\u2019essai, elle \u00e9tait attendue \u00e0 son bureau pour signer son contrat d\u2019embauche \u00e0 dur\u00e9e ind\u00e9termin\u00e9e comme cheffe de projet digital. Et au terme de deux ans d\u2019une relation \u00e9prouvante, elle venait d\u2019annoncer \u00e0 son concubin, le gardien de la paix Arnaud Bonnefoy, sa d\u00e9cision irr\u00e9vocable de le quitter. Amanda Glain a \u00e9t\u00e9 d\u00e9couverte \u00e9trangl\u00e9e, quelques heures plus tard, couch\u00e9e en chien de fusil, la t\u00eate sur le rebord du bac \u00e0 douche. Arnaud Bonnefoy avait disparu. Apr\u00e8s vingt-cinq jours de cavale, il s\u2019est rendu et a tout avou\u00e9.<\/p>\n<p class=\"article__paragraph  \">Dans le box de la cour d\u2019assises de Paris devant laquelle il compara\u00eet depuis le mardi 2\u00a0septembre pour le meurtre de sa compagne, Arnaud Bonnefoy est le seul \u00e0 pouvoir raconter les heures qui ont pr\u00e9c\u00e9d\u00e9 et celles qui ont suivi. Amanda avait pass\u00e9 la journ\u00e9e du 27\u00a0janvier \u00e0 t\u00e9l\u00e9travailler dans son studio de 18 m\u00e8tres carr\u00e9s, pendant qu\u2019il naviguait sur des sites de rencontres. Le soir, une dispute avait \u00e9clat\u00e9. Une de plus. Il ne les compte plus tant il y en a eu. Toujours sur le m\u00eame sujet\u00a0: il la soup\u00e7onne de lui cacher des choses, ne supporte pas les commentaires laiss\u00e9s par ses amis masculins sur son compte Instagram.<\/p>\n<p class=\"reading-mode-only \"><strong>Il vous reste 86.59% de cet article \u00e0 lire. La suite est r\u00e9serv\u00e9e aux abonn\u00e9s.<\/strong><\/p>\n","protected":false},"excerpt":{"rendered":"S\u00c9VERIN MILLET Le 28\u00a0janvier\u00a02022, dans le studio parisien de son compagnon, Amanda Glain achevait de se maquiller devant&hellip;\n","protected":false},"author":2,"featured_media":368715,"comment_status":"","ping_status":"","sticky":false,"template":"","format":"standard","meta":{"footnotes":""},"categories":[4],"tags":[11,1011,27,12,25],"class_list":{"0":"post-368714","1":"post","2":"type-post","3":"status-publish","4":"format-standard","5":"has-post-thumbnail","7":"category-france","8":"tag-actualites","9":"tag-fr","10":"tag-france","11":"tag-news","12":"tag-republique-francaise"},"share_on_mastodon":{"url":"https:\/\/pubeurope.com\/@fr\/115152975682859579","error":""},"_links":{"self":[{"href":"https:\/\/www.europesays.com\/fr\/wp-json\/wp\/v2\/posts\/368714","targetHints":{"allow":["GET"]}}],"collection":[{"href":"https:\/\/www.europesays.com\/fr\/wp-json\/wp\/v2\/posts"}],"about":[{"href":"https:\/\/www.europesays.com\/fr\/wp-json\/wp\/v2\/types\/post"}],"author":[{"embeddable":true,"href":"https:\/\/www.europesays.com\/fr\/wp-json\/wp\/v2\/users\/2"}],"replies":[{"embeddable":true,"href":"https:\/\/www.europesays.com\/fr\/wp-json\/wp\/v2\/comments?post=368714"}],"version-history":[{"count":0,"href":"https:\/\/www.europesays.com\/fr\/wp-json\/wp\/v2\/posts\/368714\/revisions"}],"wp:featuredmedia":[{"embeddable":true,"href":"https:\/\/www.europesays.com\/fr\/wp-json\/wp\/v2\/media\/368715"}],"wp:attachment":[{"href":"https:\/\/www.europesays.com\/fr\/wp-json\/wp\/v2\/media?parent=368714"}],"wp:term":[{"taxonomy":"category","embeddable":true,"href":"https:\/\/www.europesays.com\/fr\/wp-json\/wp\/v2\/categories?post=368714"},{"taxonomy":"post_tag","embeddable":true,"href":"https:\/\/www.europesays.com\/fr\/wp-json\/wp\/v2\/tags?post=368714"}],"curies":[{"name":"wp","href":"https:\/\/api.w.org\/{rel}","templated":true}]}}