{"id":368718,"date":"2025-09-05T17:56:17","date_gmt":"2025-09-05T17:56:17","guid":{"rendered":"https:\/\/www.europesays.com\/fr\/368718\/"},"modified":"2025-09-05T17:56:17","modified_gmt":"2025-09-05T17:56:17","slug":"inciter-les-filles-a-choisir-les-disciplines-scientifiques","status":"publish","type":"post","link":"https:\/\/www.europesays.com\/fr\/368718\/","title":{"rendered":"inciter les filles \u00e0 choisir les disciplines scientifiques"},"content":{"rendered":"<p>\u00ab\u00a0Le lyc\u00e9e Jacob-Holtzer accueille 610 \u00e9l\u00e8ves dont 215 en lyc\u00e9e professionnel, un nombre en l\u00e9g\u00e8re augmentation pour le lyc\u00e9e professionnel, stable en lyc\u00e9e g\u00e9n\u00e9ral et technologique et en hausse en BTS CRSA (conception et r\u00e9alisation de syst\u00e8mes automatiques). \u00c0 noter que sur les 180\u00a0\u00e9l\u00e8ves inscrits en classe de 2nde nous avons 92 filles, un nombre cons\u00e9quent qui nous inscrit dans l\u2019actualit\u00e9 puisque tout doit \u00eatre mis en \u0153uvre pour inciter les filles \u00e0 choisir les disciplines scientifiques\u00a0\u00bb, t\u00e9moigne le proviseur Chris Contini.<\/p>\n<p>En juillet, des ateliers ont \u00e9t\u00e9 organis\u00e9s afin de pr\u00e9parer la rentr\u00e9e avec un th\u00e8me phare qui est celui de l\u2019\u00e9galit\u00e9 homme\/femme, pr\u00e9parer \u00e9galement les emplois du temps et le proviseur d\u2019expliquer que le lyc\u00e9e r\u00e9pond \u00e0 100\u00a0%&#8230;<\/p>\n","protected":false},"excerpt":{"rendered":"\u00ab\u00a0Le lyc\u00e9e Jacob-Holtzer accueille 610 \u00e9l\u00e8ves dont 215 en lyc\u00e9e professionnel, un nombre en l\u00e9g\u00e8re augmentation pour le&hellip;\n","protected":false},"author":2,"featured_media":368719,"comment_status":"","ping_status":"","sticky":false,"template":"","format":"standard","meta":{"footnotes":""},"categories":[9653],"tags":[1111,11,2430,3599,7539,1057,1777,674,10282,10283,1011,27,12,25,4001],"class_list":{"0":"post-368718","1":"post","2":"type-post","3":"status-publish","4":"format-standard","5":"has-post-thumbnail","7":"category-saint-etienne","8":"tag-actu","9":"tag-actualites","10":"tag-auvergne-rhone-alpes","11":"tag-college-lycee","12":"tag-edition-loire-sud","13":"tag-education","14":"tag-eu","15":"tag-europe","16":"tag-firminy","17":"tag-firminy-ville","18":"tag-fr","19":"tag-france","20":"tag-news","21":"tag-republique-francaise","22":"tag-saint-etienne"},"share_on_mastodon":{"url":"https:\/\/pubeurope.com\/@fr\/115152983493685095","error":""},"_links":{"self":[{"href":"https:\/\/www.europesays.com\/fr\/wp-json\/wp\/v2\/posts\/368718","targetHints":{"allow":["GET"]}}],"collection":[{"href":"https:\/\/www.europesays.com\/fr\/wp-json\/wp\/v2\/posts"}],"about":[{"href":"https:\/\/www.europesays.com\/fr\/wp-json\/wp\/v2\/types\/post"}],"author":[{"embeddable":true,"href":"https:\/\/www.europesays.com\/fr\/wp-json\/wp\/v2\/users\/2"}],"replies":[{"embeddable":true,"href":"https:\/\/www.europesays.com\/fr\/wp-json\/wp\/v2\/comments?post=368718"}],"version-history":[{"count":0,"href":"https:\/\/www.europesays.com\/fr\/wp-json\/wp\/v2\/posts\/368718\/revisions"}],"wp:featuredmedia":[{"embeddable":true,"href":"https:\/\/www.europesays.com\/fr\/wp-json\/wp\/v2\/media\/368719"}],"wp:attachment":[{"href":"https:\/\/www.europesays.com\/fr\/wp-json\/wp\/v2\/media?parent=368718"}],"wp:term":[{"taxonomy":"category","embeddable":true,"href":"https:\/\/www.europesays.com\/fr\/wp-json\/wp\/v2\/categories?post=368718"},{"taxonomy":"post_tag","embeddable":true,"href":"https:\/\/www.europesays.com\/fr\/wp-json\/wp\/v2\/tags?post=368718"}],"curies":[{"name":"wp","href":"https:\/\/api.w.org\/{rel}","templated":true}]}}