{"id":368724,"date":"2025-09-05T17:59:10","date_gmt":"2025-09-05T17:59:10","guid":{"rendered":"https:\/\/www.europesays.com\/fr\/368724\/"},"modified":"2025-09-05T17:59:10","modified_gmt":"2025-09-05T17:59:10","slug":"lopposition-accable-mathieu-klein-il-repond","status":"publish","type":"post","link":"https:\/\/www.europesays.com\/fr\/368724\/","title":{"rendered":"l&rsquo;opposition accable Mathieu Klein, il r\u00e9pond"},"content":{"rendered":"<p>            Par<br \/>\n        <strong><br \/>\n            <a href=\"https:\/\/actu.fr\/auteur\/amandine-mehl\" title=\"Consulter tous les articles de Amandine Mehl\" target=\"_blank\" rel=\"noopener\">Amandine Mehl<\/a><br \/>\n        <\/strong><\/p>\n<p>        Publi\u00e9 le<\/p>\n<p>            5 sept. 2025 \u00e0 18h59        <\/p>\n<p>Alors que les <a href=\"https:\/\/actu.fr\/tag\/municipales-2026\" target=\"_blank\" rel=\"noopener\">municipales 2026<\/a> approchent, les groupes d\u2019opposition <strong>Nancy Positive<\/strong> et <strong>Grand Nancy Perspectives<\/strong>, pr\u00e9sid\u00e9s par l\u2019ancien maire de la cit\u00e9 ducale <a href=\"https:\/\/actu.fr\/tag\/laurent-henart\" target=\"_blank\" rel=\"noopener\">Laurent H\u00e9nart<\/a>, battu par <a href=\"https:\/\/actu.fr\/tag\/mathieu-klein\" target=\"_blank\" rel=\"noopener\">Mathieu Klein<\/a> en 2020, ont dress\u00e9 le <strong>bilan de mandat de la municipalit\u00e9 sortante et de la majorit\u00e9 sortante \u00e0 la M\u00e9tropole.<\/strong><\/p>\n<p class=\" wall-content\">Si M. H\u00e9nart <strong>n\u2019a pas officialis\u00e9 sa candidature<\/strong> en vue des prochaines \u00e9lections, la bataille semble toutefois<strong> clairement engag\u00e9e<\/strong> au regard des <strong>nombreuses critiques formul\u00e9es<\/strong>.<\/p>\n<p>Pour Laurent H\u00e9nart, \u00ab\u2009il ne s\u2019est quasiment rien pass\u00e9\u2009\u00bb durant le mandat<\/p>\n<p class=\" wall-content\">\u00ab\u2009Si l\u2019on doit avancer un mot, puisque celui de <strong>transformation<\/strong> est parfois \u00e9voqu\u00e9 sur le bilan municipal et m\u00e9tropolitain de la majorit\u00e9 sortante, c\u2019est celui de <strong>d\u00e9gradation<\/strong>\u2009\u00bb, a entam\u00e9 l\u2019ancien maire de Nancy, qui estime \u00ab<strong>\u2009qu\u2019il ne s\u2019est quasiment rien pass\u00e9<\/strong>\u2009\u00bb durant le mandat.<\/p>\n<p class=\" wall-content\">Pour \u00e9tayer son propos, il \u00e9voque une \u00ab<strong>\u2009d\u00e9gradation de la vie quotidienne des habitants\u2009\u00bb<\/strong>, des<strong> \u00ab\u2009comptes publics\u2009\u00bb<\/strong>, mais aussi du \u00ab<strong>\u2009climat d\u00e9mocratique et civique dans la cit\u00e9\u2009\u00bb<\/strong>. Il cite des \u00ab<strong>\u2009difficult\u00e9s de circulation et de stationnement<\/strong>\u2009\u00bb, une \u00ab<strong>\u2009mont\u00e9e des actes violents<\/strong>\u2009\u00bb avec \u00ab\u2009des <strong>r\u00e9ponses qui ne sont pas \u00e0 la hauteur des attentes<\/strong>\u2009\u00bb, un \u00ab\u2009d\u00e9bat de cornecul\u2009\u00bb autour de la <strong>vid\u00e9osurveillance<\/strong>, mais aussi la <a href=\"https:\/\/actu.fr\/grand-est\/nancy_54395\/la-situation-financiere-du-grand-nancy-est-degradee-ce-que-dit-le-rapport-de-ces-experts_62567366.html\" target=\"_blank\" rel=\"noopener\">situation financi\u00e8re d\u00e9grad\u00e9e<\/a> de la M\u00e9tropole du Grand Nancy.<\/p>\n<p>La majorit\u00e9 sortante responsable de l\u2019\u00e9chec de la nouvelle cit\u00e9 judiciaire selon Val\u00e9rie Debord<\/p>\n<p class=\" wall-content\">Apr\u00e8s avoir \u00e9voqu\u00e9 l\u2019abandon de plusieurs projets, <strong>Val\u00e9rie Debord<\/strong>, 1\u02b3\u1d49 vice-pr\u00e9sidente de la R\u00e9gion Grand Est et membre de l\u2019opposition \u00e0 la Ville de Nancy, pr\u00e9sente lors de l\u2019\u00e9change, a affirm\u00e9 que si le projet de <a href=\"https:\/\/actu.fr\/grand-est\/nancy_54395\/nouvelle-cite-judiciaire-de-nancy-ou-en-est-le-projet-d-abord-attendu-pour-2025_60739939.html\" target=\"_blank\" rel=\"noopener\">nouvelle cit\u00e9 judiciaire<\/a> ne se fait pas, \u00ab\u2009c\u2019est quand m\u00eame leur choix [\u00e0 la majorit\u00e9 sortante], ce qui est tout de m\u00eame dingue\u2009\u00bb.<\/p>\n<blockquote class=\"ac-article-quote wall-content\">\n<p>Il y a eu une lev\u00e9e de boucliers de toutes les professions du droit parce qu&rsquo;il n&rsquo;y a pas d&rsquo;accessibilit\u00e9 \u00e0 ce futur \u00e9quipement tel qu&rsquo;il a \u00e9t\u00e9 con\u00e7u, alors qu&rsquo;une voirie devait \u00eatre cr\u00e9\u00e9e permettant l&rsquo;acc\u00e8s aux voitures. Et je ne parle pas de la p\u00e9nitentiaire, penser une cit\u00e9 judiciaire o\u00f9 vous ne pouvez pas amener les d\u00e9tenus, c&rsquo;est quand m\u00eame quelque chose qui est assez grand ! Tous les professionnels du droit se sont insurg\u00e9s contre ce projet.<\/p>\n<p>    <strong>Val\u00e9rie Debord<\/strong><br \/>\n        1ere vice-pr\u00e9sidente de la R\u00e9gion Grand Est et membre de l&rsquo;opposition \u00e0 la Ville de Nancy    <\/p><\/blockquote>\n<p>Votre r\u00e9gion, votre actu !<\/p>\n<p>Recevez chaque jour les infos qui comptent pour vous.<\/p>\n<p>\t<a href=\"https:\/\/actu.fr\/newsletter\" class=\"ac-btn ac-btn--corner ac-btn--medium ac-btn--blue800\" target=\"_blank\" rel=\"noopener\">S&rsquo;incrire<\/a><\/p>\n<p class=\" wall-content\">\u00ab\u2009C\u2019\u00e9tait un sujet consensuel qui est devenu <strong>pol\u00e9mique<\/strong>, car une bonne partie des avocats, des greffiers, des magistrats, se demandent<strong> \u00e0 quoi \u00e7a sert<\/strong> de mettre des millions d\u2019euros dans une nouvelle cit\u00e9 judiciaire si l\u2019on ne peut pas s\u2019y rendre\u2009\u00bb, a compl\u00e9t\u00e9 M. H\u00e9nart.<\/p>\n<p>\u00ab\u2009Je n\u2019ai pas demand\u00e9 au minist\u00e8re de la Justice de s\u2019installer sur Alstom\u2009\u00bb<\/p>\n<p class=\" wall-content\">Alors, Mathieu Klein est-il responsable\u2009? \u00ab\u2009Si c\u2019\u00e9tait ma faute,<strong> ce serait plus facile \u00e0 r\u00e9soudre<\/strong>\u2009\u00bb, a-t-il lanc\u00e9 au cours d\u2019un \u00e9change avec la presse.<\/p>\n<blockquote class=\"ac-article-quote wall-content\">\n<p>J&rsquo;esp\u00e8re que l&rsquo;\u00c9tat finira par honorer ses engagements ! Parce que l&rsquo;on parle bien d&rsquo;un engagement de l&rsquo;\u00c9tat ! Je n&rsquo;ai pas demand\u00e9 au minist\u00e8re de la Justice de s&rsquo;installer sur Alstom, c&rsquo;est Laurent H\u00e9nart et Val\u00e9rie Debord qui l&rsquo;ont fait. Quand j&rsquo;ai r\u00e9cup\u00e9r\u00e9 le dossier en 2020, la d\u00e9cision \u00e9tait prise et j&rsquo;ai rendu le sujet possible en engageant la M\u00e9tropole \u00e0 vendre le terrain, \u00e0 le d\u00e9polluer et en parlant d&rsquo;un parvis avec une passerelle pour faire le lien avec le centre-ville.<\/p>\n<p>    <strong>Mathieu Klein<\/strong><br \/>\n        Maire de Nancy et pr\u00e9sident du Grand Nancy    <\/p><\/blockquote>\n<p class=\" wall-content\">Il en a profit\u00e9 pour rappeler que lorsque Nicole Belloubet, alors ministre de la Justice, a annonc\u00e9 la construction de la <a href=\"https:\/\/actu.fr\/grand-est\/nancy_54395\/nancy-ministre-la-justice-confirme-larrivee-dune-nouvelle-cite-judiciaire-dici-2025_27453828.html\" target=\"_blank\" rel=\"noopener\">nouvelle cit\u00e9 judiciaire<\/a> sur le site d\u2019Alstom, il a \u00e9t\u00e9 \u00ab\u2009le seul \u00e0 avoir <strong>\u00e9mis une r\u00e9serve<\/strong>\u2009\u00bb. Parmi les sites propos\u00e9s, figurait en effet l\u2019h\u00f4pital Saint-Julien, plus proche des axes routiers et situ\u00e9 \u00e0 proximit\u00e9 imm\u00e9diate du commissariat de police. \u00ab\u2009Le site d\u2019Alstom <strong>me semblait le plus compliqu\u00e9<\/strong>. Mais, tr\u00e8s bien, ils ont choisi et je suis l\u00e0 pour assurer la continuit\u00e9 r\u00e9publicaine\u2009\u00bb, a ajout\u00e9 le maire.<\/p>\n<p>\u00ab\u2009L\u2019absence de cette route n\u2019\u00e9tait pas r\u00e9dhibitoire\u2009\u00bb<\/p>\n<p class=\" wall-content\">S\u2019agissant de la <strong>voirie<\/strong> qui devait \u00eatre cr\u00e9\u00e9e, Mathieu Klein explique que la Ville et la M\u00e9tropole s\u2019\u00e9taient engag\u00e9es \u00e0 le faire. Lorsqu\u2019il a repris le dossier, il a fait savoir que ce ne serait pas le cas. \u00ab\u2009L\u2019acc\u00e8s du futur palais de justice a \u00e9t\u00e9 <strong>r\u00e9analys\u00e9<\/strong>, y compris pour le transfert des d\u00e9tenus, et on nous a dit que <strong>l\u2019absence de cette route n\u2019\u00e9tait pas r\u00e9dhibitoire<\/strong> et que le projet \u00e9tait maintenu\u2009\u00bb. Seuls imp\u00e9ratifs\u2009: am\u00e9liorer la desserte des transports en commun et porter une attention sur le stationnement.<\/p>\n<p class=\" wall-content\">Au sujet de la grogne des professionnels du droit, le premier magistrat de la cit\u00e9 ducale assure que <strong>des \u00e9changes ont \u00e9t\u00e9 men\u00e9s<\/strong> et avoir obtenu la cr\u00e9ation de la maison des avocats sur le site de la cit\u00e9 judiciaire.<\/p>\n<p>Peut-on esp\u00e9rer voir la future cit\u00e9 judiciaire de Nancy sortir de terre un jour ?<\/p>\n<p class=\" wall-content\">Initialement annonc\u00e9e pour 2025, peut-on esp\u00e9rer voir la cit\u00e9 judiciaire sortir de terre un jour\u2009? Au vu de l\u2019<strong>\u00e9tat de d\u00e9labrement<\/strong> du palais de justice actuel, le maire ne voit pas comment il pourrait en \u00eatre autrement.<\/p>\n<blockquote class=\"ac-article-quote wall-content\">\n<p>Quand G\u00e9rald Darmanin [ministre de la Justice, NDLR] me renvoie l&rsquo;argument que le territoire doit cofinancer le projet, pour moi, \u00e7a ne tient pas, je ne vais pas financer un palais de justice. On a d\u00e9j\u00e0 financ\u00e9 la ligne entre Nancy et Lyon, ce qui est compl\u00e8tement en dehors de nos responsabilit\u00e9s ! Bient\u00f4t, on va financer l&rsquo;arm\u00e9e ?<\/p>\n<p>    <strong>Mathieu Klein<\/strong><br \/>\n        Maire de Nancy et pr\u00e9sident du Grand Nancy    <\/p><\/blockquote>\n<p class=\" wall-content\">\u00ab\u2009Les <strong>entreprises ont \u00e9t\u00e9 recrut\u00e9es et le march\u00e9 a \u00e9t\u00e9 sign\u00e9<\/strong>, mais il faut maintenant que<strong> l\u2019\u00c9tat signe l\u2019acte de vente du terrain<\/strong>, compl\u00e8te le maire. Je pense que le fond du probl\u00e8me est assez simple, le minist\u00e8re de la Justice passe un certain nombre de ses projets au rabot et <strong>les moyens ont \u00e9t\u00e9 mis en priorit\u00e9 sur les centres p\u00e9nitentiaires<\/strong>\u2009\u00bb, a-t-il termin\u00e9.<\/p>\n<p class=\" wall-content\">Personnalisez votre actualit\u00e9 en ajoutant vos villes et m\u00e9dias en favori avec <a href=\"https:\/\/moncompte.actu.fr\" title=\"D\u00e9couvez Mon Actu\" rel=\"nofollow noopener\" data-trk=\"{&quot;cta&quot;:{&quot;action&quot;:&quot;https:\\\/\\\/moncompte.actu.fr&quot;,&quot;category&quot;:&quot;mon compte&quot;,&quot;from&quot;:&quot;article footer&quot;,&quot;name&quot;:&quot;Mon actu&quot;,&quot;type&quot;:&quot;cta&quot;}}\" target=\"_blank\">Mon Actu<\/a>.<\/p>\n","protected":false},"excerpt":{"rendered":"Par Amandine Mehl Publi\u00e9 le 5 sept. 2025 \u00e0 18h59 Alors que les municipales 2026 approchent, les groupes&hellip;\n","protected":false},"author":2,"featured_media":368725,"comment_status":"","ping_status":"","sticky":false,"template":"","format":"standard","meta":{"footnotes":""},"categories":[9635],"tags":[1111,11,9665,4188,1777,674,1011,27,775,50317,14606,1702,12,316,25],"class_list":{"0":"post-368724","1":"post","2":"type-post","3":"status-publish","4":"format-standard","5":"has-post-thumbnail","7":"category-nancy","8":"tag-actu","9":"tag-actualites","10":"tag-cite-judiciaire","11":"tag-elections-municipales","12":"tag-eu","13":"tag-europe","14":"tag-fr","15":"tag-france","16":"tag-grand-est","17":"tag-laurent-henart","18":"tag-mathieu-klein","19":"tag-nancy","20":"tag-news","21":"tag-politique","22":"tag-republique-francaise"},"share_on_mastodon":{"url":"https:\/\/pubeurope.com\/@fr\/115152995255142017","error":""},"_links":{"self":[{"href":"https:\/\/www.europesays.com\/fr\/wp-json\/wp\/v2\/posts\/368724","targetHints":{"allow":["GET"]}}],"collection":[{"href":"https:\/\/www.europesays.com\/fr\/wp-json\/wp\/v2\/posts"}],"about":[{"href":"https:\/\/www.europesays.com\/fr\/wp-json\/wp\/v2\/types\/post"}],"author":[{"embeddable":true,"href":"https:\/\/www.europesays.com\/fr\/wp-json\/wp\/v2\/users\/2"}],"replies":[{"embeddable":true,"href":"https:\/\/www.europesays.com\/fr\/wp-json\/wp\/v2\/comments?post=368724"}],"version-history":[{"count":0,"href":"https:\/\/www.europesays.com\/fr\/wp-json\/wp\/v2\/posts\/368724\/revisions"}],"wp:featuredmedia":[{"embeddable":true,"href":"https:\/\/www.europesays.com\/fr\/wp-json\/wp\/v2\/media\/368725"}],"wp:attachment":[{"href":"https:\/\/www.europesays.com\/fr\/wp-json\/wp\/v2\/media?parent=368724"}],"wp:term":[{"taxonomy":"category","embeddable":true,"href":"https:\/\/www.europesays.com\/fr\/wp-json\/wp\/v2\/categories?post=368724"},{"taxonomy":"post_tag","embeddable":true,"href":"https:\/\/www.europesays.com\/fr\/wp-json\/wp\/v2\/tags?post=368724"}],"curies":[{"name":"wp","href":"https:\/\/api.w.org\/{rel}","templated":true}]}}