{"id":368726,"date":"2025-09-05T18:00:10","date_gmt":"2025-09-05T18:00:10","guid":{"rendered":"https:\/\/www.europesays.com\/fr\/368726\/"},"modified":"2025-09-05T18:00:10","modified_gmt":"2025-09-05T18:00:10","slug":"policier-retrouve-mort-pieds-et-poings-lies-a-toulon-une-noyade-sans-traces-de-lintervention-dun-tiers-revele-lautopsie","status":"publish","type":"post","link":"https:\/\/www.europesays.com\/fr\/368726\/","title":{"rendered":"Policier retrouv\u00e9 mort pieds et poings li\u00e9s \u00e0 Toulon: \u00ab\u00a0une noyade sans traces de l\u2019intervention d\u2019un tiers\u00a0\u00bb, r\u00e9v\u00e8le l&rsquo;autopsie"},"content":{"rendered":"<p>L\u2019hypoth\u00e8se du suicide se renforce dans l\u2019enqu\u00eate ouverte apr\u00e8s la d\u00e9couverte, <a href=\"https:\/\/www.varmatin.com\/faits-divers\/le-corps-d-un-policier-retrouve-pieds-et-poings-lies-au-pied-d-une-falaise-a-toulon-1000377\" rel=\"nofollow noopener\" target=\"_blank\">ce mercredi<\/a>, du corps d\u2019un policier d\u00e9rivant dans les eaux de l\u2019anse Magaud \u00e0 Toulon. Georges B. avait les mains menott\u00e9es dans le dos et les chevilles entrav\u00e9es par des liens en plastique quand il a \u00e9t\u00e9 retrouv\u00e9 (nos \u00e9ditions pr\u00e9c\u00e9dentes).<\/p>\n<p>L\u2019autopsie r\u00e9alis\u00e9e ce vendredi \u00e0 Marseille conclut \u00e0 \u00ab\u00a0un d\u00e9c\u00e8s par noyade sans traces de l\u2019intervention d\u2019un tiers\u00a0\u00bb, a annonc\u00e9 Samuel Finielz, procureur de la R\u00e9publique de Toulon. \u00ab\u00a0Les autres investigations effectu\u00e9es depuis mercredi corroborent l\u2019hypoth\u00e8se du suicide\u00a0\u00bb, a ajout\u00e9 le magistrat.<\/p>\n<p>Des indices concordants<\/p>\n<p>Georges B. \u00e9tait policier \u00e0 l\u2019Office antistup\u00e9fiants (Ofast) en r\u00e9gion parisienne. Selon nos informations, sa disparition avait \u00e9t\u00e9 signal\u00e9e ce mercredi dans un commissariat de la capitale.<\/p>\n<p>Les causes envisag\u00e9es pour expliquer un passage \u00e0 l\u2019acte de ce p\u00e8re de famille, qui avait des attaches dans le Var, seraient d\u2019ordre priv\u00e9. Une <a href=\"https:\/\/www.varmatin.com\/faits-divers\/mort-d-un-policier-pieds-et-poings-lies-a-toulon-pourquoi-la-piste-du-suicide-est-privilegiee-1000566\" rel=\"nofollow noopener\" target=\"_blank\">rupture sentimentale<\/a> et des \u00e9crits ont notamment \u00e9t\u00e9 \u00e9voqu\u00e9s par diff\u00e9rentes sources polici\u00e8res.<\/p>\n","protected":false},"excerpt":{"rendered":"L\u2019hypoth\u00e8se du suicide se renforce dans l\u2019enqu\u00eate ouverte apr\u00e8s la d\u00e9couverte, ce mercredi, du corps d\u2019un policier d\u00e9rivant&hellip;\n","protected":false},"author":2,"featured_media":368727,"comment_status":"","ping_status":"","sticky":false,"template":"","format":"standard","meta":{"footnotes":""},"categories":[9619],"tags":[1111,11,1777,674,118,1011,27,12,882,25,2310],"class_list":{"0":"post-368726","1":"post","2":"type-post","3":"status-publish","4":"format-standard","5":"has-post-thumbnail","7":"category-toulon","8":"tag-actu","9":"tag-actualites","10":"tag-eu","11":"tag-europe","12":"tag-faits-divers","13":"tag-fr","14":"tag-france","15":"tag-news","16":"tag-provence-alpes-cote-dazur","17":"tag-republique-francaise","18":"tag-toulon"},"share_on_mastodon":{"url":"https:\/\/pubeurope.com\/@fr\/115152999177435317","error":""},"_links":{"self":[{"href":"https:\/\/www.europesays.com\/fr\/wp-json\/wp\/v2\/posts\/368726","targetHints":{"allow":["GET"]}}],"collection":[{"href":"https:\/\/www.europesays.com\/fr\/wp-json\/wp\/v2\/posts"}],"about":[{"href":"https:\/\/www.europesays.com\/fr\/wp-json\/wp\/v2\/types\/post"}],"author":[{"embeddable":true,"href":"https:\/\/www.europesays.com\/fr\/wp-json\/wp\/v2\/users\/2"}],"replies":[{"embeddable":true,"href":"https:\/\/www.europesays.com\/fr\/wp-json\/wp\/v2\/comments?post=368726"}],"version-history":[{"count":0,"href":"https:\/\/www.europesays.com\/fr\/wp-json\/wp\/v2\/posts\/368726\/revisions"}],"wp:featuredmedia":[{"embeddable":true,"href":"https:\/\/www.europesays.com\/fr\/wp-json\/wp\/v2\/media\/368727"}],"wp:attachment":[{"href":"https:\/\/www.europesays.com\/fr\/wp-json\/wp\/v2\/media?parent=368726"}],"wp:term":[{"taxonomy":"category","embeddable":true,"href":"https:\/\/www.europesays.com\/fr\/wp-json\/wp\/v2\/categories?post=368726"},{"taxonomy":"post_tag","embeddable":true,"href":"https:\/\/www.europesays.com\/fr\/wp-json\/wp\/v2\/tags?post=368726"}],"curies":[{"name":"wp","href":"https:\/\/api.w.org\/{rel}","templated":true}]}}