{"id":368728,"date":"2025-09-05T18:01:13","date_gmt":"2025-09-05T18:01:13","guid":{"rendered":"https:\/\/www.europesays.com\/fr\/368728\/"},"modified":"2025-09-05T18:01:13","modified_gmt":"2025-09-05T18:01:13","slug":"policier-retrouve-mort-a-toulon-les-resultats-de-lautopsie-confirment-la-these-du-suicide","status":"publish","type":"post","link":"https:\/\/www.europesays.com\/fr\/368728\/","title":{"rendered":"Policier retrouv\u00e9 mort \u00e0 Toulon : les r\u00e9sultats de l\u2019autopsie confirment la th\u00e8se du suicide"},"content":{"rendered":"<p>Le procureur de Toulon confirme que le policier retrouv\u00e9 mort \u00e0 l\u2019anse Magaud s\u2019est noy\u00e9, sans intervention ext\u00e9rieure, privil\u00e9giant la th\u00e8se du suicide.<\/p>\n<p><img fetchpriority=\"high\" decoding=\"async\" width=\"640\" height=\"480\" alt=\"policier retrouv\u00e9 mort anse Magaud Toulon plages La Garde Magaud San Peyre baignade stationnement\" title=\"OLYMPUS DIGITAL CAMERA\" src=\"https:\/\/www.europesays.com\/fr\/wp-content\/uploads\/2025\/09\/plage.webp.webp\" class=\"img-responsive wp-image-69385\"\/><\/p>\n<p>La mer \u2013 CREDIT : Wikim\u00e9dia Commons<\/p>\n<p>Un drame survenu le 3 septembre \u00e0 l\u2019<a href=\"https:\/\/www.varactu.fr\/decouverte-macabre-a-lanse-magaud-a-toulon-ce-mercredi-matin\/\" target=\"_blank\" rel=\"noopener nofollow\">anse Magaud \u00e0 Toulon<\/a> a trouv\u00e9 de nouveaux \u00e9clairages apr\u00e8s les r\u00e9sultats de l\u2019autopsie qui nous ont \u00e9t\u00e9 communiqu\u00e9s ce vendredi en fin d\u2019apr\u00e8s-midi par le procureur \u2026<\/p>\n<p>Lire la suite dans l\u2019article <a href=\"https:\/\/www.varactu.fr\/policier-retrouve-mort-a-toulon-les-resultats-de-lautopsie-confirment-la-these-du-suicide\/\" rel=\"nofollow noopener\" target=\"_blank\">Policier retrouv\u00e9 mort \u00e0 Toulon : les r\u00e9sultats de l\u2019autopsie confirment la th\u00e8se du suicide<\/a> qui est apparu en premier sur <a href=\"https:\/\/www.varactu.fr\" rel=\"nofollow noopener\" target=\"_blank\">Var Actu<\/a>.<\/p>\n","protected":false},"excerpt":{"rendered":"Le procureur de Toulon confirme que le policier retrouv\u00e9 mort \u00e0 l\u2019anse Magaud s\u2019est noy\u00e9, sans intervention ext\u00e9rieure,&hellip;\n","protected":false},"author":2,"featured_media":368729,"comment_status":"","ping_status":"","sticky":false,"template":"","format":"standard","meta":{"footnotes":""},"categories":[9619],"tags":[1111,11,1777,674,1011,27,12,882,25,2310],"class_list":{"0":"post-368728","1":"post","2":"type-post","3":"status-publish","4":"format-standard","5":"has-post-thumbnail","7":"category-toulon","8":"tag-actu","9":"tag-actualites","10":"tag-eu","11":"tag-europe","12":"tag-fr","13":"tag-france","14":"tag-news","15":"tag-provence-alpes-cote-dazur","16":"tag-republique-francaise","17":"tag-toulon"},"share_on_mastodon":{"url":"https:\/\/pubeurope.com\/@fr\/115153003196487119","error":""},"_links":{"self":[{"href":"https:\/\/www.europesays.com\/fr\/wp-json\/wp\/v2\/posts\/368728","targetHints":{"allow":["GET"]}}],"collection":[{"href":"https:\/\/www.europesays.com\/fr\/wp-json\/wp\/v2\/posts"}],"about":[{"href":"https:\/\/www.europesays.com\/fr\/wp-json\/wp\/v2\/types\/post"}],"author":[{"embeddable":true,"href":"https:\/\/www.europesays.com\/fr\/wp-json\/wp\/v2\/users\/2"}],"replies":[{"embeddable":true,"href":"https:\/\/www.europesays.com\/fr\/wp-json\/wp\/v2\/comments?post=368728"}],"version-history":[{"count":0,"href":"https:\/\/www.europesays.com\/fr\/wp-json\/wp\/v2\/posts\/368728\/revisions"}],"wp:featuredmedia":[{"embeddable":true,"href":"https:\/\/www.europesays.com\/fr\/wp-json\/wp\/v2\/media\/368729"}],"wp:attachment":[{"href":"https:\/\/www.europesays.com\/fr\/wp-json\/wp\/v2\/media?parent=368728"}],"wp:term":[{"taxonomy":"category","embeddable":true,"href":"https:\/\/www.europesays.com\/fr\/wp-json\/wp\/v2\/categories?post=368728"},{"taxonomy":"post_tag","embeddable":true,"href":"https:\/\/www.europesays.com\/fr\/wp-json\/wp\/v2\/tags?post=368728"}],"curies":[{"name":"wp","href":"https:\/\/api.w.org\/{rel}","templated":true}]}}