{"id":368730,"date":"2025-09-05T18:02:18","date_gmt":"2025-09-05T18:02:18","guid":{"rendered":"https:\/\/www.europesays.com\/fr\/368730\/"},"modified":"2025-09-05T18:02:18","modified_gmt":"2025-09-05T18:02:18","slug":"pour-recruter-un-benevole-la-qualite-humaine-prime-900-associations-reunies-ce-dimanche-a-montpellier","status":"publish","type":"post","link":"https:\/\/www.europesays.com\/fr\/368730\/","title":{"rendered":"\u00ab\u00a0Pour recruter un b\u00e9n\u00e9vole, la qualit\u00e9 humaine prime\u00a0\u00bb\u00a0: 900 associations r\u00e9unies ce dimanche \u00e0 Montpellier"},"content":{"rendered":"<p>\n                                                                Pr\u00e8s de 900 associations sportives, culturelles et solidaires vous accueillent ce dimanche 7\u00a0septembre \u00e0 Antigone. Beaucoup d\u2019entre elles recherchent des b\u00e9n\u00e9voles en permanence.\n                            <\/p>\n<p>Se sentir utile et exercer dans un cadre convivial. Ce sont les moteurs de l\u2019engagement b\u00e9n\u00e9vole dans une association. Dans une soci\u00e9t\u00e9 consum\u00e9riste, le b\u00e9n\u00e9volat est presque une incongruit\u00e9. Et s\u2019il r\u00e9gresse dans sa globalit\u00e9, il garde une force \u00e9tonnante. L\u2019Antigone des associations, qui a lieu ce dimanche 7\u00a0septembre, est le t\u00e9moin de cette grande vitalit\u00e9. Rencontre avec les dirigeants de trois associations montpelli\u00e9raines.<\/p>\n<p>Chez les Funny Riders, \u00e7a roule pour les b\u00e9n\u00e9voles<\/p>\n<p>S\u2019il y a une association qui n\u2019a pas de probl\u00e8me de b\u00e9n\u00e9voles, c\u2019est bien celle des Montpellier Funny Riders. \u00ab\u00a0On en a une vingtaine de tr\u00e8s actifs, mais ils sont en r\u00e9alit\u00e9 beaucoup plus nombreux\u00a0\u00bb, t\u00e9moigne le pr\u00e9sident Bernard Montiel.<\/p>\n<p>\u00ab\u00a0On a mis en place une adh\u00e9sion enfant-adulte pour 160\u00a0\u20ac, avec deux licences. Les g\u00e9n\u00e9rations se retrouvent \u00e0 faire du roller ensemble. Il n\u2019y a pas beaucoup de sports o\u00f9 \u00e7a se passe comme \u00e7a\u00a0!\u00a0\u00bb<\/p>\n<p>\u00ab\u00a0Si les adh\u00e9rents deviennent b\u00e9n\u00e9voles, c\u2019est d\u2019abord parce qu\u2019ils ont du plaisir \u00e0 se retrouver. Le ma\u00eetre mot, c\u2019est la convivialit\u00e9\u00a0! Pour recruter un b\u00e9n\u00e9vole, la qualit\u00e9 humaine prime sur tout le reste.\u00a0\u00bb<\/p>\n<p>Si \u00ab\u00a0la moyenne d\u2019\u00e2ge de nos\u00a0120 adh\u00e9rents est de 29 ans, cela va de 4 \u00e0 77 ans\u00a0! La plupart des b\u00e9n\u00e9voles ont entre 30 et 60 ans. Je me bats aussi pour la parit\u00e9, beaucoup de femmes s\u2019investissent.\u00a0\u00bb Le club compte m\u00eame une championne du monde dans ses rangs, aujourd\u2019hui chez les v\u00e9t\u00e9rans.<\/p>\n<p>Ancien responsable chez Decathlon pendant vingt ans, Bernard Montiel a cofond\u00e9 le club en 1996. \u00ab\u00a0J\u2019aimerais passer le relais de la pr\u00e9sidence, mais je prends tellement de plaisir \u00e0 la salle et en d\u00e9placement\u2026\u00a0\u00bb\u00a0Une grande date se profile d\u00e9j\u00e0\u00a0: les trente ans du club, en 2026.<\/p>\n<p>En attendant le club organisera deux journ\u00e9es portes ouvertes \u00e0 la salle Albert-Batteux, \u00e0 Garosud, les dimanches 14 et 21\u00a0septembre, de 9\u00a0h\u00a030 \u00e0 12\u00a0h\u00a030.<\/p>\n<p>        <img decoding=\"async\" class=\"std-img__img responsive-img\" src=\"https:\/\/www.europesays.com\/fr\/wp-content\/uploads\/2025\/09\/1757095337_196_image.jpg\" alt=\"Chez les Montpellier Funny Riders, toutes les g\u00e9n\u00e9rations font du roller ensemble.\"\/><\/p>\n<p>                Chez les Montpellier Funny Riders, toutes les g\u00e9n\u00e9rations font du roller ensemble.<br \/>\n                                    DR &#8211; MFR<\/p>\n<p>    Marie-Odile Prieur (Agir ABCD 34)\u00a0: \u00ab\u00a0Travailler sur la fid\u00e9lisation\u00a0\u00bb<\/p>\n<p>Combien comptez-vous de b\u00e9n\u00e9voles\u00a0?<\/p>\n<p>On compte une soixantaine d\u2019adh\u00e9rents \u00e0 Agir ABCD 34, et tous sont b\u00e9n\u00e9voles\u00a0! Nous ne comptons en effet aucun salari\u00e9. Nous avons des centaines de b\u00e9n\u00e9ficiaires et nous recherchons donc des b\u00e9n\u00e9voles en permanence. Nous travaillons surtout sur la fid\u00e9lisation. Le b\u00e9n\u00e9vole doit se sentir bien pour rester dans l\u2019association. C\u2019est mon cas, puisque j\u2019\u00e9tais venue pour animer un atelier fran\u00e7ais langue \u00e9trang\u00e8re et que je suis devenue responsable.<\/p>\n<p>Y a-t-il un profil type du b\u00e9n\u00e9vole\u00a0?<\/p>\n<p>Non. Nous sommes une association de retrait\u00e9s mais nous avons aussi des actifs parmi nos b\u00e9n\u00e9voles. Ils n\u2019ont pas les m\u00eames disponibilit\u00e9s, ce qui nous oblige \u00e0 r\u00e9interroger nos pratiques. On propose \u00e0 tous des missions \u00e0 g\u00e9om\u00e9trie variable. Certains interviennent plusieurs fois par semaine, d\u2019autres de fa\u00e7on ponctuelle.<\/p>\n<p>Quel est l\u2019int\u00e9r\u00eat de l\u2019Antigone des associations\u00a0?<\/p>\n<p>Rencontrer de nouveaux b\u00e9n\u00e9voles, dialoguer avec d\u2019autres associations, et se retrouver entre adh\u00e9rents.<\/p>\n<p>Agir ABCDlutte contre toutes les formes d\u2019exclusion et facilite l\u2019insertion dans la soci\u00e9t\u00e9. Infos\u00a0: https:\/\/www.agirabcd.eu\/7<\/p>\n<p>Ce dimanche, de 14\u00a0h\u00a030 \u00e0 15\u00a0h, \u00e9change autour du b\u00e9n\u00e9volat et de l\u2019engagement associatif avec France B\u00e9n\u00e9volat-Montpellier et Agir ABCD sur le podium de la place du Nombre d\u2019Or.<\/p>\n<p>Plug n\u2019sept, pour les passionn\u00e9s d\u2019\u00e9lectro<\/p>\n<p>Parmi les associations montpelli\u00e9raines, Plug\u2019n sept est une des plus r\u00e9centes. \u00ab\u00a0Je l\u2019ai cr\u00e9\u00e9e en 2023pour valoriser la musique \u00e9lectro\u00a0\u00bb, explique Jassim Chahir, qui en est aussi le vice-pr\u00e9sident et le tr\u00e9sorier. L\u2019association ne compte qu\u2019un seul intermittent du spectacle.<\/p>\n<p>\u00ab\u00a0On s\u2019appuie sur une quinzaine de b\u00e9n\u00e9voles, mais on n\u2019en a jamais assez\u00a0! Ils donnent un coup de main \u00e0 l\u2019accueil, \u00e0 la billetterie, au bar, \u00e0 la logistique\u2026\u00a0\u00bb<\/p>\n<p>L\u2019association \u00ab\u00a0assure des formations toute l\u2019ann\u00e9e et cr\u00e9e des soir\u00e9es techno. Il y a \u00ab\u00a0le Labyrinthe\u00a0\u00bb\u00a0au M\u00e9lomane (Pr\u00e9s d\u2019Ar\u00e8nes) au printemps, et \u00ab\u00a0l\u2019Open Circus\u00a0\u00bb au Circus (\u00c9cusson) en octobre. Et on fera la deuxi\u00e8me \u00e9dition de \u00ab\u00a0We are techno\u00a0\u00bb\u00a0en mars\u00a02026.\u00a0\u00bb<\/p>\n<p>Comme pour beaucoup de petites associations, l\u2019engagement et la passion contribuent \u00e0 lutter contre les difficult\u00e9s\u00a0: \u00ab\u00a0Les frais augmentent, les cachets des artistes aussi, le public se d\u00e9place moins qu\u2019avant et vient souvent \u00e0 la derni\u00e8re minute. Tout est plus difficile qu\u2019avant\u2026\u00a0\u00bb<\/p>\n<p>        <img decoding=\"async\" class=\"std-img__img responsive-img\" src=\"https:\/\/www.europesays.com\/fr\/wp-content\/uploads\/2025\/09\/1757095338_796_image.jpg\" alt=\"La foule est attendue ce dimanche 7\u00a0septembre \u00e0 Antigone.\"\/><\/p>\n<p>                La foule est attendue ce dimanche 7\u00a0septembre \u00e0 Antigone.<br \/>\n                                    Midi Libre &#8211; RICHARD DE HULLESSEN<\/p>\n<p>    Un dimanche tr\u00e8s anim\u00e9 \u00e0 Antigone<\/p>\n<p>D\u00e9monstrations<\/p>\n<p>Podiums de d\u00e9monstrations sur la place du Nombre d\u2019or, l\u2019Esplanade de l\u2019Europe et le quai du Pir\u00e9e\u00a0; animations \u00ab\u00a0familles\u00a0\u00bb propos\u00e9es par les Maisons pour tous, place du Nombre d\u2019Or.<\/p>\n<p>Halte<\/p>\n<p>Halte d\u2019\u00e9changes et d\u2019activit\u00e9s pour les familles au sein de la garderie la Coupole, place Zeus<\/p>\n<p>Pr\u00e9vention routi\u00e8re<\/p>\n<p>Sensibilisation par la Ligue contre la violence routi\u00e8re, all\u00e9e Delos, et la police municipale, place Dionysos<\/p>\n<p>Sports et loisirs<\/p>\n<p>Initiations propos\u00e9es par une vingtaine d\u2019associations, esplanade de l\u2019Europe<\/p>\n<p>Temps forts<\/p>\n<p>9\u00a0h\u00a045\u00a0: d\u00e9ambulation avec Bakchich fanfare<br \/>11\u00a0h\u00a0: Inauguration<br \/>15\u00a0h-16\u00a0h\u00a0: \u00e9change autour de l\u2019engagement associatif et de parcours sportifs avec les associations\u00a0: Attitude, Comit\u00e9 d\u00e9partemental de Randonn\u00e9e P\u00e9destre, association du docteur Mickael Bekri Benchortane, Montpellier Impact Krav Maga, Montpellier Club Handisport et Montpellier M\u00e9diterran\u00e9e M\u00e9tropole Sports de Glace, sur le podium, place de l\u2019Europe<\/p>\n<p>Toutes les informations sur\u00a0: https:\/\/antigonedesassociations.montpellier.fr\/<\/p>\n<p>Graines d\u2019engagement chez les Semeurs de jardins<\/p>\n<p>\u00c0 Montpellier, on peut louer des parcelles d\u00e9di\u00e9es au jardinage. Ce sont les jardins familiaux. Les premiers ont vu le jour \u00e0 Malbosc, en 2004. Depuis, des jardins partag\u00e9s sont \u00e9galement sortis de terre un peu partout \u00e0 Montpellier. La diff\u00e9rence, c\u2019est qu\u2019il n\u2019y a plus de parcelle individuelle, tout est collectif.<\/p>\n<p>\u00ab\u00a0Nous avons de plus en plus de demandes pour en cr\u00e9er\u00a0\u00bb, explique Alain Del Vecchio, cofondateur et coordinateur des \u00ab\u00a0Semeurs de jardins\u00a0\u00bb. Cette association n\u00e9e en 2015 a pour but \u00ab\u00a0d\u2019animer tous types de jardins g\u00e9r\u00e9s collectivement\u00a0\u00bb.<\/p>\n<p>L\u2019association constitue le relais local du R\u00e9seau national des jardins partag\u00e9s, le Jardin dans tous ses \u00e9tats.<br \/>\u00ab\u00a0\u00c0 Montpellier, deux tr\u00e8s grandes parcelles de jardins familiaux ont vu le jour, \u00e0 Malbosc et au Mas Nouguier. Nous plantons aussi des bosquets fruitiers.\u00a0\u00bb<\/p>\n<p>\u00ab\u00a0Une dizaine de b\u00e9n\u00e9voles, dont trois-quatre tr\u00e8s engag\u00e9s, se chargent des plantations, mais aussi du compostage, du travail avec les scolaires\u2026 La formation des jardiniers est assur\u00e9e lors d\u2019ateliers avec des intervenants professionnels.\u00a0\u00bb<\/p>\n<p>Demain, les Semeurs de jardins essaieront de semer des graines de b\u00e9n\u00e9voles au Festival de la tomate, \u00e0 Clapiers.<\/p>\n<blockquote class=\"wp-embedded-content\" data-secret=\"18wEadK76i\"><p><a href=\"https:\/\/semeursdejardins34.wordpress.com\/\" rel=\"nofollow noopener\" target=\"_blank\">Accueil<\/a><\/p><\/blockquote>\n<p><iframe loading=\"lazy\" class=\"wp-embedded-content\" sandbox=\"allow-scripts\" security=\"restricted\" style=\"position: absolute; visibility: hidden;\" title=\"&laquo;&nbsp;Accueil&nbsp;&raquo; &#8212; Le R\u00e9seau des Semeurs de Jardins\" src=\"https:\/\/semeursdejardins34.wordpress.com\/embed\/#?secret=cphxNnkG7Q#?secret=18wEadK76i\" data-secret=\"18wEadK76i\" width=\"600\" height=\"338\" frameborder=\"0\" marginwidth=\"0\" marginheight=\"0\" scrolling=\"no\"><\/iframe><\/p>\n","protected":false},"excerpt":{"rendered":"Pr\u00e8s de 900 associations sportives, culturelles et solidaires vous accueillent ce dimanche 7\u00a0septembre \u00e0 Antigone. Beaucoup d\u2019entre elles&hellip;\n","protected":false},"author":2,"featured_media":368731,"comment_status":"","ping_status":"","sticky":false,"template":"","format":"standard","meta":{"footnotes":""},"categories":[9599],"tags":[1111,11,1777,674,1011,27,2208,12,2680,25],"class_list":{"0":"post-368730","1":"post","2":"type-post","3":"status-publish","4":"format-standard","5":"has-post-thumbnail","7":"category-montpellier","8":"tag-actu","9":"tag-actualites","10":"tag-eu","11":"tag-europe","12":"tag-fr","13":"tag-france","14":"tag-montpellier","15":"tag-news","16":"tag-occitanie","17":"tag-republique-francaise"},"share_on_mastodon":{"url":"https:\/\/pubeurope.com\/@fr\/115153007166305419","error":""},"_links":{"self":[{"href":"https:\/\/www.europesays.com\/fr\/wp-json\/wp\/v2\/posts\/368730","targetHints":{"allow":["GET"]}}],"collection":[{"href":"https:\/\/www.europesays.com\/fr\/wp-json\/wp\/v2\/posts"}],"about":[{"href":"https:\/\/www.europesays.com\/fr\/wp-json\/wp\/v2\/types\/post"}],"author":[{"embeddable":true,"href":"https:\/\/www.europesays.com\/fr\/wp-json\/wp\/v2\/users\/2"}],"replies":[{"embeddable":true,"href":"https:\/\/www.europesays.com\/fr\/wp-json\/wp\/v2\/comments?post=368730"}],"version-history":[{"count":0,"href":"https:\/\/www.europesays.com\/fr\/wp-json\/wp\/v2\/posts\/368730\/revisions"}],"wp:featuredmedia":[{"embeddable":true,"href":"https:\/\/www.europesays.com\/fr\/wp-json\/wp\/v2\/media\/368731"}],"wp:attachment":[{"href":"https:\/\/www.europesays.com\/fr\/wp-json\/wp\/v2\/media?parent=368730"}],"wp:term":[{"taxonomy":"category","embeddable":true,"href":"https:\/\/www.europesays.com\/fr\/wp-json\/wp\/v2\/categories?post=368730"},{"taxonomy":"post_tag","embeddable":true,"href":"https:\/\/www.europesays.com\/fr\/wp-json\/wp\/v2\/tags?post=368730"}],"curies":[{"name":"wp","href":"https:\/\/api.w.org\/{rel}","templated":true}]}}