{"id":368737,"date":"2025-09-05T18:05:24","date_gmt":"2025-09-05T18:05:24","guid":{"rendered":"https:\/\/www.europesays.com\/fr\/368737\/"},"modified":"2025-09-05T18:05:24","modified_gmt":"2025-09-05T18:05:24","slug":"municipales-2026-le-maire-de-rouen-nicolas-mayer-rossignol-na-pas-encore-pris-sa-decision","status":"publish","type":"post","link":"https:\/\/www.europesays.com\/fr\/368737\/","title":{"rendered":"Municipales 2026 : Le maire de Rouen Nicolas Mayer-Rossignol n&rsquo;a pas encore pris sa d\u00e9cision"},"content":{"rendered":"<p>Nicolas Mayer-Rossignol tenait ce vendredi matin sa conf\u00e9rence de presse de rentr\u00e9e, l&rsquo;occasion de dresser un bilan \u00e0 quelques mois de la fin de son mandat. Interrog\u00e9 sur sa candidature aux prochaines \u00e9lections municipales, le maire de Rouen a indiqu\u00e9 ne pas encore avoir pris sa d\u00e9cision.<\/p>\n<p>C&rsquo;est aussi la rentr\u00e9e pour les femmes et les hommes politiques cette semaine. Le maire de Rouen et pr\u00e9sident de la m\u00e9tropole, Nicolas Mayer Rossignol, a tenu une conf\u00e9rence de presse de rentr\u00e9e ce vendredi matin, \u00e0 la Civette Saint-Julien, un caf\u00e9 dans le quartier Saint-Julien rive gauche. En quelque sorte un bilan de fin de mandat avant l&rsquo;heure. Il a \u00e9t\u00e9 question des finances de la ville de Rouen et de la m\u00e9tropole, des derniers chantiers et travaux en cours de r\u00e9alisation, et de s\u00e9curit\u00e9 notamment.<\/p>\n<p>Plus de policiers municipaux et plus de cam\u00e9ras<\/p>\n<p>Une quinzaine de policiers municipaux ont \u00e9t\u00e9 recrut\u00e9s durant le mandat (s&rsquo;ajoutant \u00e0 la cinquantaine d\u00e9j\u00e0 d\u00e9ploy\u00e9s en 2020), et <strong>6 autres policiers municipaux vont \u00eatre recrut\u00e9s<\/strong>. Sans compter le nombre de cam\u00e9ras de vid\u00e9oprotection, qui a tripl\u00e9 en 5 ans, passant <strong>de 40 cam\u00e9ras \u00e0 120 cam\u00e9ras \u00e0 Rouen.<\/strong><\/p>\n<p>loading<\/p>\n<p>\u00ab\u00a0Dans ce mandat on a tripl\u00e9 le nombre de cam\u00e9ras. Il y en avait une quarantaine, maintenant il y en a plus de 120 sur Rouen. Je pense que c&rsquo;est tr\u00e8s important et que la s\u00e9curit\u00e9, c&rsquo;est un enjeu de qualit\u00e9 de vie au quotidien et notamment dans les quartiers populaires et pour les personnes qui ont les revenus, les conditions de vie les plus fragiles, les plus modestes. Donc c&rsquo;est une priorit\u00e9. On a tripl\u00e9 les cam\u00e9ras, on a aussi augment\u00e9 les effectifs de police. L\u00e0, on annonce des recrutements suppl\u00e9mentaires. On en avait d\u00e9j\u00e0 recrut\u00e9 de nouveaux pour cr\u00e9er la brigade de nuit qui fonctionne maintenant, une brigade cynophile avec un chien, une chienne en l&rsquo;occurrence. Et l\u00e0, on recrute encore six nouveaux effectifs dans notre direction de la police municipale. Et on est en train, les travaux ont commenc\u00e9, de cr\u00e9er un nouveau poste de police municipale du c\u00f4t\u00e9 de Saint-Sever. Apr\u00e8s, la police nationale ne d\u00e9pend pas de la mairie. Nous, on fait tout ce qu&rsquo;on peut dans la limite de la police municipale. La police nationale, on le sait, sur l&rsquo;arrondissement de Rouen, il manque une centaine de policiers nationaux.\u00a0\u00bb<\/p>\n<p>Des transformations sur la rive gauche de Rouen<\/p>\n<p>Le maire de Rouen avait choisi un \u00e9tablissement du quartier Saint-Julien de Rouen pour cette conf\u00e9rence de presse de rentr\u00e9e. L&rsquo;occasion de mettre en avant les changements op\u00e9r\u00e9s dans plusieurs secteurs de la rive gauche.<\/p>\n<p>loading<\/p>\n<p>\u00ab\u00a0Si vous prenez le boulevard de l&rsquo;Europe, avant, c&rsquo;\u00e9tait impossible de se d\u00e9placer en v\u00e9lo sur le boulevard de l&rsquo;Europe, aujourd&rsquo;hui, vous avez une des meilleures pistes cyclables de toute la m\u00e9tropole. Je pourrais vous parler de la place place Gadeau de Kerville, du Jardin Saint-Sever, de la rue Saint-Sever qui est encore en travaux, du boulevard d&rsquo;Orl\u00e9ans, qui \u00e9tait un quartier un peu mal connu, pas forc\u00e9ment tr\u00e8s attractif, qui aujourd&rsquo;hui est ouvert, magnifique. Vous avez les travaux sur le boulevard Cl\u00e9menceau, vous avez le quartier Flaubert, vous avez le parc Canal qui est devenu un lieu de promenade avec derri\u00e8re la presqu&rsquo;\u00eele Rollet vraiment tr\u00e8s pris\u00e9e. Et c&rsquo;est vrai que c&rsquo;est une grande fiert\u00e9 pour nous. Parfois, les habitants de la rive gauche nous le disaient, ils avaient le sentiment d&rsquo;\u00eatre un peu d\u00e9laiss\u00e9s par rapport \u00e0 la rive droite. On a mis des activit\u00e9s nouvelles, des choses symboliques mais qui sont importantes. Et les gens red\u00e9couvrent aussi la rive gauche, le quartier du Jardin des Plantes, l&rsquo;avenue des Martyrs de la R\u00e9sistance, c&rsquo;est un quartier tr\u00e8s sympathique, tr\u00e8s agr\u00e9able. Le quartier Saint-Julien, quartier sympathique, tr\u00e8s agr\u00e9able, tr\u00e8s vivant. Bien s\u00fbr qu&rsquo;il y a des difficult\u00e9s, mais il y a aussi plein d&rsquo;atouts et plein de richesses.\u00a0\u00bb<\/p>\n<p>Nicolas Mayer-Rossignol sera t-il candidat \u00e0 sa r\u00e9\u00e9lection\u00a0?<\/p>\n<p>Nicolas Mayer-Rossignol <strong>ne sait pas s&rsquo;il sera candidat aux \u00e9lections municipales<\/strong> de mars prochain. Sa d\u00e9cision n&rsquo;est pas encore prise dit-il, et l&rsquo;un des crit\u00e8res \u00e0 prendre en compte est bien s\u00fbr sa sant\u00e9. Nicolas Mayer-Rossignol a annonc\u00e9 il y a un an, en novembre 2024, <strong>souffrir d&rsquo;un cancer de la vessie<\/strong>, diagnostiqu\u00e9 en 2022. Il a subi 3 op\u00e9rations, et re\u00e7oit un traitement d&rsquo;immunoth\u00e9rapie. <strong>Un an apr\u00e8s il va bien<\/strong>, veut rassurer le maire de Rouen.<\/p>\n<p>loading<\/p>\n<p>\u00ab\u00a0Bien s\u00fbr que c&rsquo;est un \u00e9l\u00e9ment important, parce qu&rsquo;un engagement politique, c&rsquo;est aussi un engagement personnel, c&rsquo;est aussi un engagement familial et \u00e7a a des cons\u00e9quences sur la vie personnelle. Pour ce qui concerne ma sant\u00e9, j&rsquo;ai essay\u00e9 d&rsquo;\u00eatre transparent, j&rsquo;ai donn\u00e9 tous les \u00e9l\u00e9ments. Je suis toujours sous traitement immuno-th\u00e9rapeutique au C.H.U. De Rouen. J&rsquo;ai la chance d&rsquo;\u00eatre tr\u00e8s tr\u00e8s bien suivi par une \u00e9quipe vraiment extraordinaire. Les derni\u00e8res analyses sont positives, mais quand m\u00eame, ma derni\u00e8re op\u00e9ration \u00e9tait il y a \u00e0 peine plus d&rsquo;un an, en juin 2024. Elle faisait suite \u00e0 deux autres op\u00e9rations, en 2023 et 2022. Je suis pas du tout \u00e0 plaindre, mais compte tenu de cette situation, c&rsquo;est \u00e9videmment un sujet qu&rsquo;il faut suivre avec beaucoup d&rsquo;attention. J&rsquo;ai la chance d&rsquo;\u00eatre extr\u00eamement bien suivi et je vais tr\u00e8s bien, mais je suis bien s\u00fbr sous surveillance m\u00e9dicale et tant mieux. On a la chance en France d&rsquo;avoir un h\u00f4pital public de tr\u00e8s grande qualit\u00e9 et en particulier \u00e0 Rouen\u00a0\u00bb.<\/p>\n<p>Nicolas Mayer-Rossignol annonce que s&rsquo;il est candidat \u00e0 sa r\u00e9\u00e9lection, il sera candidat pour \u00eatre de nouveau maire et pr\u00e9sident de la M\u00e9tropole, pour plus d&rsquo;efficacit\u00e9 dans la prise de d\u00e9cision pour le territoire de la m\u00e9tropole de Rouen.<\/p>\n<p>\u00ab\u00a0Manifester oui, d\u00e9grader non\u00a0\u00bb<\/p>\n<p>Au niveau national, un mouvement citoyen baptis\u00e9 \u00ab\u00a0Bloquons tout\u00a0\u00bb, appelle \u00e0 bloquer le pays mercredi prochain, le 10 septembre, pour protester contre les mesures de 44 milliards d&rsquo;euros d&rsquo;\u00e9conomies annonc\u00e9es par le gouvernement. Interrog\u00e9 sur le sujet, Nicolas Mayer-Rossignol <strong>soutient la libert\u00e9 de manifester mais appelle au respect des biens publics.<\/strong><\/p>\n<p>loading<\/p>\n<p>\u00ab\u00a0Ma ligne, elle est simple\u00a0: manifester oui, d\u00e9grader non. La libert\u00e9 d&rsquo;expression est importante, je comprends qu&rsquo;il y ait une col\u00e8re forte vis \u00e0 vis des mesures qui sont des mesures injustes dans le budget de Fran\u00e7ois Bayrou et plus largement dans la politique que m\u00e8ne Emmanuel Macron depuis 2017. Ce qui caract\u00e9rise cette politique, c&rsquo;est l&rsquo;injustice. Et donc il ne faut pas s&rsquo;\u00e9tonner que des Fran\u00e7ais et des Fran\u00e7aises manifestent leur col\u00e8re contre cette injustice. La col\u00e8re, elle vient de ce sentiment d&rsquo;injustice et c&rsquo;est une r\u00e9alit\u00e9, injustice notamment sur la fiscalit\u00e9 et sur les choix budg\u00e9taires. Mais quand vous d\u00e9gradez l&rsquo;espace public, Emmanuel Macron il s&rsquo;en fiche, qui est ce que \u00e7a p\u00e9nalise\u00a0? \u00c7a p\u00e9nalise les habitants, \u00e7a vous p\u00e9nalise vous-m\u00eame et notamment dans les quartiers populaires, mais toute la ville, parce que derri\u00e8re, \u00e7a veut dire r\u00e9parer les abribus, r\u00e9parer les poubelles. Donc manifester, oui, c&rsquo;est la libert\u00e9 d&rsquo;expression, on a cette chance en France. D\u00e9grader, non\u00a0\u00bb.<\/p>\n","protected":false},"excerpt":{"rendered":"Nicolas Mayer-Rossignol tenait ce vendredi matin sa conf\u00e9rence de presse de rentr\u00e9e, l&rsquo;occasion de dresser un bilan \u00e0&hellip;\n","protected":false},"author":2,"featured_media":368738,"comment_status":"","ping_status":"","sticky":false,"template":"","format":"standard","meta":{"footnotes":""},"categories":[9587],"tags":[1111,11,1777,674,1011,27,12,5161,25,9590],"class_list":{"0":"post-368737","1":"post","2":"type-post","3":"status-publish","4":"format-standard","5":"has-post-thumbnail","7":"category-rouen","8":"tag-actu","9":"tag-actualites","10":"tag-eu","11":"tag-europe","12":"tag-fr","13":"tag-france","14":"tag-news","15":"tag-normandie","16":"tag-republique-francaise","17":"tag-rouen"},"share_on_mastodon":{"url":"https:\/\/pubeurope.com\/@fr\/115153018802870238","error":""},"_links":{"self":[{"href":"https:\/\/www.europesays.com\/fr\/wp-json\/wp\/v2\/posts\/368737","targetHints":{"allow":["GET"]}}],"collection":[{"href":"https:\/\/www.europesays.com\/fr\/wp-json\/wp\/v2\/posts"}],"about":[{"href":"https:\/\/www.europesays.com\/fr\/wp-json\/wp\/v2\/types\/post"}],"author":[{"embeddable":true,"href":"https:\/\/www.europesays.com\/fr\/wp-json\/wp\/v2\/users\/2"}],"replies":[{"embeddable":true,"href":"https:\/\/www.europesays.com\/fr\/wp-json\/wp\/v2\/comments?post=368737"}],"version-history":[{"count":0,"href":"https:\/\/www.europesays.com\/fr\/wp-json\/wp\/v2\/posts\/368737\/revisions"}],"wp:featuredmedia":[{"embeddable":true,"href":"https:\/\/www.europesays.com\/fr\/wp-json\/wp\/v2\/media\/368738"}],"wp:attachment":[{"href":"https:\/\/www.europesays.com\/fr\/wp-json\/wp\/v2\/media?parent=368737"}],"wp:term":[{"taxonomy":"category","embeddable":true,"href":"https:\/\/www.europesays.com\/fr\/wp-json\/wp\/v2\/categories?post=368737"},{"taxonomy":"post_tag","embeddable":true,"href":"https:\/\/www.europesays.com\/fr\/wp-json\/wp\/v2\/tags?post=368737"}],"curies":[{"name":"wp","href":"https:\/\/api.w.org\/{rel}","templated":true}]}}