{"id":368743,"date":"2025-09-05T18:08:11","date_gmt":"2025-09-05T18:08:11","guid":{"rendered":"https:\/\/www.europesays.com\/fr\/368743\/"},"modified":"2025-09-05T18:08:11","modified_gmt":"2025-09-05T18:08:11","slug":"quel-est-votre-monument-prefere-en-ille-et-vilaine-a-vous-de-voter","status":"publish","type":"post","link":"https:\/\/www.europesays.com\/fr\/368743\/","title":{"rendered":"Quel est votre monument pr\u00e9f\u00e9r\u00e9 en Ille-et-Vilaine\u00a0? \u00c0 vous de voter"},"content":{"rendered":"<p>Les 42e Journ\u00e9es du Patrimoine se d\u00e9rouleront du 20 au 21 septembre 2025. \u00c0 cette occasion et comme l\u2019an pass\u00e9, Le T\u00e9l\u00e9gramme vous propose de choisir un site ou monument sur lequel vous aimeriez d\u00e9couvrir une petite histoire, une anecdote. En Ille-et-Vilaine, voici une s\u00e9lection de dix sites patrimoniaux. Celui qui recueillera le plus de votes sera l\u2019heureux \u00e9lu ! En 2024, c\u2019est <a href=\"https:\/\/www.letelegramme.fr\/ille-et-vilaine\/rennes-35000\/marie-de-la-cerda-seigneuresse-et-batisseuse-oubliee-du-chateau-de-fougeres-6664781.php\" target=\"_blank\" rel=\"noopener\">le ch\u00e2teau de Foug\u00e8res<\/a> qui avait recueilli les faveurs des internautes.<\/p>\n<p>Apr\u00e8s avoir vot\u00e9, n\u2019oubliez pas de cliquer sur \u00ab Envoyer \u00bb \u00e0 la fin du formulaire.<\/p>\n","protected":false},"excerpt":{"rendered":"Les 42e Journ\u00e9es du Patrimoine se d\u00e9rouleront du 20 au 21 septembre 2025. \u00c0 cette occasion et comme&hellip;\n","protected":false},"author":2,"featured_media":368744,"comment_status":"","ping_status":"","sticky":false,"template":"","format":"standard","meta":{"footnotes":""},"categories":[2821],"tags":[1111,11,829,251,1777,674,1011,27,848,48159,12,2551,584,25,3728],"class_list":{"0":"post-368743","1":"post","2":"type-post","3":"status-publish","4":"format-standard","5":"has-post-thumbnail","7":"category-rennes","8":"tag-actu","9":"tag-actualites","10":"tag-bretagne","11":"tag-culture","12":"tag-eu","13":"tag-europe","14":"tag-fr","15":"tag-france","16":"tag-ille-et-vilaine","17":"tag-journees-du-patrimoine","18":"tag-news","19":"tag-patrimoine","20":"tag-rennes","21":"tag-republique-francaise","22":"tag-saint-malo"},"share_on_mastodon":{"url":"https:\/\/pubeurope.com\/@fr\/115153030605485733","error":""},"_links":{"self":[{"href":"https:\/\/www.europesays.com\/fr\/wp-json\/wp\/v2\/posts\/368743","targetHints":{"allow":["GET"]}}],"collection":[{"href":"https:\/\/www.europesays.com\/fr\/wp-json\/wp\/v2\/posts"}],"about":[{"href":"https:\/\/www.europesays.com\/fr\/wp-json\/wp\/v2\/types\/post"}],"author":[{"embeddable":true,"href":"https:\/\/www.europesays.com\/fr\/wp-json\/wp\/v2\/users\/2"}],"replies":[{"embeddable":true,"href":"https:\/\/www.europesays.com\/fr\/wp-json\/wp\/v2\/comments?post=368743"}],"version-history":[{"count":0,"href":"https:\/\/www.europesays.com\/fr\/wp-json\/wp\/v2\/posts\/368743\/revisions"}],"wp:featuredmedia":[{"embeddable":true,"href":"https:\/\/www.europesays.com\/fr\/wp-json\/wp\/v2\/media\/368744"}],"wp:attachment":[{"href":"https:\/\/www.europesays.com\/fr\/wp-json\/wp\/v2\/media?parent=368743"}],"wp:term":[{"taxonomy":"category","embeddable":true,"href":"https:\/\/www.europesays.com\/fr\/wp-json\/wp\/v2\/categories?post=368743"},{"taxonomy":"post_tag","embeddable":true,"href":"https:\/\/www.europesays.com\/fr\/wp-json\/wp\/v2\/tags?post=368743"}],"curies":[{"name":"wp","href":"https:\/\/api.w.org\/{rel}","templated":true}]}}