{"id":368753,"date":"2025-09-05T18:13:24","date_gmt":"2025-09-05T18:13:24","guid":{"rendered":"https:\/\/www.europesays.com\/fr\/368753\/"},"modified":"2025-09-05T18:13:24","modified_gmt":"2025-09-05T18:13:24","slug":"57-ans-apres-le-crash-des-recherches-vont-etre-menees-en-mer-sur-lepave-de-la-caravelle-ajaccio-nice","status":"publish","type":"post","link":"https:\/\/www.europesays.com\/fr\/368753\/","title":{"rendered":"57 ans apr\u00e8s le crash, des recherches vont \u00eatre men\u00e9es en mer sur l&rsquo;\u00e9pave de la Caravelle Ajaccio-Nice"},"content":{"rendered":"<p>De nouvelles recherches vont \u00eatre men\u00e9es dans les prochains mois sur l&rsquo;\u00e9pave de la Caravelle Ajaccio-Nice, sinistr\u00e9e en 1968, avec l&rsquo;objectif d&rsquo;\u00e9claircir les circonstances du drame.<\/p>\n<p>L&rsquo;enqu\u00eate se poursuit, 57 ans apr\u00e8s les faits. Des recherches en mer vont \u00eatre men\u00e9es sur l&rsquo;\u00e9pave de la <a href=\"https:\/\/www.bfmtv.com\/cote-d-azur\/cela-nous-permettra-de-faire-notre-deuil-une-plongee-sur-l-epave-de-la-caravelle-ajaccio-nice-de-1968-autorisee_AV-202502210743.html\" title=\"&quot;Cela nous permettra de faire notre deuil&quot;: une plong\u00e9e sur l&#039;\u00e9pave de la Caravelle Ajaccio-Nice de 1968 autoris\u00e9e\" class=\"internal_link\" rel=\"nofollow noopener\" target=\"_blank\">Caravelle Ajaccio-Nice qui s&rsquo;est crash\u00e9e en 1968<\/a>, a appris BFM Nice C\u00f4te d&rsquo;Azur aupr\u00e8s de l&rsquo;avocat des familles de victimes, confirmant une information de <a href=\"https:\/\/www.nicematin.com\/faits-de-societe\/une-avancee-historique-57-ans-apres-le-crash-de-la-caravelle-ajaccio-nice-des-recherches-vont-etre-menees-en-mer-pour-percer-le-mystere-1000654\" target=\"_blank\" class=\"external_link\" rel=\"nofollow noopener\">Nice Matin<\/a>.<\/p>\n<blockquote class=\"embed embed_quote\"><p>C&rsquo;est \u00ab\u00a0une avanc\u00e9e historique\u00a0\u00bb, a r\u00e9agi la d\u00e9fense des familles de victimes aupr\u00e8s du journal ni\u00e7ois.<\/p><\/blockquote>\n<p>Ces nouvelles recherches \u00e9taient en effet vivement attendues par les familles de victimes qui avaient \u00e9t\u00e9 re\u00e7ues en octobre dernier \u00e0 l&rsquo;\u00c9lys\u00e9e. L&rsquo;\u00c9tat avait alors fait plusieurs promesses, se disant pr\u00eat \u00e0 financer une \u00e9ventuelle op\u00e9ration de rep\u00eachage de l&rsquo;\u00e9pave afin de comprendre le crash dont l&rsquo;origine n&rsquo;est toujours pas d\u00e9termin\u00e9e.<\/p>\n<p>L&rsquo;hypoth\u00e8se d&rsquo;un tir de missile explor\u00e9e<\/p>\n<p>Le 11 septembre 1968, la Caravelle AF 1611, qui avait d\u00e9coll\u00e9 d\u2019Ajaccio, s\u2019est \u00e9cras\u00e9e au large du cap d\u2019Antibes seulement 3 minutes avant d\u2019atterrir, tuant les 95 personnes \u00e0 bord.<\/p>\n<p>Une premi\u00e8re instruction pour homicide involontaire s&rsquo;est close en 1973 par un non-lieu, la th\u00e8se retenue \u00e9tant celle d&rsquo;un incendie dans la cabine toilette. Mais les proches des victimes n\u2019y ont jamais cru. Elles soutiennent plut\u00f4t la th\u00e8se d\u2019un tir de missile accidentel de l\u2019arm\u00e9e.<\/p>\n<p>L&rsquo;enqu\u00eate a \u00e9t\u00e9 relanc\u00e9e en 2012 pour \u00ab\u00a0soustraction et recel de preuves\u00a0\u00bb et la justice a requis en 2018 une lev\u00e9e du secret-d\u00e9fense, estimant qu&rsquo;il fallait prendre \u00ab\u00a0tr\u00e8s au s\u00e9rieux\u00a0\u00bb l&rsquo;hypoth\u00e8se d&rsquo;un tir de missile accidentel depuis la base du Levant, pr\u00e8s d&rsquo;Hy\u00e8res (Var). En r\u00e9ponse, des documents ont \u00e9t\u00e9 remis \u00e0 la justice par le minist\u00e8re des Arm\u00e9es en juillet 2019 et jug\u00e9s \u00ab\u00a0tr\u00e8s insatisfaisants\u00a0\u00bb par les familles de victimes.<\/p>\n<p>En novembre, Damien Martinelli, procureur de la R\u00e9publique de Nice, a indiqu\u00e9 que \u00ab\u00a0plusieurs \u00e9l\u00e9ments s\u00e9rieux, notamment des t\u00e9moignages mais \u00e9galement des \u00e9l\u00e9ments mat\u00e9riels, tendent \u00e0 montrer que des autorit\u00e9s civiles et\/ou militaires ont pu chercher \u00e0 faire obstacle \u00e0 la d\u00e9termination des causes et des circonstances r\u00e9elles du crash de la Caravelle\u00a0\u00bb.<\/p>\n<p>Deux sc\u00e9narios envisag\u00e9s<\/p>\n<p>\u00ab\u00a0Deux calendriers ont \u00e9t\u00e9 fix\u00e9s\u00a0\u00bb selon les moyens d\u00e9ploy\u00e9s, ont indiqu\u00e9 ce vendredi les avocats dans un communiqu\u00e9 cit\u00e9 par Nice-Matin. Dans un premier cas, les recherches pourraient \u00eatre men\u00e9es d&rsquo;ici fin 2025 dans un p\u00e9rim\u00e8tre de 8km2 pour \u00ab\u00a0localiser les d\u00e9bris de l&rsquo;\u00e9pave\u00a0\u00bb et r\u00e9aliser des photos sous-marines. Une op\u00e9ration dont le co\u00fbt est estim\u00e9 pour l&rsquo;\u00c9tat entre 100.000 et 150.000 euros.<\/p>\n<p>Si cette op\u00e9ration n&rsquo;aboutit pas, une deuxi\u00e8me est envisag\u00e9e: d&rsquo;autres recherches seront men\u00e9es par la Marine dans une zone plus large avec des moyens techniques \u00ab\u00a0importants\u00a0\u00bb mi-2026.<\/p>\n<p>C\u00e9line Moncel, Emilie Roussey<\/p>\n","protected":false},"excerpt":{"rendered":"De nouvelles recherches vont \u00eatre men\u00e9es dans les prochains mois sur l&rsquo;\u00e9pave de la Caravelle Ajaccio-Nice, sinistr\u00e9e en&hellip;\n","protected":false},"author":2,"featured_media":368754,"comment_status":"","ping_status":"","sticky":false,"template":"","format":"standard","meta":{"footnotes":""},"categories":[2819],"tags":[1111,11,1777,674,1011,27,12,2401,882,25],"class_list":{"0":"post-368753","1":"post","2":"type-post","3":"status-publish","4":"format-standard","5":"has-post-thumbnail","7":"category-nice","8":"tag-actu","9":"tag-actualites","10":"tag-eu","11":"tag-europe","12":"tag-fr","13":"tag-france","14":"tag-news","15":"tag-nice","16":"tag-provence-alpes-cote-dazur","17":"tag-republique-francaise"},"share_on_mastodon":{"url":"https:\/\/pubeurope.com\/@fr\/115153050335124222","error":""},"_links":{"self":[{"href":"https:\/\/www.europesays.com\/fr\/wp-json\/wp\/v2\/posts\/368753","targetHints":{"allow":["GET"]}}],"collection":[{"href":"https:\/\/www.europesays.com\/fr\/wp-json\/wp\/v2\/posts"}],"about":[{"href":"https:\/\/www.europesays.com\/fr\/wp-json\/wp\/v2\/types\/post"}],"author":[{"embeddable":true,"href":"https:\/\/www.europesays.com\/fr\/wp-json\/wp\/v2\/users\/2"}],"replies":[{"embeddable":true,"href":"https:\/\/www.europesays.com\/fr\/wp-json\/wp\/v2\/comments?post=368753"}],"version-history":[{"count":0,"href":"https:\/\/www.europesays.com\/fr\/wp-json\/wp\/v2\/posts\/368753\/revisions"}],"wp:featuredmedia":[{"embeddable":true,"href":"https:\/\/www.europesays.com\/fr\/wp-json\/wp\/v2\/media\/368754"}],"wp:attachment":[{"href":"https:\/\/www.europesays.com\/fr\/wp-json\/wp\/v2\/media?parent=368753"}],"wp:term":[{"taxonomy":"category","embeddable":true,"href":"https:\/\/www.europesays.com\/fr\/wp-json\/wp\/v2\/categories?post=368753"},{"taxonomy":"post_tag","embeddable":true,"href":"https:\/\/www.europesays.com\/fr\/wp-json\/wp\/v2\/tags?post=368753"}],"curies":[{"name":"wp","href":"https:\/\/api.w.org\/{rel}","templated":true}]}}