{"id":368755,"date":"2025-09-05T18:14:26","date_gmt":"2025-09-05T18:14:26","guid":{"rendered":"https:\/\/www.europesays.com\/fr\/368755\/"},"modified":"2025-09-05T18:14:26","modified_gmt":"2025-09-05T18:14:26","slug":"journees-du-patrimoine-2025-nos-parcours-dans-la-metropole","status":"publish","type":"post","link":"https:\/\/www.europesays.com\/fr\/368755\/","title":{"rendered":"Journ\u00e9es du patrimoine 2025 : nos parcours dans la m\u00e9tropole"},"content":{"rendered":"<p><strong>Bouguenais\u00a0:<\/strong> visites comment\u00e9es de l&rsquo;exposition Bouguenais entre les deux guerres.<br \/>Samedi de 10h \u00e0 13h et de 14h \u00e0 17h30, m\u00e9diath\u00e8que Condorcet.<\/p>\n<p><strong>Basse-Goulaine\u00a0:<\/strong> randonn\u00e9e comment\u00e9e \u00e0 la d\u00e9couverte de l&rsquo;agriculture.<br \/>Dimanche de 9h \u00e0 12h, d\u00e9part Halle de Grignon.<\/p>\n<p><strong>Indre\u00a0: <\/strong>d\u00e9couverte des forges et de la conserverie gr\u00e2ce aux animations Le fer blanc et la conserve unis pour le meilleur.<br \/>Samedi et dimanche de 10h \u00e0 19h, 10 rue Pasteur.<\/p>\n<p><strong>Rez\u00e9\u00a0:<\/strong> reconstitutions de combats de gladiateurs<br \/>Samedi et dimanche, \u00e0 11h30, 15h et 17h30, au Chronographe. \u00a0<\/p>\n<p><strong>Saint-L\u00e9ger-les-Vignes\u00a0:<\/strong> trail et f\u00eate des Vendanges.<br \/>Samedi de 13h45 \u00e0 17h30, au centre culturel Chai-Gallais.<br \/>Inscription obligatoire au 02 40 31 50 32, par mail <a href=\"https:\/\/metropole.nantes.fr\/actualites\/mailto:accueil@sllv44.fr\" rel=\"nofollow noopener\" target=\"_blank\">accueil@sllv44.fr<\/a> ou sur place \u00e0 partir de 13h.<\/p>\n<p><strong>Mauves-sur-Loire\u00a0: <\/strong>exposition Mauves sous l\u2019Occupation.<br \/>Samedi et dimanche de 10h \u00e0 18h, \u00e0 la Chapelle, rue de la Mairie.<\/p>\n<p><strong>Saint-S\u00e9bastien-sur-Loire\u00a0: <\/strong>exposition sur l&rsquo;histoire des quartiers Portechaise, M\u00e9tairie et le Bourg<br \/>Vendredi de 8h30 \u00e0 12h et de 13h30 \u00e0 17h30, samedi de 9h \u00e0 12h, \u00e0 l&rsquo;h\u00f4tel de ville.<\/p>\n<p><strong>Sautron\u00a0:<\/strong> visites de l&rsquo;exposition Sautron d&rsquo;hier et d&rsquo;aujourd&rsquo;hui.<br \/>Samedi de 14h \u00e0 19h et dimanche de 10h \u00e0 19h, 2 rue de la Mairie.<\/p>\n<p>Si vous \u00eates fan de sport&#8230;<\/p>\n<p><strong>Sont mises \u00e0 l&rsquo;honneur l&rsquo;histoire des pratiques phares de notre patrimoine sportif ainsi que celle des \u00e9quipements qui les accueillent.<\/strong><\/p>\n<p><strong>Rez\u00e9\u00a0:<\/strong> initiation \u00e0 la boule nantaise.<br \/>Samedi et dimanche de 10h \u00e0 18h, au 38, rue Julien-Douillard.<\/p>\n<p><strong>Bouguenais\u00a0:<\/strong> visites comment\u00e9es de la piscine municipale.<br \/>Samedi de 10h \u00e0 17h, chemin Jacques-Pr\u00e9vert. Inscription obligatoire au 02 51 70 60 70 ou sur place.<\/p>\n<p><strong>Saint-S\u00e9bastien-sur-Loire\u00a0:<\/strong> parcours \u00ab\u00a0Op\u00e9ration Flamme 24\u00a0\u00bb d\u00e9di\u00e9 \u00e0 l\u2019histoire des Jeux Olympiques.<br \/>Gare d\u2019Anjou. \u00c0 r\u00e9aliser en autonomie. Cartes disponibles \u00e0 l\u2019h\u00f4tel de ville et \u00e0 la m\u00e9diath\u00e8que.<\/p>\n<p><strong>Carquefou\u00a0:<\/strong> visite comment\u00e9e de la piscine Daniel-Gilard.<br \/>Samedi (\u00e0 partir de 16h) et dimanche (jusqu&rsquo;\u00e0 16 h), parking de la piscine. R\u00e9servation <a href=\"http:\/\/www.carquefou.fr\" rel=\"nofollow noopener\" target=\"_blank\">ici<\/a>.<\/p>\n","protected":false},"excerpt":{"rendered":"Bouguenais\u00a0: visites comment\u00e9es de l&rsquo;exposition Bouguenais entre les deux guerres.Samedi de 10h \u00e0 13h et de 14h \u00e0&hellip;\n","protected":false},"author":2,"featured_media":368756,"comment_status":"","ping_status":"","sticky":false,"template":"","format":"standard","meta":{"footnotes":""},"categories":[2818],"tags":[1111,11,1777,674,1011,27,766,12,2636,25],"class_list":{"0":"post-368755","1":"post","2":"type-post","3":"status-publish","4":"format-standard","5":"has-post-thumbnail","7":"category-nantes","8":"tag-actu","9":"tag-actualites","10":"tag-eu","11":"tag-europe","12":"tag-fr","13":"tag-france","14":"tag-nantes","15":"tag-news","16":"tag-pays-de-la-loire","17":"tag-republique-francaise"},"share_on_mastodon":{"url":"https:\/\/pubeurope.com\/@fr\/115153054198159491","error":""},"_links":{"self":[{"href":"https:\/\/www.europesays.com\/fr\/wp-json\/wp\/v2\/posts\/368755","targetHints":{"allow":["GET"]}}],"collection":[{"href":"https:\/\/www.europesays.com\/fr\/wp-json\/wp\/v2\/posts"}],"about":[{"href":"https:\/\/www.europesays.com\/fr\/wp-json\/wp\/v2\/types\/post"}],"author":[{"embeddable":true,"href":"https:\/\/www.europesays.com\/fr\/wp-json\/wp\/v2\/users\/2"}],"replies":[{"embeddable":true,"href":"https:\/\/www.europesays.com\/fr\/wp-json\/wp\/v2\/comments?post=368755"}],"version-history":[{"count":0,"href":"https:\/\/www.europesays.com\/fr\/wp-json\/wp\/v2\/posts\/368755\/revisions"}],"wp:featuredmedia":[{"embeddable":true,"href":"https:\/\/www.europesays.com\/fr\/wp-json\/wp\/v2\/media\/368756"}],"wp:attachment":[{"href":"https:\/\/www.europesays.com\/fr\/wp-json\/wp\/v2\/media?parent=368755"}],"wp:term":[{"taxonomy":"category","embeddable":true,"href":"https:\/\/www.europesays.com\/fr\/wp-json\/wp\/v2\/categories?post=368755"},{"taxonomy":"post_tag","embeddable":true,"href":"https:\/\/www.europesays.com\/fr\/wp-json\/wp\/v2\/tags?post=368755"}],"curies":[{"name":"wp","href":"https:\/\/api.w.org\/{rel}","templated":true}]}}