{"id":368761,"date":"2025-09-05T18:17:25","date_gmt":"2025-09-05T18:17:25","guid":{"rendered":"https:\/\/www.europesays.com\/fr\/368761\/"},"modified":"2025-09-05T18:17:25","modified_gmt":"2025-09-05T18:17:25","slug":"bordeaux-saumur-le-groupe-des-girondins-avec-16-joueurs","status":"publish","type":"post","link":"https:\/\/www.europesays.com\/fr\/368761\/","title":{"rendered":"Bordeaux-Saumur : le groupe des Girondins avec 16 joueurs"},"content":{"rendered":"<p><img decoding=\"async\" src=\"https:\/\/www.europesays.com\/fr\/wp-content\/uploads\/2025\/08\/671_654f6bd6bd8f10315d0a7db305628ae1.jpg\" alt=\"Bordeaux-Saumur : le groupe des Girondins avec 16 joueurs\" class=\"img-responsive mt-3\"\/><\/p>\n<p class=\"text-center mb-3\" style=\"font-size: 14px\">\u00a9 Iconsport<\/p>\n<p style=\"text-align: justify;\">Voici le groupe de 16 joueurs retenus pour cette 4e journ\u00e9e de National 2.<\/p>\n<p style=\"text-align: justify;\"><strong>Gardiens<\/strong> : Hoekstra, Diabat\u00e9<\/p>\n<p style=\"text-align: justify;\"><strong>D\u00e9fenseurs<\/strong> : Droehnl\u00e9, Grillot, Vandenabeele, Trichard, Jousselin<\/p>\n<p style=\"text-align: justify;\"><strong>Milieux<\/strong> : Odru, Ba, Diop, Manna\u00ef<\/p>\n<p style=\"text-align: justify;\"><strong>Attaquants<\/strong> : Etonde, Openda, Shamal, Bahassa, Villette<\/p>\n<p style=\"text-align: justify;\"><strong>Absents<\/strong> : Ciss\u00e9 (bless\u00e9), Yamber\u00e9 (choix), Merdji (choix), Beugre (choix), Agossa (choix), Rizaldos (bless\u00e9).<\/p>\n<p style=\"text-align: justify;\">\u00c0 lire &gt;&gt; <a href=\"https:\/\/www.webgirondins.com\/actualite-girondins-girondins-patrick-olive-et-saumur-se-preparent-pour-faire-dejouer-les-marine-et-blanc-130313\" target=\"_blank\" rel=\"noopener nofollow\"><strong>Patrick Olive et Saumur se pr\u00e9parent pour faire d\u00e9jouer les Marine et Blanc<\/strong><\/a><\/p>\n<p style=\"text-align: justify;\">\u00c0 lire aussi &gt;&gt; <strong><a href=\"https:\/\/www.webgirondins.com\/actualite-girondins-gerard-lopez-son-club-de-boavista-place-en-liquidation-ce-qui-fait-trembler-les-supporters-des-girondins-130314\" target=\"_blank\" rel=\"noopener nofollow\">G\u00e9rard Lopez : Son club de Boavista plac\u00e9 en liquidation, ce qui fait trembler les supporters des Girondins<\/a><\/strong><\/p>\n<p>Notre podcast court \u00e0 \u00e9couter :<\/p>\n<p>\u00a0<\/p>\n","protected":false},"excerpt":{"rendered":"\u00a9 Iconsport Voici le groupe de 16 joueurs retenus pour cette 4e journ\u00e9e de National 2. Gardiens :&hellip;\n","protected":false},"author":2,"featured_media":292567,"comment_status":"","ping_status":"","sticky":false,"template":"","format":"standard","meta":{"footnotes":""},"categories":[2817],"tags":[1111,11,3987,2865,3396,1997,3211,6951,1994,1777,674,1011,27,1987,2705,3212,4059,5110,12,2219,32699,471,25,3982,3470,2858],"class_list":{"0":"post-368761","1":"post","2":"type-post","3":"status-publish","4":"format-standard","5":"has-post-thumbnail","7":"category-bordeaux","8":"tag-actu","9":"tag-actualites","10":"tag-affronter","11":"tag-atlantique","12":"tag-avec","13":"tag-bordeaux","14":"tag-bruno","15":"tag-communique","16":"tag-entraineur","17":"tag-eu","18":"tag-europe","19":"tag-fr","20":"tag-france","21":"tag-girondins","22":"tag-groupe","23":"tag-irles","24":"tag-joueurs","25":"tag-liste","26":"tag-news","27":"tag-nouvelle-aquitaine","28":"tag-olympique","29":"tag-pour","30":"tag-republique-francaise","31":"tag-samedi","32":"tag-saumur","33":"tag-stade"},"share_on_mastodon":{"url":"https:\/\/pubeurope.com\/@fr\/115153066081036340","error":""},"_links":{"self":[{"href":"https:\/\/www.europesays.com\/fr\/wp-json\/wp\/v2\/posts\/368761","targetHints":{"allow":["GET"]}}],"collection":[{"href":"https:\/\/www.europesays.com\/fr\/wp-json\/wp\/v2\/posts"}],"about":[{"href":"https:\/\/www.europesays.com\/fr\/wp-json\/wp\/v2\/types\/post"}],"author":[{"embeddable":true,"href":"https:\/\/www.europesays.com\/fr\/wp-json\/wp\/v2\/users\/2"}],"replies":[{"embeddable":true,"href":"https:\/\/www.europesays.com\/fr\/wp-json\/wp\/v2\/comments?post=368761"}],"version-history":[{"count":0,"href":"https:\/\/www.europesays.com\/fr\/wp-json\/wp\/v2\/posts\/368761\/revisions"}],"wp:featuredmedia":[{"embeddable":true,"href":"https:\/\/www.europesays.com\/fr\/wp-json\/wp\/v2\/media\/292567"}],"wp:attachment":[{"href":"https:\/\/www.europesays.com\/fr\/wp-json\/wp\/v2\/media?parent=368761"}],"wp:term":[{"taxonomy":"category","embeddable":true,"href":"https:\/\/www.europesays.com\/fr\/wp-json\/wp\/v2\/categories?post=368761"},{"taxonomy":"post_tag","embeddable":true,"href":"https:\/\/www.europesays.com\/fr\/wp-json\/wp\/v2\/tags?post=368761"}],"curies":[{"name":"wp","href":"https:\/\/api.w.org\/{rel}","templated":true}]}}