{"id":368762,"date":"2025-09-05T18:18:10","date_gmt":"2025-09-05T18:18:10","guid":{"rendered":"https:\/\/www.europesays.com\/fr\/368762\/"},"modified":"2025-09-05T18:18:10","modified_gmt":"2025-09-05T18:18:10","slug":"accidents-en-serie-de-gros-bouchons-sur-le-peripherique-toulousain-ce-vendredi-soir","status":"publish","type":"post","link":"https:\/\/www.europesays.com\/fr\/368762\/","title":{"rendered":"Accidents en s\u00e9rie, de gros bouchons sur le p\u00e9riph\u00e9rique toulousain ce vendredi soir"},"content":{"rendered":"<p>\n                                                                    l&rsquo;essentiel<br \/>\n                                                                Deux accidents distincts ont fortement perturb\u00e9 la circulation ce vendredi soir \u00e0 Toulouse. L\u2019un sur le p\u00e9riph\u00e9rique ouest, l\u2019autre en direction de Colomiers, provoquent d\u2019importants embouteillages.\n                            <\/p>\n<p>Avec la rentr\u00e9e, c\u2019est le retour des bouchons du vendredi soir dans la Ville rose.\u00a0Ce 5\u00a0septembre n\u2019a pas \u00e9chapp\u00e9 \u00e0 la r\u00e8gle. En d\u00e9but de soir\u00e9e, la circulation toulousaine est fortement ralentie en raison de deux accidents majeurs sur le p\u00e9riph\u00e9rique. Le premier s\u2019est produit sur l\u2019A620, dans le sens int\u00e9rieur, de Toulouse sud vers Toulouse nord, selon les informations de Bison Fut\u00e9. Ce choc a entra\u00een\u00e9 une perturbation notable du trafic sur le p\u00e9riph\u00e9rique ouest.<\/p>\n<p>Presque au m\u00eame moment, un second accident s\u2019est d\u00e9clar\u00e9 sur l\u2019A624, en direction de Colomiers, dans le sens est-ouest. Trois v\u00e9hicules sont impliqu\u00e9s dans la collision. Plusieurs camions de sapeurs-pompiers sont mobilis\u00e9s sur place, entra\u00eenant la neutralisation de la voie de gauche et un fort ralentissement de la circulation.<\/p>\n<p>Ces incidents s\u2019ajoutent \u00e0 la densit\u00e9 habituelle du trafic en fin de semaine, aggravant les conditions de circulation pour les automobilistes toulousains. Les autorit\u00e9s appellent \u00e0 la prudence et recommandent d\u2019\u00e9viter les secteurs concern\u00e9s autant que possible.<\/p>\n","protected":false},"excerpt":{"rendered":"l&rsquo;essentiel Deux accidents distincts ont fortement perturb\u00e9 la circulation ce vendredi soir \u00e0 Toulouse. L\u2019un sur le p\u00e9riph\u00e9rique&hellip;\n","protected":false},"author":2,"featured_media":368763,"comment_status":"","ping_status":"","sticky":false,"template":"","format":"standard","meta":{"footnotes":""},"categories":[2816],"tags":[1111,11,1777,674,1011,27,12,2680,25,2312],"class_list":{"0":"post-368762","1":"post","2":"type-post","3":"status-publish","4":"format-standard","5":"has-post-thumbnail","7":"category-toulouse","8":"tag-actu","9":"tag-actualites","10":"tag-eu","11":"tag-europe","12":"tag-fr","13":"tag-france","14":"tag-news","15":"tag-occitanie","16":"tag-republique-francaise","17":"tag-toulouse"},"share_on_mastodon":{"url":"https:\/\/pubeurope.com\/@fr\/115153069997540419","error":""},"_links":{"self":[{"href":"https:\/\/www.europesays.com\/fr\/wp-json\/wp\/v2\/posts\/368762","targetHints":{"allow":["GET"]}}],"collection":[{"href":"https:\/\/www.europesays.com\/fr\/wp-json\/wp\/v2\/posts"}],"about":[{"href":"https:\/\/www.europesays.com\/fr\/wp-json\/wp\/v2\/types\/post"}],"author":[{"embeddable":true,"href":"https:\/\/www.europesays.com\/fr\/wp-json\/wp\/v2\/users\/2"}],"replies":[{"embeddable":true,"href":"https:\/\/www.europesays.com\/fr\/wp-json\/wp\/v2\/comments?post=368762"}],"version-history":[{"count":0,"href":"https:\/\/www.europesays.com\/fr\/wp-json\/wp\/v2\/posts\/368762\/revisions"}],"wp:featuredmedia":[{"embeddable":true,"href":"https:\/\/www.europesays.com\/fr\/wp-json\/wp\/v2\/media\/368763"}],"wp:attachment":[{"href":"https:\/\/www.europesays.com\/fr\/wp-json\/wp\/v2\/media?parent=368762"}],"wp:term":[{"taxonomy":"category","embeddable":true,"href":"https:\/\/www.europesays.com\/fr\/wp-json\/wp\/v2\/categories?post=368762"},{"taxonomy":"post_tag","embeddable":true,"href":"https:\/\/www.europesays.com\/fr\/wp-json\/wp\/v2\/tags?post=368762"}],"curies":[{"name":"wp","href":"https:\/\/api.w.org\/{rel}","templated":true}]}}