{"id":368764,"date":"2025-09-05T18:19:10","date_gmt":"2025-09-05T18:19:10","guid":{"rendered":"https:\/\/www.europesays.com\/fr\/368764\/"},"modified":"2025-09-05T18:19:10","modified_gmt":"2025-09-05T18:19:10","slug":"actu-toulouse-a-10-ans-et-vous-invite-a-feter-ca-lors-de-la-blue-night-a-la-voile-blanche","status":"publish","type":"post","link":"https:\/\/www.europesays.com\/fr\/368764\/","title":{"rendered":"Actu Toulouse a 10 ans\u2026 et vous invite \u00e0 f\u00eater \u00e7a lors de la Blue Night \u00e0 la Voile Blanche"},"content":{"rendered":"<p>            Par<br \/>\n        <strong><br \/>\n            <a href=\"https:\/\/actu.fr\/auteur\/redaction-toulouse\" title=\"Consulter tous les articles de R\u00e9daction de Toulouse\" rel=\"nofollow noopener\" target=\"_blank\">R\u00e9daction de Toulouse<\/a><br \/>\n        <\/strong><\/p>\n<p>        Publi\u00e9 le<\/p>\n<p>            5 sept. 2025 \u00e0 20h16        <\/p>\n<p>10\u00a0ans d\u00e9j\u00e0\u2009! N\u00e9 en 2015, le site\u00a0<a href=\"https:\/\/actu.fr\/toulouse\/\" rel=\"nofollow noopener\" target=\"_blank\">Actu Toulouse<\/a> s\u2019est rapidement impos\u00e9 comme une source d\u2019information aussi incontournable qu\u2019intarissable sur l\u2019info quotidienne de la Ville rose et son agglo. Alors pour f\u00eater dignement cette premi\u00e8re d\u00e9cennie, votre m\u00e9dia pr\u00e9f\u00e9r\u00e9 met les petits plats dans les grands <strong>jeudi 11\u00a0septembre 2025<\/strong> \u00e0 l\u2019occasion d\u2019une soir\u00e9e \u00e9v\u00e9nement, la <strong>\u00ab\u2009Blue Night\u2009\u00bb.<\/strong><\/p>\n<p>La \u00ab\u2009Blue Night d\u2019Actu Toulouse\u2009\u00bb investit la Voile Blanche<\/p>\n<p class=\" wall-content\">\u00c0 partir de 23\u00a0heures, ce jeudi, notre \u00e9quipe invite les Toulousains \u00e0 venir f\u00eater cet anniversaire dans la bonne humeur et en musique lors d\u2019une <strong>soir\u00e9e populaire<\/strong>.<\/p>\n<p class=\" wall-content\">La \u00ab\u2009Blue Night d\u2019Actu Toulouse\u2009\u00bb se tiendra \u00e0 <a href=\"https:\/\/actu.fr\/occitanie\/toulouse_31555\/la-voile-blanche-adresse-mythique-de-toulouse-veut-marquer-les-esprits-pour-son-grand-opening_62728833.html\" rel=\"nofollow noopener\" target=\"_blank\"><strong>la Voile Blanche<\/strong><\/a>, un complexe tr\u00e8s en vogue de la Ville rose, disposant d\u2019un <strong>cadre idyllique<\/strong> dans la zone de Sesqui\u00e8res. Pour l\u2019occasion, <strong>l\u2019entr\u00e9e est gratuite.<\/strong><\/p>\n<p>    <a href=\"https:\/\/www.google.com\/maps\/embed?pb=!1m18!1m12!1m3!1d2886.8587432641316!2d1.4179166778555556!3d43.651107171102176!2m3!1f0!2f0!3f0!3m2!1i1024!2i768!4f13.1!3m3!1m2!1s0x12aea4c20867348b%3A0xf9fc4fd8e79357d9!2sComplexe%20La%20Voile%20Blanche!5e0!3m2!1sfr!2sfr!4v1757081722213!5m2!1sfr!2sfr\" title=\"Ouvrie le lien\" rel=\"nofollow noopener\" target=\"_blank\">Cliquez ici pour visualiser le contenu<\/a><\/p>\n<p>Tous en bleu avec Actu Toulouse\u2009!<\/p>\n<p class=\" wall-content\">\u00c0 l\u2019instar des c\u00e9l\u00e8bres soir\u00e9es Rose et Blanche d\u00e9j\u00e0 propos\u00e9es dans l\u2019\u00e9tablissement, la Blue Night est organis\u00e9e \u00e0 l\u2019initiative d\u2019Actu Toulouse \u00e0 l\u2019occasion de ses 10\u00a0ans. En partenariat avec <strong>Frimake<\/strong> et <strong>Luc Belaire<\/strong> (brut de champ), cette <strong>soir\u00e9e clubbing<\/strong> promet d\u2019\u00eatre haute en couleurs. Le <strong>dress code<\/strong> est simple\u2009: <strong>tous en bleu<\/strong>, ou a minima avec un d\u00e9tail vestimentaire bleu\u2026<\/p>\n<p>Des artistes de talent au programme<\/p>\n<p class=\" wall-content\">La musique sera assur\u00e9e par plateau d\u2019artistes de la Ville rose, avec un set de <strong>Dj RK<\/strong>, le concours du talentueux <strong>Isma\u00ebl Violon<\/strong>, et du chanteur <strong>Leon Showman<\/strong>, aussi connu qu\u2019appr\u00e9ci\u00e9 \u00e0 Toulouse. Ambiance garantie\u2009!<\/p>\n<p>Vid\u00e9os : en ce moment sur Actu<\/p>\n<p><strong>Infos pratiques\u2009:<\/strong><br \/>Blue Night by Actu Toulouse<br \/>Jeudi 11\u00a0septembre 2025 \u00e0 23\u00a0heures<br \/>La Voile Blanche<br \/>Parc de Sesqui\u00e8res, 26 all\u00e9es des Foulques \u00e0 Toulouse<br \/>Entr\u00e9e gratuite<\/p>\n<p class=\" wall-content\">Personnalisez votre actualit\u00e9 en ajoutant vos villes et m\u00e9dias en favori avec <a href=\"https:\/\/moncompte.actu.fr\" title=\"D\u00e9couvez Mon Actu\" rel=\"nofollow noopener\" data-trk=\"{&quot;cta&quot;:{&quot;action&quot;:&quot;https:\\\/\\\/moncompte.actu.fr&quot;,&quot;category&quot;:&quot;mon compte&quot;,&quot;from&quot;:&quot;article footer&quot;,&quot;name&quot;:&quot;Mon actu&quot;,&quot;type&quot;:&quot;cta&quot;}}\" target=\"_blank\">Mon Actu<\/a>.<\/p>\n","protected":false},"excerpt":{"rendered":"Par R\u00e9daction de Toulouse Publi\u00e9 le 5 sept. 2025 \u00e0 20h16 10\u00a0ans d\u00e9j\u00e0\u2009! N\u00e9 en 2015, le site\u00a0Actu&hellip;\n","protected":false},"author":2,"featured_media":368765,"comment_status":"","ping_status":"","sticky":false,"template":"","format":"standard","meta":{"footnotes":""},"categories":[2816],"tags":[1111,11,1777,674,1011,27,1652,12,2680,25,2312],"class_list":{"0":"post-368764","1":"post","2":"type-post","3":"status-publish","4":"format-standard","5":"has-post-thumbnail","7":"category-toulouse","8":"tag-actu","9":"tag-actualites","10":"tag-eu","11":"tag-europe","12":"tag-fr","13":"tag-france","14":"tag-loisirs-culture","15":"tag-news","16":"tag-occitanie","17":"tag-republique-francaise","18":"tag-toulouse"},"share_on_mastodon":{"url":"https:\/\/pubeurope.com\/@fr\/115153073929120385","error":""},"_links":{"self":[{"href":"https:\/\/www.europesays.com\/fr\/wp-json\/wp\/v2\/posts\/368764","targetHints":{"allow":["GET"]}}],"collection":[{"href":"https:\/\/www.europesays.com\/fr\/wp-json\/wp\/v2\/posts"}],"about":[{"href":"https:\/\/www.europesays.com\/fr\/wp-json\/wp\/v2\/types\/post"}],"author":[{"embeddable":true,"href":"https:\/\/www.europesays.com\/fr\/wp-json\/wp\/v2\/users\/2"}],"replies":[{"embeddable":true,"href":"https:\/\/www.europesays.com\/fr\/wp-json\/wp\/v2\/comments?post=368764"}],"version-history":[{"count":0,"href":"https:\/\/www.europesays.com\/fr\/wp-json\/wp\/v2\/posts\/368764\/revisions"}],"wp:featuredmedia":[{"embeddable":true,"href":"https:\/\/www.europesays.com\/fr\/wp-json\/wp\/v2\/media\/368765"}],"wp:attachment":[{"href":"https:\/\/www.europesays.com\/fr\/wp-json\/wp\/v2\/media?parent=368764"}],"wp:term":[{"taxonomy":"category","embeddable":true,"href":"https:\/\/www.europesays.com\/fr\/wp-json\/wp\/v2\/categories?post=368764"},{"taxonomy":"post_tag","embeddable":true,"href":"https:\/\/www.europesays.com\/fr\/wp-json\/wp\/v2\/tags?post=368764"}],"curies":[{"name":"wp","href":"https:\/\/api.w.org\/{rel}","templated":true}]}}