{"id":368766,"date":"2025-09-05T18:20:13","date_gmt":"2025-09-05T18:20:13","guid":{"rendered":"https:\/\/www.europesays.com\/fr\/368766\/"},"modified":"2025-09-05T18:20:13","modified_gmt":"2025-09-05T18:20:13","slug":"festival-international-du-court-metrage-de-lille-25e-edition-18-28-septembre-2025-le-jeudi-18-septembre-2025","status":"publish","type":"post","link":"https:\/\/www.europesays.com\/fr\/368766\/","title":{"rendered":"Festival International du Court M\u00e9trage de Lille &#8211; 25e \u00e9dition : 18 > 28 septembre 2025 le jeudi 18 septembre 2025"},"content":{"rendered":"<p>\n<strong>Rendez-vous tr\u00e8s attendu de la rentr\u00e9e, le Festival International du Court M\u00e9trage offre un temps de d\u00e9couverte autour du format court sous toutes ses formes (animation, fiction, exp\u00e9rimental, documentaire) dans une atmosph\u00e8re conviviale.<br \/><\/strong><\/p>\n<p><strong>En 2025, changement de d\u00e9cor pour le Festival !<br \/><\/strong>Les s\u00e9ances plein air se d\u00e9placent \u00e0 la <strong>Gare Saint Sauveur<\/strong>, haut lieu de la vie culturelle lilloise, qui accueille \u00e9galement de nombreuses projections et rencontres en int\u00e9rieur, dans la salle de projection. L\u2019hybride \u00e9tant ferm\u00e9 temporairement pour travaux, le Festival s\u2019installe dans un autre cin\u00e9ma du quartier : <strong>l\u2019Univers<\/strong>, qui d\u00e9fend, comme nous, des formes audiovisuelles vari\u00e9es et audacieuses. L\u2019<strong>Auditorium du Palais des Beaux-Arts<\/strong> continue d\u2019accueillir des s\u00e9ances de comp\u00e9tition, et le <strong>Th\u00e9\u00e2tre S\u00e9bastopol<\/strong> reste un lieu phare du Festival avec la Nuit de l\u2019animation et la Cl\u00f4ture.C\u00f4t\u00e9 programmation, <strong>toujours la m\u00eame formule qui fait toute la richesse du Festival !<\/strong> Des projections en plein air, comp\u00e9titions de courts m\u00e9trages, rencontres autour de la cr\u00e9ation r\u00e9gionale, s\u00e9ances jeune public, un challenge cr\u00e9atif (Marathon du Court), ainsi que de nombreuses s\u00e9ances consacr\u00e9es au film d\u2019animation : focus sur la filmographie de Pierre-Luc Granjon \u2013 invit\u00e9 d\u2019honneur du Festival \u2013 et Masterclass en sa pr\u00e9sence, Best-of \u00e9coles d\u2019anim\u2019\u2026 et bien entendu la traditionnelle Nuit de l\u2019animation !<\/p>\n<p>Pour prolonger le Festival, le <strong>Village des Enfants <\/strong>propose un week-end d\u2019ateliers et de projections pour toute la famille (samedi 4 et dimanche 5 octobre au Site Minier d\u2019Arenberg \u2013 La Porte du Hainaut).<\/p>\n","protected":false},"excerpt":{"rendered":"Rendez-vous tr\u00e8s attendu de la rentr\u00e9e, le Festival International du Court M\u00e9trage offre un temps de d\u00e9couverte autour&hellip;\n","protected":false},"author":2,"featured_media":368767,"comment_status":"","ping_status":"","sticky":false,"template":"","format":"standard","meta":{"footnotes":""},"categories":[2815],"tags":[1111,11,1777,674,1011,27,811,1307,12,25],"class_list":{"0":"post-368766","1":"post","2":"type-post","3":"status-publish","4":"format-standard","5":"has-post-thumbnail","7":"category-lille","8":"tag-actu","9":"tag-actualites","10":"tag-eu","11":"tag-europe","12":"tag-fr","13":"tag-france","14":"tag-hauts-de-france","15":"tag-lille","16":"tag-news","17":"tag-republique-francaise"},"share_on_mastodon":{"url":"https:\/\/pubeurope.com\/@fr\/115153077932860218","error":""},"_links":{"self":[{"href":"https:\/\/www.europesays.com\/fr\/wp-json\/wp\/v2\/posts\/368766","targetHints":{"allow":["GET"]}}],"collection":[{"href":"https:\/\/www.europesays.com\/fr\/wp-json\/wp\/v2\/posts"}],"about":[{"href":"https:\/\/www.europesays.com\/fr\/wp-json\/wp\/v2\/types\/post"}],"author":[{"embeddable":true,"href":"https:\/\/www.europesays.com\/fr\/wp-json\/wp\/v2\/users\/2"}],"replies":[{"embeddable":true,"href":"https:\/\/www.europesays.com\/fr\/wp-json\/wp\/v2\/comments?post=368766"}],"version-history":[{"count":0,"href":"https:\/\/www.europesays.com\/fr\/wp-json\/wp\/v2\/posts\/368766\/revisions"}],"wp:featuredmedia":[{"embeddable":true,"href":"https:\/\/www.europesays.com\/fr\/wp-json\/wp\/v2\/media\/368767"}],"wp:attachment":[{"href":"https:\/\/www.europesays.com\/fr\/wp-json\/wp\/v2\/media?parent=368766"}],"wp:term":[{"taxonomy":"category","embeddable":true,"href":"https:\/\/www.europesays.com\/fr\/wp-json\/wp\/v2\/categories?post=368766"},{"taxonomy":"post_tag","embeddable":true,"href":"https:\/\/www.europesays.com\/fr\/wp-json\/wp\/v2\/tags?post=368766"}],"curies":[{"name":"wp","href":"https:\/\/api.w.org\/{rel}","templated":true}]}}