{"id":368768,"date":"2025-09-05T18:21:24","date_gmt":"2025-09-05T18:21:24","guid":{"rendered":"https:\/\/www.europesays.com\/fr\/368768\/"},"modified":"2025-09-05T18:21:24","modified_gmt":"2025-09-05T18:21:24","slug":"la-pj-de-lille-saisit-940-kg-de-cocaine-arrives-de-guadeloupe","status":"publish","type":"post","link":"https:\/\/www.europesays.com\/fr\/368768\/","title":{"rendered":"La PJ de Lille saisit 940 kg de coca\u00efne arriv\u00e9s de Guadeloupe"},"content":{"rendered":"<p class=\"mb-4 text-lg md:leading-8 break-words\"><strong>Enqu\u00eate &#8211; La drogue \u00e9tait pist\u00e9e depuis la Guadeloupe avant d\u2019arriver par bateau \u00e0 Dunkerque puis d\u2019\u00eatre envoy\u00e9e par la route vers le Grand-Est<\/strong><\/p>\n<p class=\"mb-4 text-lg md:leading-8 break-words\">Ce vendredi, la police judiciaire de <a href=\"https:\/\/www.20minutes.fr\/lille\/?at_medium=RSS%20feed&amp;at_campaign=ynews&amp;utm_source=yahoo&amp;utm_medium=rss&amp;utm_campaign=news_feed&amp;utm_content=in_article_link\" rel=\"nofollow noopener\" target=\"_blank\" data-ylk=\"slk:Lille;elm:context_link;itc:0;sec:content-canvas\" class=\"link \">Lille <\/a>a men\u00e9 un vaste coup de filet permettant l\u2019interpellation d\u2019une dizaine de personnes et la saisie de plus de 900\u00a0kg de <a href=\"https:\/\/www.20minutes.fr\/dossier\/cocaine?at_medium=RSS%20feed&amp;at_campaign=ynews&amp;utm_source=yahoo&amp;utm_medium=rss&amp;utm_campaign=news_feed&amp;utm_content=in_article_link\" rel=\"nofollow noopener\" target=\"_blank\" data-ylk=\"slk:coca\u00efne;elm:context_link;itc:0;sec:content-canvas\" class=\"link \">coca\u00efne <\/a>pr\u00e8s de Colmar, en Alsace. <a href=\"https:\/\/www.francebleu.fr\/infos\/faits-divers-justice\/plus-de-900-kilos-de-cocaine-saisis-apres-une-enquete-menee-par-la-police-judiciaire-de-lille-1776500?at_medium=RSS%20feed&amp;at_campaign=ynews&amp;utm_source=yahoo&amp;utm_medium=rss&amp;utm_campaign=news_feed&amp;utm_content=in_article_link\" rel=\"nofollow noopener\" target=\"_blank\" data-ylk=\"slk:Selon Ici;elm:context_link;itc:0;sec:content-canvas\" class=\"link \">Selon Ici<\/a>, la drogue arrivait directement de Guadeloupe.<\/p>\n<p class=\"mb-4 text-lg md:leading-8 break-words\">Ce sont 940\u00a0kg de coca\u00efne qui ont donc \u00e9t\u00e9 sortis du circuit, ce vendredi matin. Une saisie dont la valeur marchande d\u00e9passe facilement les 50\u00a0millions d\u2019euros. Et l\u2019op\u00e9ration n\u2019avait rien d\u2019un hasard puisque les agents de la police judiciaire de Lille \u00e9taient tr\u00e8s bien renseign\u00e9s.<\/p>\n<p>Un convoi pist\u00e9 depuis son d\u00e9part de Guadeloupe<\/p>\n<p class=\"mb-4 text-lg md:leading-8 break-words\">Ils ont suivi le parcours de la marchandise d\u00e8s son d\u00e9part de Guadeloupe, planqu\u00e9e dans un conteneur transport\u00e9 par bateau jusqu\u2019au port de Dunkerque, dans le Nord. Le conteneur a ensuite \u00e9t\u00e9 achemin\u00e9 par camion vers le Grand-Est et c\u2019est une fois le chargement arriv\u00e9 aux environs de Colmar, en Alsace, que les policiers sont pass\u00e9s \u00e0 l\u2019action.<\/p>\n<p class=\"mb-4 text-lg md:leading-8 break-words\">Selon nos confr\u00e8res, la saisie a eu lieu au petit matin, suivie par l\u2019interpellation d\u2019une dizaine de personnes en tout, dont trois aux Antilles.<\/p>\n<p class=\"mb-4 text-lg md:leading-8 break-words\"><a href=\"https:\/\/www.20minutes.fr\/faits_divers\/4171504-20250905-alsace-pj-lille-saisit-940-kg-cocaine-arrives-guadeloupe?at_medium=RSS%20feed&amp;at_campaign=ynews&amp;utm_source=yahoo&amp;utm_medium=rss&amp;utm_campaign=news_feed&amp;utm_content=read_more_link&quot;\" rel=\"nofollow noopener\" target=\"_blank\" data-ylk=\"slk:Lire la suite sur 20minutes;elm:context_link;itc:0;sec:content-canvas\" class=\"link \">Lire la suite sur 20minutes<\/a><\/p>\n<p>\u00c0 lire aussi :<br \/><a href=\"https:\/\/www.20minutes.fr\/faits_divers\/faits-divers-bordeaux\/4168110-20250815-gironde-plus-1-300-kg-cocaine-saisie-gendarmes?at_medium=RSS%20feed&amp;at_campaign=ynews&amp;utm_source=yahoo&amp;utm_medium=rss&amp;utm_campaign=news_feed&amp;utm_content=related_content_link\" rel=\"nofollow noopener\" target=\"_blank\" data-ylk=\"slk:Gironde\u00a0: Plus de 1.300\u00a0kg de coca\u00efne saisie par les gendarmes;elm:context_link;itc:0;sec:content-canvas\" class=\"link \">Gironde\u00a0: Plus de 1.300\u00a0kg de coca\u00efne saisie par les gendarmes<\/a><br \/><a href=\"https:\/\/www.20minutes.fr\/faits_divers\/4163820-20250716-polynesie-900-kg-cocaine-saisis-voilier-large-marquises-saisie-record?at_medium=RSS%20feed&amp;at_campaign=ynews&amp;utm_source=yahoo&amp;utm_medium=rss&amp;utm_campaign=news_feed&amp;utm_content=related_content_link\" rel=\"nofollow noopener\" target=\"_blank\" data-ylk=\"slk:Polyn\u00e9sie\u00a0: 900\u00a0kg de coca\u00efne saisis sur un voilier au large des Marquises, un record;elm:context_link;itc:0;sec:content-canvas\" class=\"link \">Polyn\u00e9sie\u00a0: 900\u00a0kg de coca\u00efne saisis sur un voilier au large des Marquises, un record<\/a><\/p>\n","protected":false},"excerpt":{"rendered":"Enqu\u00eate &#8211; La drogue \u00e9tait pist\u00e9e depuis la Guadeloupe avant d\u2019arriver par bateau \u00e0 Dunkerque puis d\u2019\u00eatre envoy\u00e9e&hellip;\n","protected":false},"author":2,"featured_media":368769,"comment_status":"","ping_status":"","sticky":false,"template":"","format":"standard","meta":{"footnotes":""},"categories":[2815],"tags":[1111,11,1777,674,1011,27,6142,811,1307,12,11855,50318,25],"class_list":{"0":"post-368768","1":"post","2":"type-post","3":"status-publish","4":"format-standard","5":"has-post-thumbnail","7":"category-lille","8":"tag-actu","9":"tag-actualites","10":"tag-eu","11":"tag-europe","12":"tag-fr","13":"tag-france","14":"tag-guadeloupe","15":"tag-hauts-de-france","16":"tag-lille","17":"tag-news","18":"tag-police-judiciaire","19":"tag-port-de-dunkerque","20":"tag-republique-francaise"},"share_on_mastodon":{"url":"https:\/\/pubeurope.com\/@fr\/115153081753944607","error":""},"_links":{"self":[{"href":"https:\/\/www.europesays.com\/fr\/wp-json\/wp\/v2\/posts\/368768","targetHints":{"allow":["GET"]}}],"collection":[{"href":"https:\/\/www.europesays.com\/fr\/wp-json\/wp\/v2\/posts"}],"about":[{"href":"https:\/\/www.europesays.com\/fr\/wp-json\/wp\/v2\/types\/post"}],"author":[{"embeddable":true,"href":"https:\/\/www.europesays.com\/fr\/wp-json\/wp\/v2\/users\/2"}],"replies":[{"embeddable":true,"href":"https:\/\/www.europesays.com\/fr\/wp-json\/wp\/v2\/comments?post=368768"}],"version-history":[{"count":0,"href":"https:\/\/www.europesays.com\/fr\/wp-json\/wp\/v2\/posts\/368768\/revisions"}],"wp:featuredmedia":[{"embeddable":true,"href":"https:\/\/www.europesays.com\/fr\/wp-json\/wp\/v2\/media\/368769"}],"wp:attachment":[{"href":"https:\/\/www.europesays.com\/fr\/wp-json\/wp\/v2\/media?parent=368768"}],"wp:term":[{"taxonomy":"category","embeddable":true,"href":"https:\/\/www.europesays.com\/fr\/wp-json\/wp\/v2\/categories?post=368768"},{"taxonomy":"post_tag","embeddable":true,"href":"https:\/\/www.europesays.com\/fr\/wp-json\/wp\/v2\/tags?post=368768"}],"curies":[{"name":"wp","href":"https:\/\/api.w.org\/{rel}","templated":true}]}}