{"id":368770,"date":"2025-09-05T18:22:10","date_gmt":"2025-09-05T18:22:10","guid":{"rendered":"https:\/\/www.europesays.com\/fr\/368770\/"},"modified":"2025-09-05T18:22:10","modified_gmt":"2025-09-05T18:22:10","slug":"lincroyable-rate-dun-braquage-a-marseille-en-appel-aux-assises-des-alpes-maritimes","status":"publish","type":"post","link":"https:\/\/www.europesays.com\/fr\/368770\/","title":{"rendered":"L\u2019incroyable rat\u00e9 d\u2019un braquage \u00e0 Marseille en appel aux assises des Alpes-Maritimes"},"content":{"rendered":"<p>Lors d\u2019une suspension d\u2019audience, un spectateur raille: \u00ab\u00a0Jacques Mesrine doit se retourner dans sa tombe\u00a0\u00bb. Un commentaire qui r\u00e9sume \u00e0 vrai dire assez bien le braquage d\u2019un Lidl le samedi 15 septembre 2018 \u00e0 Marseille. Loin d\u2019\u00eatre spectaculaire ou lucratif, il est surtout rest\u00e9 c\u00e9l\u00e8bre\u2026 pour son fiasco.<\/p>\n<p>Des voleurs vol\u00e9s\u2026 et tabass\u00e9s<\/p>\n<p>Vers 19h30, les deux malfaiteurs arrivent en BMW vol\u00e9e devant le magasin du 15e arrondissement de Marseille, un secteur d\u00e9crit comme \u00ab\u00a0populaire et d\u00e9favoris\u00e9\u00a0\u00bb par le directeur d\u2019enqu\u00eate Cyril Sabonnadi\u00e8re. Arm\u00e9s d\u2019un pistolet automatique et d\u2019un fusil \u00e0 pompe, ils p\u00e9n\u00e8trent dans le magasin, le visage dissimul\u00e9 derri\u00e8re un bas et des lunettes de soleil. L\u2019un vide les caisses, l\u2019autre est conduit jusqu\u2019au coffre. Le butin: 8.112 euros, loin d\u2019un \u00ab\u00a0casse du si\u00e8cle\u00a0\u00bb.<\/p>\n<p>Mais \u00e0 peine sortis, ils tombent sur une dizaine de vendeurs \u00e0 la sauvette. La confrontation d\u00e9g\u00e9n\u00e8re, Gamal Oubadi est violemment frapp\u00e9 et bless\u00e9, tandis que son complice, Nabil Attalah, tire \u00e0 deux reprises avec son pistolet automatique avant de grimper dans la voiture. Dans la pr\u00e9cipitation, il fait marche arri\u00e8re et percute son propre partenaire, toujours au sol, puis prend la fuite. Il est finalement interpell\u00e9 le 10 octobre, \u00e0 l\u2019a\u00e9roport de Marignane, de retour d\u2019un s\u00e9jour en Alg\u00e9rie. Profitant de la bagarre, des individus se sont empar\u00e9s du sac rempli d\u2019argent. Le butin n\u2019a jamais \u00e9t\u00e9 retrouv\u00e9.<\/p>\n<p>Le Lidl d\u00e9j\u00e0 vis\u00e9 deux mois plus t\u00f4t<\/p>\n<p>Deux mois avant le fiasco de juillet, ce m\u00eame supermarch\u00e9 Lidl avait d\u00e9j\u00e0 \u00e9t\u00e9 braqu\u00e9. L\u00e0 encore, deux hommes arm\u00e9s d\u2019un pistolet automatique et d\u2019un fusil \u00e0 pompe avaient s\u00e9vi. Cette premi\u00e8re fois, l\u2019op\u00e9ration s\u2019\u00e9tait d\u00e9roul\u00e9e sans incident: les malfaiteurs \u00e9taient repartis avec 13.600 euros. L\u2019enqu\u00eate a rapidement \u00e9tabli que les auteurs n\u2019\u00e9taient autres que Gamal Oubadi et Nabil Attalah. Si ce dernier avait reconnu les faits, Oubadi, lui, niait fermement toute implication malgr\u00e9 des preuves accablantes, notamment la pr\u00e9sence de son ADN sur le fusil \u00e0 pompe, ainsi que dans le v\u00e9hicule Renault Megan qui avait servi en juillet. Une employ\u00e9e va \u00e9galement formellement identifier les deux malfaiteurs.<\/p>\n<p>Coup de th\u00e9\u00e2tre jeudi matin \u00e0 l\u2019audience pr\u00e9sid\u00e9e par Emmanuelle De Rosa, l\u2019homme de 59 ans, fragilis\u00e9 par plusieurs AVC, a finalement tout avou\u00e9. Une strat\u00e9gie qui vise sans nul doute \u00e0 obtenir un all\u00e9gement de peine. Condamn\u00e9 en premi\u00e8re instance \u00e0 20 ans de r\u00e9clusion \u00e0 Aix-en-Provence en 2021 (contre 13 ans pour son complice), Oubadi compara\u00eet cette fois seul devant la cour d\u2019assises des Alpes-Maritimes assist\u00e9 de Ma\u00eetre Fabrice Giletta.<\/p>\n<p>Le proc\u00e8s qui s\u2019est ouvert jeudi, devrait durer quatre jours.<\/p>\n","protected":false},"excerpt":{"rendered":"Lors d\u2019une suspension d\u2019audience, un spectateur raille: \u00ab\u00a0Jacques Mesrine doit se retourner dans sa tombe\u00a0\u00bb. Un commentaire qui&hellip;\n","protected":false},"author":2,"featured_media":368771,"comment_status":"","ping_status":"","sticky":false,"template":"","format":"standard","meta":{"footnotes":""},"categories":[2814],"tags":[1111,11,1777,674,1011,27,303,884,12,882,25],"class_list":{"0":"post-368770","1":"post","2":"type-post","3":"status-publish","4":"format-standard","5":"has-post-thumbnail","7":"category-marseille","8":"tag-actu","9":"tag-actualites","10":"tag-eu","11":"tag-europe","12":"tag-fr","13":"tag-france","14":"tag-justice","15":"tag-marseille","16":"tag-news","17":"tag-provence-alpes-cote-dazur","18":"tag-republique-francaise"},"share_on_mastodon":{"url":"https:\/\/pubeurope.com\/@fr\/115153085772569705","error":""},"_links":{"self":[{"href":"https:\/\/www.europesays.com\/fr\/wp-json\/wp\/v2\/posts\/368770","targetHints":{"allow":["GET"]}}],"collection":[{"href":"https:\/\/www.europesays.com\/fr\/wp-json\/wp\/v2\/posts"}],"about":[{"href":"https:\/\/www.europesays.com\/fr\/wp-json\/wp\/v2\/types\/post"}],"author":[{"embeddable":true,"href":"https:\/\/www.europesays.com\/fr\/wp-json\/wp\/v2\/users\/2"}],"replies":[{"embeddable":true,"href":"https:\/\/www.europesays.com\/fr\/wp-json\/wp\/v2\/comments?post=368770"}],"version-history":[{"count":0,"href":"https:\/\/www.europesays.com\/fr\/wp-json\/wp\/v2\/posts\/368770\/revisions"}],"wp:featuredmedia":[{"embeddable":true,"href":"https:\/\/www.europesays.com\/fr\/wp-json\/wp\/v2\/media\/368771"}],"wp:attachment":[{"href":"https:\/\/www.europesays.com\/fr\/wp-json\/wp\/v2\/media?parent=368770"}],"wp:term":[{"taxonomy":"category","embeddable":true,"href":"https:\/\/www.europesays.com\/fr\/wp-json\/wp\/v2\/categories?post=368770"},{"taxonomy":"post_tag","embeddable":true,"href":"https:\/\/www.europesays.com\/fr\/wp-json\/wp\/v2\/tags?post=368770"}],"curies":[{"name":"wp","href":"https:\/\/api.w.org\/{rel}","templated":true}]}}