{"id":368774,"date":"2025-09-05T18:24:10","date_gmt":"2025-09-05T18:24:10","guid":{"rendered":"https:\/\/www.europesays.com\/fr\/368774\/"},"modified":"2025-09-05T18:24:10","modified_gmt":"2025-09-05T18:24:10","slug":"une-nuit-entiere-dediee-au-cinema-danimation-japonais-va-eblouir-lyon-en-octobre","status":"publish","type":"post","link":"https:\/\/www.europesays.com\/fr\/368774\/","title":{"rendered":"Une nuit enti\u00e8re d\u00e9di\u00e9e au cin\u00e9ma d\u2019animation japonais va \u00e9blouir Lyon en octobre"},"content":{"rendered":"<p data-start=\"398\" data-end=\"838\"><strong data-start=\"398\" data-end=\"532\">Le Festival Lumi\u00e8re confirme son statut de rendez-vous incontournable pour les cin\u00e9philes en proposant une nuit th\u00e9matique unique.<\/strong> Apr\u00e8s une \u00e9dition 2024 plac\u00e9e sous le signe de l\u2019\u00e9pouvante, c\u2019est l\u2019animation japonaise qui prend la lumi\u00e8re en 2025. Du 11 au 19 octobre, Lyon vivra au rythme du cin\u00e9ma mondial, et la Halle Tony Garnier accueillera le 18 octobre une soir\u00e9e marathon qui promet d\u2019attirer tous les passionn\u00e9s de Japanime.<\/p>\n<p>&#13;<br \/>\n<strong>Quatre chefs-d\u2019\u0153uvre cultes projet\u00e9s jusqu\u2019au matin<\/strong>&#13;<\/p>\n<p data-start=\"898\" data-end=\"1407\"><strong data-start=\"898\" data-end=\"1025\">De 20 h 30 jusqu\u2019\u00e0 l\u2019aube, les spectateurs pourront red\u00e9couvrir des p\u00e9pites incontournables du cin\u00e9ma d\u2019animation japonais.<\/strong> Au programme\u00a0: Princesse Mononok\u00e9 de Hayao Miyazaki, fresque \u00e9cologique intemporelle, Your Name de Makoto Shinkai, romance fantastique devenue ph\u00e9nom\u00e8ne mondial, Belladonna d\u2019Eiichi Yamamoto, \u0153uvre psych\u00e9d\u00e9lique rare et hypnotique, et enfin Paprika de Satoshi Kon, voyage hallucinant aux fronti\u00e8res du r\u00eave. De quoi offrir une exp\u00e9rience cin\u00e9phile intense et inoubliable.<\/p>\n<p>&#13;<br \/>\nUne immersion totale dans l\u2019univers \u201cJapanime\u201d&#13;<\/p>\n<p data-start=\"1462\" data-end=\"1838\"><strong data-start=\"1462\" data-end=\"1551\">Bien plus qu\u2019une simple projection, cette nuit g\u00e9ante promet une v\u00e9ritable immersion.<\/strong> Quiz, animations et ambiance conviviale rythmeront la soir\u00e9e avant que le petit-d\u00e9jeuner, offert par l\u2019organisation, ne vienne r\u00e9compenser les plus courageux \u00e0 la sortie de la salle. C\u2019est une exp\u00e9rience collective unique, o\u00f9 la passion du grand \u00e9cran se vit jusqu\u2019au lever du soleil.<\/p>\n<p>&#13;<\/p>\n<p data-start=\"1462\" data-end=\"1838\"><a href=\"https:\/\/r.newsletter.institut-lumiere.org\/mk\/mr\/sh\/1t6AVsg9Ynm8rP4MMo3tk6i16JYevZ\/KefPMpzzcMEt\" rel=\"nofollow noopener noreferrer\" target=\"_blank\">Infos et r\u00e9servations ici<\/a><\/p>\n","protected":false},"excerpt":{"rendered":"Le Festival Lumi\u00e8re confirme son statut de rendez-vous incontournable pour les cin\u00e9philes en proposant une nuit th\u00e9matique unique.&hellip;\n","protected":false},"author":2,"featured_media":368775,"comment_status":"","ping_status":"","sticky":false,"template":"","format":"standard","meta":{"footnotes":""},"categories":[1889],"tags":[1111,11,2430,1777,674,1011,27,2428,12,25],"class_list":{"0":"post-368774","1":"post","2":"type-post","3":"status-publish","4":"format-standard","5":"has-post-thumbnail","7":"category-lyon","8":"tag-actu","9":"tag-actualites","10":"tag-auvergne-rhone-alpes","11":"tag-eu","12":"tag-europe","13":"tag-fr","14":"tag-france","15":"tag-lyon","16":"tag-news","17":"tag-republique-francaise"},"share_on_mastodon":{"url":"https:\/\/pubeurope.com\/@fr\/115153093537435598","error":""},"_links":{"self":[{"href":"https:\/\/www.europesays.com\/fr\/wp-json\/wp\/v2\/posts\/368774","targetHints":{"allow":["GET"]}}],"collection":[{"href":"https:\/\/www.europesays.com\/fr\/wp-json\/wp\/v2\/posts"}],"about":[{"href":"https:\/\/www.europesays.com\/fr\/wp-json\/wp\/v2\/types\/post"}],"author":[{"embeddable":true,"href":"https:\/\/www.europesays.com\/fr\/wp-json\/wp\/v2\/users\/2"}],"replies":[{"embeddable":true,"href":"https:\/\/www.europesays.com\/fr\/wp-json\/wp\/v2\/comments?post=368774"}],"version-history":[{"count":0,"href":"https:\/\/www.europesays.com\/fr\/wp-json\/wp\/v2\/posts\/368774\/revisions"}],"wp:featuredmedia":[{"embeddable":true,"href":"https:\/\/www.europesays.com\/fr\/wp-json\/wp\/v2\/media\/368775"}],"wp:attachment":[{"href":"https:\/\/www.europesays.com\/fr\/wp-json\/wp\/v2\/media?parent=368774"}],"wp:term":[{"taxonomy":"category","embeddable":true,"href":"https:\/\/www.europesays.com\/fr\/wp-json\/wp\/v2\/categories?post=368774"},{"taxonomy":"post_tag","embeddable":true,"href":"https:\/\/www.europesays.com\/fr\/wp-json\/wp\/v2\/tags?post=368774"}],"curies":[{"name":"wp","href":"https:\/\/api.w.org\/{rel}","templated":true}]}}