{"id":368780,"date":"2025-09-05T18:28:12","date_gmt":"2025-09-05T18:28:12","guid":{"rendered":"https:\/\/www.europesays.com\/fr\/368780\/"},"modified":"2025-09-05T18:28:12","modified_gmt":"2025-09-05T18:28:12","slug":"trois-malfrats-deguises-en-livreurs-une-influenceuse-a-t-elle-echappe-a-une-tentative-de-sequestration-2","status":"publish","type":"post","link":"https:\/\/www.europesays.com\/fr\/368780\/","title":{"rendered":"Trois malfrats d\u00e9guis\u00e9s en livreurs\u2026 Une influenceuse a-t-elle \u00e9chapp\u00e9 \u00e0 une tentative de s\u00e9questration\u00a0?"},"content":{"rendered":"<p>Il semblerait qu\u2019il s\u2019en est fallu de peu pour que le compte de f\u00e9e de <a href=\"https:\/\/www.20minutes.fr\/arts-stars\/web\/influenceur\/\" class=\"c-link c-link--is-underlined\" rel=\"nofollow noopener\" target=\"_blank\">l\u2019influenceuse et femme <\/a>d\u2019affaires f\u00e9rue de mode <a href=\"https:\/\/www.instagram.com\/kikaosunde\/\" rel=\"nofollow noopener\" target=\"_blank\" class=\"c-link c-link--is-underlined\">Kika Osunde<\/a> ne vire au cauchemar. Selon le journal <a href=\"https:\/\/www.leparisien.fr\/faits-divers\/paris-la-tentative-de-sequestration-de-linfluenceuse-kika-osunde-dejouee-in-extremis-par-la-police-judiciaire-05-09-2025-N3SZ2GW5TBHZRL44IBJ2T7TW5Q.php\" target=\"_blank\" class=\"c-link c-link--is-underlined\" rel=\"nofollow noopener\">Le Parisien<\/a>, la s\u00e9questration de la trentenaire nig\u00e9rianne a \u00e9t\u00e9 d\u00e9jou\u00e9e in extremis par les policiers de la <a href=\"https:\/\/www.20minutes.fr\/dossier\/bri\" class=\"c-link c-link--is-underlined\" rel=\"nofollow noopener\" target=\"_blank\">BRI de Paris<\/a> qui ont interpell\u00e9 trois hommes.<\/p>\n<p>Des perquisitions en cours<\/p>\n<p>Les faits se sont produits jeudi en milieu de journ\u00e9e dans le quartier de Montparnasse \u00e0 Paris. Trois hommes d\u00e9guis\u00e9s en livreurs, mais des \u00e9l\u00e9ments de l\u2019enqu\u00eate doivent \u00eatre consolid\u00e9s pr\u00e9cisent nos confr\u00e8res, s\u2019appr\u00eataient \u00e0 la s\u00e9questrer lorsqu\u2019ils ont \u00e9t\u00e9 interpell\u00e9s.<\/p>\n<p>Toujours selon le Parisien, le parquet de Paris a ouvert une enqu\u00eate du \u00ab\u00a0chef de participation \u00e0 une association de malfaiteurs en vue de la pr\u00e9paration d\u2019un crime\u00a0\u00bb et des perquisitions ont eu lieu alors que les suspects sont en garde \u00e0 vue.<\/p>\n<p><script async src=\"\/\/www.instagram.com\/embed.js\"><\/script><\/p>\n","protected":false},"excerpt":{"rendered":"Il semblerait qu\u2019il s\u2019en est fallu de peu pour que le compte de f\u00e9e de l\u2019influenceuse et femme&hellip;\n","protected":false},"author":2,"featured_media":368781,"comment_status":"","ping_status":"","sticky":false,"template":"","format":"standard","meta":{"footnotes":""},"categories":[1888],"tags":[1111,1928,47,11,1927,1261,40709,2716,1067,1777,674,118,658,1011,27,662,2438,310,12,1926,4778,626,1925,10857,25,938,6188,104],"class_list":{"0":"post-368780","1":"post","2":"type-post","3":"status-publish","4":"format-standard","5":"has-post-thumbnail","7":"category-paris","8":"tag-actu","9":"tag-actu-paris","10":"tag-actualite","11":"tag-actualites","12":"tag-actualites-paris","13":"tag-argent","14":"tag-bri","15":"tag-enlevement","16":"tag-enquete","17":"tag-eu","18":"tag-europe","19":"tag-faits-divers","20":"tag-faits-divers-paris","21":"tag-fr","22":"tag-france","23":"tag-ile-de-france","24":"tag-influenceur","25":"tag-internet","26":"tag-news","27":"tag-news-paris","28":"tag-nigeria","29":"tag-paris","30":"tag-paris-news","31":"tag-parquet-de-paris","32":"tag-republique-francaise","33":"tag-reseaux-sociaux","34":"tag-sequestration","35":"tag-societe"},"share_on_mastodon":{"url":"https:\/\/pubeurope.com\/@fr\/115153109241422833","error":""},"_links":{"self":[{"href":"https:\/\/www.europesays.com\/fr\/wp-json\/wp\/v2\/posts\/368780","targetHints":{"allow":["GET"]}}],"collection":[{"href":"https:\/\/www.europesays.com\/fr\/wp-json\/wp\/v2\/posts"}],"about":[{"href":"https:\/\/www.europesays.com\/fr\/wp-json\/wp\/v2\/types\/post"}],"author":[{"embeddable":true,"href":"https:\/\/www.europesays.com\/fr\/wp-json\/wp\/v2\/users\/2"}],"replies":[{"embeddable":true,"href":"https:\/\/www.europesays.com\/fr\/wp-json\/wp\/v2\/comments?post=368780"}],"version-history":[{"count":0,"href":"https:\/\/www.europesays.com\/fr\/wp-json\/wp\/v2\/posts\/368780\/revisions"}],"wp:featuredmedia":[{"embeddable":true,"href":"https:\/\/www.europesays.com\/fr\/wp-json\/wp\/v2\/media\/368781"}],"wp:attachment":[{"href":"https:\/\/www.europesays.com\/fr\/wp-json\/wp\/v2\/media?parent=368780"}],"wp:term":[{"taxonomy":"category","embeddable":true,"href":"https:\/\/www.europesays.com\/fr\/wp-json\/wp\/v2\/categories?post=368780"},{"taxonomy":"post_tag","embeddable":true,"href":"https:\/\/www.europesays.com\/fr\/wp-json\/wp\/v2\/tags?post=368780"}],"curies":[{"name":"wp","href":"https:\/\/api.w.org\/{rel}","templated":true}]}}