{"id":368782,"date":"2025-09-05T18:29:25","date_gmt":"2025-09-05T18:29:25","guid":{"rendered":"https:\/\/www.europesays.com\/fr\/368782\/"},"modified":"2025-09-05T18:29:25","modified_gmt":"2025-09-05T18:29:25","slug":"la-mairie-prevoit-dinscrire-72-noms-de-femmes-savantes-sur-la-tour-eiffel","status":"publish","type":"post","link":"https:\/\/www.europesays.com\/fr\/368782\/","title":{"rendered":"la mairie pr\u00e9voit d&rsquo;inscrire 72 noms de femmes savantes sur la tour Eiffel"},"content":{"rendered":"<p class=\"mb-4 text-lg md:leading-8 break-words\">La mairie de Paris souhaite parer <a href=\"https:\/\/www.bfmtv.com\/paris\/faits-divers\/paris-deux-personnes-escaladent-et-sautent-en-parachute-de-la-tour-eiffel-trois-individus-places-en-garde-a-vue_AN-202507100497.html\" rel=\"nofollow noopener\" target=\"_blank\" data-ylk=\"slk:la tour Eiffel;elm:context_link;itc:0;sec:content-canvas\" class=\"link \">la tour Eiffel<\/a> d&rsquo;une frise de 72 noms de femmes scientifiques, aux c\u00f4t\u00e9s des 72 noms de savants, uniquement masculins, que Gustave Eiffel avait fait inscrire sur la Dame de fer il y a plus de 130 ans.<\/p>\n<p class=\"mb-4 text-lg md:leading-8 break-words\">\u00ab\u00a0L&rsquo;ambition est de rendre visible la contribution historique des femmes aux sciences et technologies\u00a0\u00bb sur le monument embl\u00e9matique de la capitale, propri\u00e9t\u00e9 de la municipalit\u00e9, explique la commission d&rsquo;experts charg\u00e9e de d\u00e9finir une feuille de route pour ce projet, qui a rendu vendredi ses conclusions \u00e0 la maire socialiste Anne Hidalgo.<\/p>\n<p class=\"mb-4 text-lg md:leading-8 break-words\">Cet hommage rem\u00e9dierait \u00e0 \u00ab\u00a0l&rsquo;effet Matilda\u00a0\u00bb, \u00e0 savoir la minimisation syst\u00e9matique de l&rsquo;apport des femmes \u00e0 la recherche scientifique, d\u00e9taille cette commission pr\u00e9sid\u00e9e par l&rsquo;astrophysicienne Isabelle Vauglin, vice-pr\u00e9sidente de l&rsquo;association Femmes &amp; Sciences, et le pr\u00e9sident de la soci\u00e9t\u00e9 d&rsquo;exploitation de la tour Eiffel (Sete) Jean-Fran\u00e7ois Martins.<\/p>\n<p>Des femmes \u00e9m\u00e9rites<\/p>\n<p class=\"mb-4 text-lg md:leading-8 break-words\">Lors de l&rsquo;\u00e9dification du monument en 1889, l&rsquo;ing\u00e9nieur Gustave Eiffel avait fait inscrire, sur la grande frise du premier \u00e9tage, le nom de 72 des plus grands savants fran\u00e7ais ayant marqu\u00e9 l&rsquo;histoire depuis la R\u00e9volution.<\/p>\n<p class=\"mb-4 text-lg md:leading-8 break-words\">Ces noms, alors peints en lettres d&rsquo;or de 60 centim\u00e8tres de haut, ont disparu pendant plusieurs d\u00e9cennies au cours d&rsquo;une campagne de peinture, pour \u00eatre \u00e0 nouveaux inscrits en relief en 1989.<\/p>\n<p class=\"mb-4 text-lg md:leading-8 break-words\">Parmi eux: les chimistes Lavoisier et Chaptal, l&rsquo;industriel Schneider, les astronomes Arago et Laplace, le physicien Amp\u00e8re, le naturaliste Cuvier, l&rsquo;inventeur de la photographie Daguerre&#8230; et aucun nom f\u00e9minin, alors qu&rsquo;\u00e0 l&rsquo;\u00e9poque les travaux de femmes scientifiques, comme ceux de la math\u00e9maticienne Sophie Germain, \u00e9taient d\u00e9j\u00e0 reconnus, soulignent les experts.<\/p>\n<p class=\"mb-4 text-lg md:leading-8 break-words\">Une liste de noms sera propos\u00e9e avant la fin de l&rsquo;ann\u00e9e 2025 \u00e0 l&rsquo;\u00e9dile socialiste, qui validera la liste d\u00e9finitive. La commission veut limiter le choix aux \u00ab\u00a0femmes expertes \u00e9m\u00e9rites ayant v\u00e9cu entre 1789 et nos jours\u00a0\u00bb, aujourd&rsquo;hui d\u00e9c\u00e9d\u00e9es et principalement de nationalit\u00e9 fran\u00e7aise.<\/p>\n<p class=\"mb-4 text-lg md:leading-8 break-words\">Pour respecter la parit\u00e9, elle propose d&rsquo;installer les 72 noms de femmes en surplomb de la frise existante des 72 hommes, sur le pourtour ext\u00e9rieur du premier \u00e9tage, dans le respect des choix esth\u00e9tiques de Gustave Eiffel.<\/p>\n<p class=\"mb-4 text-lg md:leading-8 break-words\"><a href=\"https:\/\/www.bfmtv.com\/societe\/paris-la-mairie-prevoit-d-inscrire-72-noms-de-femmes-savantes-sur-la-tour-eiffel_AN-202509050775.html#xtor=AL-68\" rel=\"nofollow noopener\" target=\"_blank\" data-ylk=\"slk:Article original publi\u00e9 sur BFMTV.com;elm:context_link;itc:0;sec:content-canvas\" class=\"link \">Article original publi\u00e9 sur BFMTV.com<\/a><\/p>\n","protected":false},"excerpt":{"rendered":"La mairie de Paris souhaite parer la tour Eiffel d&rsquo;une frise de 72 noms de femmes scientifiques, aux&hellip;\n","protected":false},"author":2,"featured_media":368783,"comment_status":"","ping_status":"","sticky":false,"template":"","format":"standard","meta":{"footnotes":""},"categories":[1888],"tags":[1111,1928,11,1927,1777,674,50304,1011,27,48570,50319,30635,12,1926,16653,626,1925,25],"class_list":{"0":"post-368782","1":"post","2":"type-post","3":"status-publish","4":"format-standard","5":"has-post-thumbnail","7":"category-paris","8":"tag-actu","9":"tag-actu-paris","10":"tag-actualites","11":"tag-actualites-paris","12":"tag-eu","13":"tag-europe","14":"tag-femmes-scientifiques","15":"tag-fr","16":"tag-france","17":"tag-gustave-eiffel","18":"tag-isabelle-vauglin","19":"tag-la-tour-eiffel","20":"tag-news","21":"tag-news-paris","22":"tag-noms","23":"tag-paris","24":"tag-paris-news","25":"tag-republique-francaise"},"share_on_mastodon":{"url":"https:\/\/pubeurope.com\/@fr\/115153113187919204","error":""},"_links":{"self":[{"href":"https:\/\/www.europesays.com\/fr\/wp-json\/wp\/v2\/posts\/368782","targetHints":{"allow":["GET"]}}],"collection":[{"href":"https:\/\/www.europesays.com\/fr\/wp-json\/wp\/v2\/posts"}],"about":[{"href":"https:\/\/www.europesays.com\/fr\/wp-json\/wp\/v2\/types\/post"}],"author":[{"embeddable":true,"href":"https:\/\/www.europesays.com\/fr\/wp-json\/wp\/v2\/users\/2"}],"replies":[{"embeddable":true,"href":"https:\/\/www.europesays.com\/fr\/wp-json\/wp\/v2\/comments?post=368782"}],"version-history":[{"count":0,"href":"https:\/\/www.europesays.com\/fr\/wp-json\/wp\/v2\/posts\/368782\/revisions"}],"wp:featuredmedia":[{"embeddable":true,"href":"https:\/\/www.europesays.com\/fr\/wp-json\/wp\/v2\/media\/368783"}],"wp:attachment":[{"href":"https:\/\/www.europesays.com\/fr\/wp-json\/wp\/v2\/media?parent=368782"}],"wp:term":[{"taxonomy":"category","embeddable":true,"href":"https:\/\/www.europesays.com\/fr\/wp-json\/wp\/v2\/categories?post=368782"},{"taxonomy":"post_tag","embeddable":true,"href":"https:\/\/www.europesays.com\/fr\/wp-json\/wp\/v2\/tags?post=368782"}],"curies":[{"name":"wp","href":"https:\/\/api.w.org\/{rel}","templated":true}]}}