{"id":368786,"date":"2025-09-05T18:31:13","date_gmt":"2025-09-05T18:31:13","guid":{"rendered":"https:\/\/www.europesays.com\/fr\/368786\/"},"modified":"2025-09-05T18:31:13","modified_gmt":"2025-09-05T18:31:13","slug":"en-direct-football-loubao-delivre-le-fcsm-suivez-la-fin-de-paris-13","status":"publish","type":"post","link":"https:\/\/www.europesays.com\/fr\/368786\/","title":{"rendered":"En direct Football. Loubao d\u00e9livre le FCSM, suivez la fin de Paris 13"},"content":{"rendered":"<p>&#13;<br \/>\n                                                    En direct&#13;<br \/>\n                        &#13;\n                                            <\/p>\n<p>Alors que Versailles ne joue pas non plus ce vendredi, le FC Sochaux a l&rsquo;occasion d&rsquo;accroitre son avance en t\u00eate du National. Mais le d\u00e9placement s&rsquo;annonce pi\u00e9geux, au petit stade Pel\u00e9 du Paris 13 Atletico.<\/p>\n<p>&#13;<br \/>\n              J\u00e9r\u00f4me Flury &#8211; &#13;<br \/>\n        &#13;<br \/>\n          Aujourd&rsquo;hui \u00e0 08:00&#13;<br \/>\n    &#13;<br \/>\n                  | mis \u00e0 jour aujourd&rsquo;hui \u00e0 20:30&#13;<br \/>\n              &#8211; Temps de lecture : &#13;<br \/>\n  &#13;<\/p>\n","protected":false},"excerpt":{"rendered":"&#13; En direct&#13; &#13; Alors que Versailles ne joue pas non plus ce vendredi, le FC Sochaux a&hellip;\n","protected":false},"author":2,"featured_media":368787,"comment_status":"","ping_status":"","sticky":false,"template":"","format":"standard","meta":{"footnotes":""},"categories":[1888],"tags":[11,22758,3545,8026,14383,14384,8698,1777,674,14186,1701,1795,63,1011,27,8027,12,626,50320,11058,25,517,14185],"class_list":{"0":"post-368786","1":"post","2":"type-post","3":"status-publish","4":"format-standard","5":"has-post-thumbnail","7":"category-paris","8":"tag-actualites","9":"tag-belfort","10":"tag-direct-sport","11":"tag-doubs","12":"tag-edition-besancon","13":"tag-edition-pontarlier-haut-doubs","14":"tag-edition-vesoul-haute-saone","15":"tag-eu","16":"tag-europe","17":"tag-fc-sochaux-montbeliard","18":"tag-fil-info-sport","19":"tag-fil-web","20":"tag-football","21":"tag-fr","22":"tag-france","23":"tag-montbeliard","24":"tag-news","25":"tag-paris","26":"tag-pontarlier","27":"tag-region-franche-comte","28":"tag-republique-francaise","29":"tag-sport","30":"tag-sport-franc-comtois"},"share_on_mastodon":{"url":"https:\/\/pubeurope.com\/@fr\/115153120995629034","error":""},"_links":{"self":[{"href":"https:\/\/www.europesays.com\/fr\/wp-json\/wp\/v2\/posts\/368786","targetHints":{"allow":["GET"]}}],"collection":[{"href":"https:\/\/www.europesays.com\/fr\/wp-json\/wp\/v2\/posts"}],"about":[{"href":"https:\/\/www.europesays.com\/fr\/wp-json\/wp\/v2\/types\/post"}],"author":[{"embeddable":true,"href":"https:\/\/www.europesays.com\/fr\/wp-json\/wp\/v2\/users\/2"}],"replies":[{"embeddable":true,"href":"https:\/\/www.europesays.com\/fr\/wp-json\/wp\/v2\/comments?post=368786"}],"version-history":[{"count":0,"href":"https:\/\/www.europesays.com\/fr\/wp-json\/wp\/v2\/posts\/368786\/revisions"}],"wp:featuredmedia":[{"embeddable":true,"href":"https:\/\/www.europesays.com\/fr\/wp-json\/wp\/v2\/media\/368787"}],"wp:attachment":[{"href":"https:\/\/www.europesays.com\/fr\/wp-json\/wp\/v2\/media?parent=368786"}],"wp:term":[{"taxonomy":"category","embeddable":true,"href":"https:\/\/www.europesays.com\/fr\/wp-json\/wp\/v2\/categories?post=368786"},{"taxonomy":"post_tag","embeddable":true,"href":"https:\/\/www.europesays.com\/fr\/wp-json\/wp\/v2\/tags?post=368786"}],"curies":[{"name":"wp","href":"https:\/\/api.w.org\/{rel}","templated":true}]}}