{"id":368788,"date":"2025-09-05T18:32:09","date_gmt":"2025-09-05T18:32:09","guid":{"rendered":"https:\/\/www.europesays.com\/fr\/368788\/"},"modified":"2025-09-05T18:32:09","modified_gmt":"2025-09-05T18:32:09","slug":"mark-carney-appelle-a-maintenir-une-pression-maximale-sur-la-russie","status":"publish","type":"post","link":"https:\/\/www.europesays.com\/fr\/368788\/","title":{"rendered":"Mark Carney appelle \u00e0 maintenir une \u00abpression maximale\u00bb sur la Russie"},"content":{"rendered":"<p>OTTAWA \u2014 Le Canada et ses autres alli\u00e9s doivent maintenir une \u00abpression maximale\u00bb sur Moscou, a d\u00e9clar\u00e9 vendredi le premier ministre Mark Carney, apr\u00e8s que le pr\u00e9sident russe Vladimir Poutine a menac\u00e9 de cibler les troupes \u00e9trang\u00e8res si elles \u00e9taient d\u00e9ploy\u00e9es en Ukraine.<\/p>\n<p>Le dirigeant russe \u00abn\u2019a pas encore accept\u00e9 la n\u00e9cessit\u00e9 de la paix\u00bb, a d\u00e9clar\u00e9 le premier ministre en r\u00e9ponse \u00e0 une question d\u2019un journaliste lors d\u2019une conf\u00e9rence de presse \u00e0 Mississauga, en Ontario.<\/p>\n<p>\u00abM.\u00a0Poutine est la cause de cette guerre, il est la raison des meurtres, a-t-il d\u00e9clar\u00e9. Il ne dictera pas les conditions de la paix.\u00bb<\/p>\n<p>M.\u00a0Carney a affirm\u00e9 que la pression des alli\u00e9s sur la Russie comprendrait l\u2019imposition de nouvelles sanctions, l\u2019assurance que les forces ukrainiennes sont arm\u00e9es et que l\u2019Ukraine soit soutenue \u00ablorsque les hostilit\u00e9s cesseront\u00bb. Il a ajout\u00e9 que la prochaine s\u00e9rie de sanctions est actuellement pr\u00e9par\u00e9e par les alli\u00e9s de l\u2019Ukraine. <\/p>\n<p>L\u2019Associated Press a rapport\u00e9 que Vladimir Poutine avait d\u00e9clar\u00e9 vendredi que toute troupe \u00e9trang\u00e8re d\u00e9ploy\u00e9e en Ukraine, en particulier pendant la guerre, serait consid\u00e9r\u00e9e comme une \u00abcible l\u00e9gitime\u00bb par les forces russes.<\/p>\n<p>M.\u00a0Poutine a \u00e9galement rejet\u00e9 l\u2019id\u00e9e de forces de maintien de la paix en Ukraine apr\u00e8s un accord de paix final, affirmant que \u00abpersonne ne devrait douter\u00bb du respect par Moscou d\u2019un trait\u00e9.<\/p>\n<p>Les porte-parole du premier ministre ont d\u00e9clar\u00e9 jeudi qu\u2019il avait inform\u00e9 ses alli\u00e9s, lors d\u2019une r\u00e9union virtuelle ce matin-l\u00e0, que le Canada \u00e9tait pr\u00eat \u00e0 d\u00e9ployer une \u00abaide militaire directe et \u00e9volutive\u00bb dans une Ukraine post-cessez-le-feu.<\/p>\n<p>Apr\u00e8s cette r\u00e9union, le pr\u00e9sident fran\u00e7ais Emmanuel Macron a annonc\u00e9 que 26\u00a0alli\u00e9s de l\u2019Ukraine s\u2019\u00e9taient engag\u00e9s \u00e0 d\u00e9ployer une \u00abforce de r\u00e9assurance\u00bb apr\u00e8s un cessez-le-feu ou un accord de paix.<\/p>\n<p>M.\u00a0Macron a d\u00e9clar\u00e9 que les pays s\u2019\u00e9taient engag\u00e9s \u00e0 d\u00e9ployer des troupes en Ukraine ou \u00e0 maintenir une pr\u00e9sence terrestre, maritime ou a\u00e9rienne.<\/p>\n<p>Plus t\u00f4t cette ann\u00e9e, le Canada a promis une aide militaire de 2\u00a0milliards\u00a0$ \u00e0 l\u2019Ukraine. Lors de sa premi\u00e8re visite \u00e0 Kyiv en tant que premier ministre en ao\u00fbt, Mark Carney a d\u00e9clar\u00e9 que ces fonds serviraient \u00e0 l\u2019achat de drones, de v\u00e9hicules blind\u00e9s et d\u2019autres munitions pour l\u2019Ukraine.<\/p>\n<p>Il a annonc\u00e9 ce financement pour la premi\u00e8re fois en juin, lors du sommet du G7 en Alberta. <\/p>\n<p>Le premier ministre a d\u00e9clar\u00e9 qu\u2019environ 40\u00a0% du fonds servirait \u00e0 financer des fournitures urgentes, notamment des v\u00e9hicules, des armes et du mat\u00e9riel m\u00e9dical. Un autre tiers du financement servira \u00e0 financer des achats d\u2019articles prioritaires de l\u2019OTAN, notamment du mat\u00e9riel, des munitions et des capacit\u00e9s de d\u00e9fense a\u00e9rienne des \u00c9tats-Unis.<\/p>\n<p>Le Canada s\u2019est \u00e9galement engag\u00e9 \u00e0 acheter des drones, des antidrones et des capacit\u00e9s de guerre \u00e9lectronique pour l\u2019Ukraine.<\/p>\n<p>Lors de sa visite \u00e0 Kyiv pour le Jour de l\u2019Ind\u00e9pendance de l\u2019Ukraine, M.\u00a0Carney a \u00e9galement annonc\u00e9 31\u00a0millions\u00a0$ d\u2019aide humanitaire et d\u2019autres mesures de soutien pour la reconstruction de ce pays d\u00e9chir\u00e9 par la guerre dans les ann\u00e9es \u00e0 venir.<\/p>\n<p>\u2014 Avec des informations d\u2019Anja Karadeglija et Craig Lord<\/p>\n","protected":false},"excerpt":{"rendered":"OTTAWA \u2014 Le Canada et ses autres alli\u00e9s doivent maintenir une \u00abpression maximale\u00bb sur Moscou, a d\u00e9clar\u00e9 vendredi&hellip;\n","protected":false},"author":2,"featured_media":368789,"comment_status":"","ping_status":"","sticky":false,"template":"","format":"standard","meta":{"footnotes":""},"categories":[1591],"tags":[11,1887,4576,12,1885,1886,132],"class_list":{"0":"post-368788","1":"post","2":"type-post","3":"status-publish","4":"format-standard","5":"has-post-thumbnail","7":"category-russie","8":"tag-actualites","9":"tag-federation-de-russie","10":"tag-https-lactualite-com-sujet-politique","11":"tag-news","12":"tag-russia","13":"tag-russian-federation","14":"tag-russie"},"share_on_mastodon":{"url":"https:\/\/pubeurope.com\/@fr\/115153124985658798","error":""},"_links":{"self":[{"href":"https:\/\/www.europesays.com\/fr\/wp-json\/wp\/v2\/posts\/368788","targetHints":{"allow":["GET"]}}],"collection":[{"href":"https:\/\/www.europesays.com\/fr\/wp-json\/wp\/v2\/posts"}],"about":[{"href":"https:\/\/www.europesays.com\/fr\/wp-json\/wp\/v2\/types\/post"}],"author":[{"embeddable":true,"href":"https:\/\/www.europesays.com\/fr\/wp-json\/wp\/v2\/users\/2"}],"replies":[{"embeddable":true,"href":"https:\/\/www.europesays.com\/fr\/wp-json\/wp\/v2\/comments?post=368788"}],"version-history":[{"count":0,"href":"https:\/\/www.europesays.com\/fr\/wp-json\/wp\/v2\/posts\/368788\/revisions"}],"wp:featuredmedia":[{"embeddable":true,"href":"https:\/\/www.europesays.com\/fr\/wp-json\/wp\/v2\/media\/368789"}],"wp:attachment":[{"href":"https:\/\/www.europesays.com\/fr\/wp-json\/wp\/v2\/media?parent=368788"}],"wp:term":[{"taxonomy":"category","embeddable":true,"href":"https:\/\/www.europesays.com\/fr\/wp-json\/wp\/v2\/categories?post=368788"},{"taxonomy":"post_tag","embeddable":true,"href":"https:\/\/www.europesays.com\/fr\/wp-json\/wp\/v2\/tags?post=368788"}],"curies":[{"name":"wp","href":"https:\/\/api.w.org\/{rel}","templated":true}]}}