{"id":368790,"date":"2025-09-05T18:33:10","date_gmt":"2025-09-05T18:33:10","guid":{"rendered":"https:\/\/www.europesays.com\/fr\/368790\/"},"modified":"2025-09-05T18:33:10","modified_gmt":"2025-09-05T18:33:10","slug":"les-francais-debutent-en-pologne-leur-campagne-de-qualification-de-la-coupe-du-monde-2026-suivez-le-match-avec-nous","status":"publish","type":"post","link":"https:\/\/www.europesays.com\/fr\/368790\/","title":{"rendered":"les Fran\u00e7ais d\u00e9butent en Pologne leur campagne de qualification de la Coupe du monde 2026&#8230; Suivez le match avec nous"},"content":{"rendered":"<p>L&rsquo;\u00e9quipe de France lance son sprint vers la Coupe du monde\u00a02026. Les hommes de Didier Deschamps ont pour mission de d\u00e9crocher leur ticket pour le Mondial en <a href=\"https:\/\/www.franceinfo.fr\/sports\/foot\/equipe-de-france\/qualifications-coupe-du-monde-2026-adrien-rabiot-appele-des-retours-en-defense-et-une-premiere-pour-maghnes-akliouche-la-liste-de-didier-deschamps-pour-affronter-l-ukraine-et-l-islande_7455586.html\" rel=\"nofollow noopener\" target=\"_blank\">finissant premiers du groupe\u00a0D<\/a>. Pour cela, les Bleus affronteront <a href=\"https:\/\/www.franceinfo.fr\/sports\/foot\/equipe-de-france\/ukraine-france-comment-les-joueurs-ukrainiens-participent-a-leur-maniere-a-la-guerre-contre-l-invasion-russe_7449169.html\" rel=\"nofollow noopener\" target=\"_blank\">l&rsquo;Ukraine, \u00e0 Wroclaw (Pologne)<\/a>, vendredi\u00a05 septembre, pour lancer leur campagne, qui durera deux mois et demi.<\/p>\n<p class=\"c-body__bullet\"><strong> Derni\u00e8re campagne qualificative de l&rsquo;\u00e8re Deschamps.<\/strong> Les Bleus entament vendredi la phase de qualification pour le Mondial\u00a02026,\u00a0organis\u00e9 l&rsquo;an prochain aux Etats-Unis, au Mexique et au Canada. Didier Deschamps, qui tentera d&#8217;emmener ses joueurs vers une 7e\u00a0phase finale, a annonc\u00e9 <a href=\"https:\/\/www.franceinfo.fr\/sports\/foot\/equipe-de-france\/didier-deschamps-j-ai-fait-mon-temps-confie-le-selectionneur-de-l-equipe-de-france-qui-quittera-la-tete-des-bleus-apres-la-coupe-du-monde-2026_7001246.html\" rel=\"nofollow noopener\" target=\"_blank\">ranger son costume de s\u00e9lectionneur \u00e0 l&rsquo;issue de son contrat<\/a>, apr\u00e8s la comp\u00e9tition.<\/p>\n<p class=\"c-body__bullet\"><strong> L&rsquo;Ukraine, pas une formalit\u00e9.<\/strong> En guise de premier match, l&rsquo;\u00e9quipe de France est oppos\u00e9e \u00e0 l&rsquo;Ukraine, \u00ab\u00a0l&rsquo;adversaire le plus costaud\u00a0\u00bb des Bleus dans ce groupe\u00a0D, selon les mots de Didier Deschamps. Bien que cette s\u00e9lection ait rat\u00e9 les qualifications des quatre derni\u00e8res Coupes du monde, Didier Deschamps balaye d&rsquo;un revers de la main le statut de favori des Bleus. \u00ab\u00a0\u00c7a n&rsquo;a jamais \u00e9t\u00e9 une formalit\u00e9 de se qualifier, a-t-il insist\u00e9 en conf\u00e9rence de presse. Le haut niveau est impitoyable. Si on ne met pas ce qu&rsquo;on doit mettre, on s&rsquo;expose \u00e0 des difficult\u00e9s. Donc il ne s&rsquo;agit pas d&rsquo;avoir de la crainte mais d&rsquo;\u00eatre vigilant et conscient que rien n&rsquo;est fait. La qualification, il va falloir aller la chercher sur ces six\u00a0matchs\u00a0\u00bb, a-t-il lanc\u00e9.<\/p>\n<p class=\"c-body__bullet\"><strong> Des joueurs dans des formes disparates. <\/strong>Bien que la France soit favorite sur le papier, <a href=\"https:\/\/www.franceinfo.fr\/sports\/foot\/equipe-de-france\/eliminatoires-du-mondial-de-foot-2026-il-va-falloir-vraiment-faire-attention-a-la-forme-athletique-des-bleus-estime-bixente-lizarazu_7474699.html\" rel=\"nofollow noopener\" target=\"_blank\">les \u00e9tats de forme des joueurs sont disparates<\/a>, ce qui rend ce d\u00e9but de saison incertain. Certains d&rsquo;entre eux, dont le parcours en club a \u00e9t\u00e9 plus long que les autres, comme Bradley Barcola, Lucas Hernandez ou D\u00e9sir\u00e9 Dou\u00e9, ont eu peu de repos et ont connu une pr\u00e9paration tr\u00e8s courte cet \u00e9t\u00e9. Une incertitude entoure aussi le retour d&rsquo;Ousmane Demb\u00e9l\u00e9, lui qui est sorti du terrain le 30\u00a0ao\u00fbt pour une blessure au niveau de la cuisse gauche lors du match du PSG face \u00e0 Toulouse.<\/p>\n","protected":false},"excerpt":{"rendered":"L&rsquo;\u00e9quipe de France lance son sprint vers la Coupe du monde\u00a02026. Les hommes de Didier Deschamps ont pour&hellip;\n","protected":false},"author":2,"featured_media":368791,"comment_status":"","ping_status":"","sticky":false,"template":"","format":"standard","meta":{"footnotes":""},"categories":[1590],"tags":[11,1777,674,12,220],"class_list":{"0":"post-368790","1":"post","2":"type-post","3":"status-publish","4":"format-standard","5":"has-post-thumbnail","7":"category-ukraine","8":"tag-actualites","9":"tag-eu","10":"tag-europe","11":"tag-news","12":"tag-ukraine"},"share_on_mastodon":{"url":"https:\/\/pubeurope.com\/@fr\/115153128966790547","error":""},"_links":{"self":[{"href":"https:\/\/www.europesays.com\/fr\/wp-json\/wp\/v2\/posts\/368790","targetHints":{"allow":["GET"]}}],"collection":[{"href":"https:\/\/www.europesays.com\/fr\/wp-json\/wp\/v2\/posts"}],"about":[{"href":"https:\/\/www.europesays.com\/fr\/wp-json\/wp\/v2\/types\/post"}],"author":[{"embeddable":true,"href":"https:\/\/www.europesays.com\/fr\/wp-json\/wp\/v2\/users\/2"}],"replies":[{"embeddable":true,"href":"https:\/\/www.europesays.com\/fr\/wp-json\/wp\/v2\/comments?post=368790"}],"version-history":[{"count":0,"href":"https:\/\/www.europesays.com\/fr\/wp-json\/wp\/v2\/posts\/368790\/revisions"}],"wp:featuredmedia":[{"embeddable":true,"href":"https:\/\/www.europesays.com\/fr\/wp-json\/wp\/v2\/media\/368791"}],"wp:attachment":[{"href":"https:\/\/www.europesays.com\/fr\/wp-json\/wp\/v2\/media?parent=368790"}],"wp:term":[{"taxonomy":"category","embeddable":true,"href":"https:\/\/www.europesays.com\/fr\/wp-json\/wp\/v2\/categories?post=368790"},{"taxonomy":"post_tag","embeddable":true,"href":"https:\/\/www.europesays.com\/fr\/wp-json\/wp\/v2\/tags?post=368790"}],"curies":[{"name":"wp","href":"https:\/\/api.w.org\/{rel}","templated":true}]}}