{"id":368800,"date":"2025-09-05T18:38:12","date_gmt":"2025-09-05T18:38:12","guid":{"rendered":"https:\/\/www.europesays.com\/fr\/368800\/"},"modified":"2025-09-05T18:38:12","modified_gmt":"2025-09-05T18:38:12","slug":"comment-fonctionne-reellement-lunion-europeenne-reponse-au-centre-europa-experience-de-budapest","status":"publish","type":"post","link":"https:\/\/www.europesays.com\/fr\/368800\/","title":{"rendered":"Comment fonctionne r\u00e9ellement l&rsquo;Union europ\u00e9enne ? R\u00e9ponse au centre Europa Experience de Budapest"},"content":{"rendered":"<p class=\"mb-4 text-lg md:leading-8 break-words\">Comment les hautes instances de l&rsquo;Union europ\u00e9enne fonctionnent-elles au quotidien ? C&rsquo;est \u00e0 cette question complexe que vise \u00e0 r\u00e9pondre <a href=\"https:\/\/visiting.europarl.europa.eu\/fr\/visitor-offer\/other-locations\/europa-experience\/budapest\" rel=\"nofollow noopener\" target=\"_blank\" data-ylk=\"slk:le centre Europa Experience;elm:context_link;itc:0;sec:content-canvas\" class=\"link \"><strong>le centre Europa Experience<\/strong><\/a> qui a ouvert ses portes cet \u00e9t\u00e9 dans la capitale hongroise, Budapest.<\/p>\n<p class=\"mb-4 text-lg md:leading-8 break-words\">Il s&rsquo;agit de la 17e exposition de ce type mise en place par le Parlement europ\u00e9en et la Commission europ\u00e9enne dans les capitales de l&rsquo;UE. Le premier a \u00e9t\u00e9 cr\u00e9\u00e9 \u00e0 Berlin en 2016.<\/p>\n<p class=\"mb-4 text-lg md:leading-8 break-words\">Les centres Europa Experience utilisent des installations et des outils interactifs de pointe pour montrer comment l&rsquo;UE fonctionne, comment elle affecte la vie quotidienne des habitants des \u00c9tats membres et met en lumi\u00e8re les r\u00e9cents \u00e9v\u00e9nements europ\u00e9ens les plus importants.<\/p>\n<p class=\"mb-4 text-lg md:leading-8 break-words\">\u00ab\u00a0Nous pensons qu&rsquo;il est tr\u00e8s important que les jeunes apprennent \u00e0 conna\u00eetre la vie de l&rsquo;Union europ\u00e9enne gr\u00e2ce \u00e0 des outils multim\u00e9dia\u00a0\u00bb, d\u00e9clare Andrea L\u0151vei, la cheffe du bureau de liaison du Parlement europ\u00e9en en Hongrie.<\/p>\n<p class=\"mb-4 text-lg md:leading-8 break-words\">\u00ab\u00a0L&rsquo;objectif est de leur permettre de mieux comprendre le processus d&rsquo;int\u00e9gration europ\u00e9enne, ses r\u00e9alisations et ses d\u00e9fis, et de leur donner une id\u00e9e plus pr\u00e9cise de la d\u00e9mocratie europ\u00e9enne et du fonctionnement des institutions de l&rsquo;Union europ\u00e9enne\u00a0\u00bb.<\/p>\n<p>Lunettes de r\u00e9alit\u00e9 virtuelle et jeux de r\u00f4le<\/p>\n<p class=\"mb-4 text-lg md:leading-8 break-words\">Sur le mur \u00ab\u00a0L&rsquo;Europe au quotidien\u00a0\u00bb, des Europ\u00e9ens racontent leurs exp\u00e9riences, les le\u00e7ons qu&rsquo;ils en ont tir\u00e9 et les possibilit\u00e9s qui s&rsquo;offrent \u00e0 eux depuis l&rsquo;adh\u00e9sion de leur pays \u00e0 l&rsquo;UE.<\/p>\n<p class=\"mb-4 text-lg md:leading-8 break-words\">En Hongrie, par exemple, un sergent de la police financi\u00e8re de Z\u00e1hony et un coproducteur germano-hongrois, ancien candidat au prix LUX du Parlement europ\u00e9en, parlent de leur travail.<\/p>\n<p class=\"mb-4 text-lg md:leading-8 break-words\">Dans une salle de cin\u00e9ma \u00e0 360 degr\u00e9s, un film pr\u00e9sente les d\u00e9fis auxquels l&rsquo;Union europ\u00e9enne est confront\u00e9e dans un environnement mondial en mutation rapide, tandis que des lunettes de r\u00e9alit\u00e9 virtuelle permettent aux visiteurs de se mettre dans la peau d&rsquo;un d\u00e9put\u00e9 europ\u00e9en le temps d&rsquo;une journ\u00e9e \u00e0 Bruxelles.<\/p>\n<p class=\"mb-4 text-lg md:leading-8 break-words\">Dans une autre salle, un jeu de r\u00f4le donne un aper\u00e7u du fonctionnement plus large du Parlement europ\u00e9en.<\/p>\n<p class=\"mb-4 text-lg md:leading-8 break-words\">\u00c0 travers deux dossiers l\u00e9gislatifs fictifs &#8211; sur la gestion de l&rsquo;eau et sur les puces \u00e9lectroniques -, les participants peuvent cr\u00e9er une \u00ab\u00a0l\u00e9gislation\u00a0\u00bb europ\u00e9enne et la faire passer par toutes les \u00e9tapes n\u00e9cessaires.<\/p>\n<p>Suivre en direct le travail des eurod\u00e9put\u00e9s sur les questions d&rsquo;actualit\u00e9<\/p>\n<p class=\"mb-4 text-lg md:leading-8 break-words\">Via une carte interactive intitul\u00e9e \u00ab\u00a0La Hongrie et l&rsquo;UE\u00a0\u00bb, les visiteurs peuvent \u00e9galement s\u00e9lectionner un pays pour voir ses projets nationaux et locaux financ\u00e9s par l&rsquo;Union europ\u00e9enne.<\/p>\n<p class=\"mb-4 text-lg md:leading-8 break-words\">Enfin, dans \u00ab\u00a0L&rsquo;UE en temps r\u00e9el\u00a0\u00bb, ils peuvent suivre en direct les nouvelles et les messages des r\u00e9seaux sociaux &#8211; y compris les messages des d\u00e9put\u00e9s europ\u00e9ens &#8211; sur les questions auxquelles les \u00e9lus de l&rsquo;UE travaillent actuellement.<\/p>\n<p class=\"mb-4 text-lg md:leading-8 break-words\"><b class=\"c-widget-related__title__text\">Related<\/b><\/p>\n<p class=\"mb-4 text-lg md:leading-8 break-words\">La visite de l&rsquo;<a href=\"https:\/\/visiting.europarl.europa.eu\/fr\/visitor-offer\/other-locations\/europa-experience\" rel=\"nofollow noopener\" target=\"_blank\" data-ylk=\"slk:Europa Experience;elm:context_link;itc:0;sec:content-canvas\" class=\"link \"><strong>Europa Experience<\/strong><\/a> est gratuite et les outils audiovisuels sont disponibles dans les 24 langues officielles de l&rsquo;UE.<\/p>\n<p class=\"mb-4 text-lg md:leading-8 break-words\">Des centres similaires existent dans 17 villes europ\u00e9ennes : Berlin, Ljubljana, Helsinki, Strasbourg, Copenhague, Tallinn, Paris, Ath\u00e8nes, Rome, Vienne, Varsovie, Prague, Stockholm, Luxembourg, Dublin, Zagreb et d\u00e9sormais Budapest.<\/p>\n","protected":false},"excerpt":{"rendered":"Comment les hautes instances de l&rsquo;Union europ\u00e9enne fonctionnent-elles au quotidien ? C&rsquo;est \u00e0 cette question complexe que vise&hellip;\n","protected":false},"author":2,"featured_media":368801,"comment_status":"","ping_status":"","sticky":false,"template":"","format":"standard","meta":{"footnotes":""},"categories":[1586],"tags":[11,2196,1777,674,1779,6383,1011,27,49094,12,8552,25,47640,1778,364],"class_list":{"0":"post-368800","1":"post","2":"type-post","3":"status-publish","4":"format-standard","5":"has-post-thumbnail","7":"category-europe","8":"tag-actualites","9":"tag-commission-europeenne","10":"tag-eu","11":"tag-europe","12":"tag-european-union","13":"tag-experience","14":"tag-fr","15":"tag-france","16":"tag-lunion-europeenne-2","17":"tag-news","18":"tag-parlement-europeen","19":"tag-republique-francaise","20":"tag-salle-de-cinema","21":"tag-ue","22":"tag-union-europeenne"},"share_on_mastodon":{"url":"https:\/\/pubeurope.com\/@fr\/115153148611864879","error":""},"_links":{"self":[{"href":"https:\/\/www.europesays.com\/fr\/wp-json\/wp\/v2\/posts\/368800","targetHints":{"allow":["GET"]}}],"collection":[{"href":"https:\/\/www.europesays.com\/fr\/wp-json\/wp\/v2\/posts"}],"about":[{"href":"https:\/\/www.europesays.com\/fr\/wp-json\/wp\/v2\/types\/post"}],"author":[{"embeddable":true,"href":"https:\/\/www.europesays.com\/fr\/wp-json\/wp\/v2\/users\/2"}],"replies":[{"embeddable":true,"href":"https:\/\/www.europesays.com\/fr\/wp-json\/wp\/v2\/comments?post=368800"}],"version-history":[{"count":0,"href":"https:\/\/www.europesays.com\/fr\/wp-json\/wp\/v2\/posts\/368800\/revisions"}],"wp:featuredmedia":[{"embeddable":true,"href":"https:\/\/www.europesays.com\/fr\/wp-json\/wp\/v2\/media\/368801"}],"wp:attachment":[{"href":"https:\/\/www.europesays.com\/fr\/wp-json\/wp\/v2\/media?parent=368800"}],"wp:term":[{"taxonomy":"category","embeddable":true,"href":"https:\/\/www.europesays.com\/fr\/wp-json\/wp\/v2\/categories?post=368800"},{"taxonomy":"post_tag","embeddable":true,"href":"https:\/\/www.europesays.com\/fr\/wp-json\/wp\/v2\/tags?post=368800"}],"curies":[{"name":"wp","href":"https:\/\/api.w.org\/{rel}","templated":true}]}}