{"id":368804,"date":"2025-09-05T18:40:12","date_gmt":"2025-09-05T18:40:12","guid":{"rendered":"https:\/\/www.europesays.com\/fr\/368804\/"},"modified":"2025-09-05T18:40:12","modified_gmt":"2025-09-05T18:40:12","slug":"nous-censurerons-un-gouvernement-ps-qui-enverrait-immanquablement-la-france-au-tapis","status":"publish","type":"post","link":"https:\/\/www.europesays.com\/fr\/368804\/","title":{"rendered":"\u00abNous censurerons un gouvernement PS qui enverrait immanquablement la France au tapis\u00bb"},"content":{"rendered":"<p><strong>ENTRETIEN <\/strong>&#8211; Apr\u00e8s les propos de Laurent Wauquiez, qui ont suscit\u00e9 un toll\u00e9 \u00e0 droite, Fran\u00e7ois-Xavier Bellamy, num\u00e9ro deux du parti LR et vice-pr\u00e9sident d\u00e9l\u00e9gu\u00e9 des R\u00e9publicains, r\u00e9affirme l\u2019\u00e9cart qui s\u00e9pare la droite de la gauche sur la s\u00e9curit\u00e9, l\u2019immigration, l\u2019\u00e9cole, et bien s\u00fbr le budget.<\/p>\n<p class=\"fig-paragraph\"><strong>LE FIGARO. &#8211; Laurent Wauquiez a d\u00e9clar\u00e9 jeudi qu\u2019il ne censurerait pas a priori un gouvernement socialiste. Partagez-vous ce propos\u00a0?<\/strong><\/p>\n<p class=\"fig-paragraph\"><strong>Fran\u00e7ois-Xavier BELLAMY. &#8211; <\/strong>Les R\u00e9publicains sont entr\u00e9s au gouvernement, apr\u00e8s la dissolution, non pour rejoindre\u00a0<a href=\"http:\/\/www.lefigaro.fr\/vox\/politique\/l-editorial-d-yves-threard-la-fin-du-macronisme-apres-le-depart-de-macron-une-stricte-verite-20250723\" data-fig-type=\"Article\" data-gtm-custom-categorie=\"navigation\" data-gtm-custom-action=\"crossclick\" data-gtm-custom-label=\"Contextuel\" data-gtm-event=\"customEventSPE\" data-fig-domain=\"LEFIGARO\" target=\"_blank\" rel=\"noopener\">le macronisme<\/a>\u00a0auxquels nous nous sommes oppos\u00e9s sans rel\u00e2che, ni pour des postes ou des places, mais pour une seule et unique raison\u00a0: emp\u00eacher que la gauche n\u2019arrive au pouvoir. Notre responsabilit\u00e9 reste d\u2019\u00e9viter au pays ce sc\u00e9nario d\u00e9sastreux, qui sans nous serait in\u00e9vitable.<\/p>\n<p class=\"fig-paragraph\"><strong>Pourquoi alors Laurent Wauquiez a-t-il dit cela\u00a0? Est-ce pour mettre en difficult\u00e9 Bruno Retailleau\u00a0?<\/strong><\/p>\n<p class=\"fig-paragraph\"><a href=\"http:\/\/www.lefigaro.fr\/politique\/les-republicains-ne-censureront-pas-un-gouvernement-socialiste-assure-laurent-wauquiez-20250904\" data-fig-type=\"NewsFlash\" data-gtm-custom-categorie=\"navigation\" data-gtm-custom-action=\"crossclick\" data-gtm-custom-label=\"Contextuel\" data-gtm-event=\"customEventSPE\" data-fig-domain=\"LEFIGARO\" target=\"_blank\" rel=\"noopener\">Laurent Wauquiez<\/a>\u00a0a voulu montrer que nous ne sommes pas les artificiers de l\u2019instabilit\u00e9 gouvernementale. Oui, la France a besoin de stabilit\u00e9\u00a0; mais pas \u00e0 n\u2019importe quelles conditions. La ligne du PS, dont les d\u00e9put\u00e9s ont \u00e9t\u00e9 \u00e9lus avec les voix de LFI, est le contraire absolu de ce que nous voulons pour la France, sur la s\u00e9curit\u00e9, l\u2019immigration, l\u2019\u00e9cole\u2026<\/p>\n<p class=\"fig-premium-paywall__infos\">\n        Cet article est r\u00e9serv\u00e9 aux abonn\u00e9s.        Il vous reste 86% \u00e0 d\u00e9couvrir.\n    <\/p>\n<p>                <img  data- alt=\"Le Figaro\" class=\"fig-img--complete fig-img\"\/><\/p>\n<p class=\"fig-premium-paywall__title\">Vente Flash<\/p>\n<p class=\"fig-premium-paywall__subtitle\">4,99\u20ac par mois pendant 12 mois. Sans engagement<\/p>\n<p class=\"fig-premium-paywall__connect\">\n                D\u00e9j\u00e0 abonn\u00e9\u00a0?                <a class=\"fig-premium-paywall__connect-link\" href=\"https:\/\/connect.lefigaro.fr\/login?client=horizon_web&amp;type=main&amp;redirect_uri=https%3A%2F%2Fwww.lefigaro.fr%2Fpolitique%2Ffrancois-xavier-bellamy-nous-censurerons-un-gouvernement-ps-qui-enverrait-immanquablement-la-france-au-tapis-20250905\" data-js-gtm=\"{&quot;customCategorie&quot;: &quot;conversion&quot;, &quot;customAction&quot;: &quot;before_Landing_Connexion_paywall_auto&quot;, &quot;customLabel&quot;: &quot;bGVmaWdhcm8uZnJfXzFmMDhhNjFmLWU0MTYtNjA4Ni05YTBhLTI1NmQ0NGI1ZDNkZF9fQXJ0aWNsZQ==_Fran\u00e7ois-Xavier Bellamy\u00a0: \u00abNous censurerons un gouvernement PS qui enverrait immanquablement la France au tapis\u00bb_353&quot;, &quot;customIDSPE&quot;: &quot;bGVmaWdhcm8uZnJfXzFmMDhhNjFmLWU0MTYtNjA4Ni05YTBhLTI1NmQ0NGI1ZDNkZF9fQXJ0aWNsZQ==&quot;, &quot;event&quot;: &quot;customEventSPE&quot;}\" target=\"_blank\" rel=\"noopener\"><br \/>\n                    Connectez-vous<br \/>\n                <\/a>\n            <\/p>\n","protected":false},"excerpt":{"rendered":"ENTRETIEN &#8211; Apr\u00e8s les propos de Laurent Wauquiez, qui ont suscit\u00e9 un toll\u00e9 \u00e0 droite, Fran\u00e7ois-Xavier Bellamy, num\u00e9ro&hellip;\n","protected":false},"author":2,"featured_media":368805,"comment_status":"","ping_status":"","sticky":false,"template":"","format":"standard","meta":{"footnotes":""},"categories":[2],"tags":[11,1013,6592,1011,27,418,6319,12,48975,25],"class_list":{"0":"post-368804","1":"post","2":"type-post","3":"status-publish","4":"format-standard","5":"has-post-thumbnail","7":"category-actualites","8":"tag-actualites","9":"tag-bruno-retailleau","10":"tag-droite","11":"tag-fr","12":"tag-france","13":"tag-gouvernement","14":"tag-les-republicains","15":"tag-news","16":"tag-rentree-politique","17":"tag-republique-francaise"},"share_on_mastodon":{"url":"https:\/\/pubeurope.com\/@fr\/115153156438926749","error":""},"_links":{"self":[{"href":"https:\/\/www.europesays.com\/fr\/wp-json\/wp\/v2\/posts\/368804","targetHints":{"allow":["GET"]}}],"collection":[{"href":"https:\/\/www.europesays.com\/fr\/wp-json\/wp\/v2\/posts"}],"about":[{"href":"https:\/\/www.europesays.com\/fr\/wp-json\/wp\/v2\/types\/post"}],"author":[{"embeddable":true,"href":"https:\/\/www.europesays.com\/fr\/wp-json\/wp\/v2\/users\/2"}],"replies":[{"embeddable":true,"href":"https:\/\/www.europesays.com\/fr\/wp-json\/wp\/v2\/comments?post=368804"}],"version-history":[{"count":0,"href":"https:\/\/www.europesays.com\/fr\/wp-json\/wp\/v2\/posts\/368804\/revisions"}],"wp:featuredmedia":[{"embeddable":true,"href":"https:\/\/www.europesays.com\/fr\/wp-json\/wp\/v2\/media\/368805"}],"wp:attachment":[{"href":"https:\/\/www.europesays.com\/fr\/wp-json\/wp\/v2\/media?parent=368804"}],"wp:term":[{"taxonomy":"category","embeddable":true,"href":"https:\/\/www.europesays.com\/fr\/wp-json\/wp\/v2\/categories?post=368804"},{"taxonomy":"post_tag","embeddable":true,"href":"https:\/\/www.europesays.com\/fr\/wp-json\/wp\/v2\/tags?post=368804"}],"curies":[{"name":"wp","href":"https:\/\/api.w.org\/{rel}","templated":true}]}}