{"id":368806,"date":"2025-09-05T18:41:16","date_gmt":"2025-09-05T18:41:16","guid":{"rendered":"https:\/\/www.europesays.com\/fr\/368806\/"},"modified":"2025-09-05T18:41:16","modified_gmt":"2025-09-05T18:41:16","slug":"en-direct-ukraine-france-desire-doue-et-kylian-mbappe-titulaires-adrien-rabiot-sur-le-banc","status":"publish","type":"post","link":"https:\/\/www.europesays.com\/fr\/368806\/","title":{"rendered":"EN DIRECT | Ukraine-France\u00a0: D\u00e9sir\u00e9 Dou\u00e9 et Kylian Mbapp\u00e9 titulaires, Adrien Rabiot sur le banc"},"content":{"rendered":"\n<p class=\"article__paragraph  \">Bienvenue dans ce direct consacr\u00e9 au match entre l\u2019Ukraine et la France, qualificatif pour la prochaine Coupe du monde de football, organis\u00e9e du 11\u00a0juin au 19\u00a0juillet\u00a02026 par les Etats-Unis, le Canada et le Mexique.<\/p>\n<p class=\"article__paragraph  \"><strong>De quoi s\u2019agit-il\u00a0? <\/strong>Du premier match des \u00e9liminatoires du Mondial 2026\u00a0pour les Bleus. Les partenaires de Kylian Mbapp\u00e9 d\u00e9fient l\u2019Ukraine, dans le groupe D, \u00e9galement compos\u00e9 de l\u2019Islande et l\u2019Azerba\u00efdjan. Les joueurs de Didier Deschamps, troisi\u00e8mes de la derni\u00e8re Ligue des nations en juin, sont vice-champions du monde en titre.<\/p>\n<p class=\"article__paragraph  \"><strong>O\u00f9\u00a0? <\/strong>Au Stade municipal de Wroc\u0142aw, en Pologne.<\/p>\n<p class=\"article__paragraph  \"><strong>A quelle heure\u00a0?<\/strong> Coup d\u2019envoi \u00e0 20\u00a0h\u00a045.<\/p>\n<p class=\"article__paragraph  \"><strong>Sur quelle cha\u00eene\u00a0? <\/strong>Sur TF1.<\/p>\n<p class=\"article__paragraph  \"><strong>Qui live\u00a0? <\/strong>Un duo bien connu et rod\u00e9 qui honore sa 27\u1d49 titularisation en commun\u00a0: Denis M\u00e9n\u00e9trier plac\u00e9 sur l\u2019aile droite, en soutien d\u2019Oscar Korbosli, num\u00e9ro\u00a09, dans le onze du FC Austerlitz.<\/p>\n<p class=\"article__paragraph  \"><strong>Les compositions des \u00e9quipes\u00a0:<\/strong><\/p>\n<p class=\"article__paragraph  \">Maignan \u2013 Kound\u00e9, Konat\u00e9, Upamecano, Digne \u2013 Tchouam\u00e9ni, Kon\u00e9 \u2013 Dou\u00e9, Olise, Barcola \u2013 Mbapp\u00e9 (cap.).<\/p>\n<p class=\"article__paragraph  \">S\u00e9lectionneur\u00a0: Didier Deschamps.<\/p>\n<p class=\"article__paragraph  \">Troubine \u2013 Matvienko (cap.), Zabarnyi, Bondar, Zinchenko \u2013 Kaliouzhni, Iarmoliouk, Sudakov, Hutsuliak, Zubkov \u2013 Dovbyk.<\/p>\n<p class=\"article__paragraph  \">S\u00e9lectionneur\u00a0: Serhiy Rebrov.<\/p>\n<p class=\"article__paragraph  \"><strong>Qui arbitre\u00a0? <\/strong>Le N\u00e9erlandais Danny Makkelie.<\/p>\n<p class=\"article__paragraph  \"><strong>De quoi ne parlera-t-on pas\u00a0? <\/strong>De la <a href=\"https:\/\/www.lemonde.fr\/m-styles\/article\/2025\/08\/24\/la-bavette-au-cresson-et-aux-courgettes-la-recette-de-jesse-jenkins_6634483_4497319.html\" rel=\"nofollow noopener\" target=\"_blank\">recette de la bavette au cresson et aux courgettes, de Jesse Jenkins<\/a>.<\/p>\n<p class=\"article__paragraph  \"><strong>Demandez le programme\u2026 <\/strong><a href=\"https:\/\/www.lemonde.fr\/football\/article\/2023\/01\/12\/les-prochains-lives-sport-du-monde_6157620_1616938.html\" rel=\"nofollow noopener\" target=\"_blank\">Les prochains directs sport du \u00ab\u00a0Monde\u00a0\u00bb<\/a><\/p>\n","protected":false},"excerpt":{"rendered":"Bienvenue dans ce direct consacr\u00e9 au match entre l\u2019Ukraine et la France, qualificatif pour la prochaine Coupe du&hellip;\n","protected":false},"author":2,"featured_media":368807,"comment_status":"","ping_status":"","sticky":false,"template":"","format":"standard","meta":{"footnotes":""},"categories":[4],"tags":[11,1011,27,12,25],"class_list":{"0":"post-368806","1":"post","2":"type-post","3":"status-publish","4":"format-standard","5":"has-post-thumbnail","7":"category-france","8":"tag-actualites","9":"tag-fr","10":"tag-france","11":"tag-news","12":"tag-republique-francaise"},"share_on_mastodon":{"url":"https:\/\/pubeurope.com\/@fr\/115153160318192413","error":""},"_links":{"self":[{"href":"https:\/\/www.europesays.com\/fr\/wp-json\/wp\/v2\/posts\/368806","targetHints":{"allow":["GET"]}}],"collection":[{"href":"https:\/\/www.europesays.com\/fr\/wp-json\/wp\/v2\/posts"}],"about":[{"href":"https:\/\/www.europesays.com\/fr\/wp-json\/wp\/v2\/types\/post"}],"author":[{"embeddable":true,"href":"https:\/\/www.europesays.com\/fr\/wp-json\/wp\/v2\/users\/2"}],"replies":[{"embeddable":true,"href":"https:\/\/www.europesays.com\/fr\/wp-json\/wp\/v2\/comments?post=368806"}],"version-history":[{"count":0,"href":"https:\/\/www.europesays.com\/fr\/wp-json\/wp\/v2\/posts\/368806\/revisions"}],"wp:featuredmedia":[{"embeddable":true,"href":"https:\/\/www.europesays.com\/fr\/wp-json\/wp\/v2\/media\/368807"}],"wp:attachment":[{"href":"https:\/\/www.europesays.com\/fr\/wp-json\/wp\/v2\/media?parent=368806"}],"wp:term":[{"taxonomy":"category","embeddable":true,"href":"https:\/\/www.europesays.com\/fr\/wp-json\/wp\/v2\/categories?post=368806"},{"taxonomy":"post_tag","embeddable":true,"href":"https:\/\/www.europesays.com\/fr\/wp-json\/wp\/v2\/tags?post=368806"}],"curies":[{"name":"wp","href":"https:\/\/api.w.org\/{rel}","templated":true}]}}