{"id":368812,"date":"2025-09-05T18:47:10","date_gmt":"2025-09-05T18:47:10","guid":{"rendered":"https:\/\/www.europesays.com\/fr\/368812\/"},"modified":"2025-09-05T18:47:10","modified_gmt":"2025-09-05T18:47:10","slug":"tech3-motogp-passe-le-flambeau-a-guenther-steiner","status":"publish","type":"post","link":"https:\/\/www.europesays.com\/fr\/368812\/","title":{"rendered":"Tech3 MotoGP passe le flambeau \u00e0 Guenther Steiner"},"content":{"rendered":"<p><strong>Un chapitre historique se tourne pour l\u2019\u00e9curie fran\u00e7aise avec l\u2019arriv\u00e9e d\u2019un nouveau propri\u00e9taire tout en conservant son ancrage varois et sa collaboration technique avec KTM.<\/strong><\/p>\n<p>Une \u00e8re s\u2019ach\u00e8ve et une autre commence pour l\u2019\u00e9curie Tech3. Le fondateur Herv\u00e9 Poncharal a officialis\u00e9 la cession de sa structure \u00e0 un consortium dirig\u00e9 par l\u2019ancien dirigeant de Haas F1 Team. Bien que l\u2019\u00e9quipe conserve son implantation dans le Var et sa partnership technique avec le constructeur autrichien KTM, la direction op\u00e9rationnelle \u00e9choit d\u00e9sormais \u00e0 l\u2019\u00e9nergique manager italo-am\u00e9ricain.<\/p>\n<p>Poncharal, qui gardera un r\u00f4le de conseiller et formateur de jeunes talents, a salu\u00e9 ce tournant comme une \u00e9volution naturelle et n\u00e9cessaire. Il a exprim\u00e9 sa confiance envers le nouveau propri\u00e9taire pour perp\u00e9tuer l\u2019esprit comp\u00e9titif et l\u2019\u00e9thique qui ont forg\u00e9 l\u2019identit\u00e9 de l\u2019\u00e9curie depuis plus de trois d\u00e9cennies. De son c\u00f4t\u00e9, le successeur a soulign\u00e9 le prestige de reprendre une \u00e9quipe au palmar\u00e8s solide et \u00e0 la r\u00e9putation \u00e9tablie, promettant de d\u00e9velopper son potentiel dans le championnat mondial.<\/p>\n<p>Cette transition marque un nouveau d\u00e9part pour la structure qui a accueilli certains des plus grands noms du paddock. La philosophie restera orient\u00e9e vers la performance et la d\u00e9couverte de nouveaux talents, avec l\u2019ambition d\u2019\u00e9largir l\u2019audience de la discipline. Les fondations pos\u00e9es par Poncharal serviront de socle \u00e0 cette nouvelle phase de d\u00e9veloppement, o\u00f9 l\u2019expertise technique et l\u2019innovation resteront au c\u0153ur des priorit\u00e9s.<\/p>\n","protected":false},"excerpt":{"rendered":"Un chapitre historique se tourne pour l\u2019\u00e9curie fran\u00e7aise avec l\u2019arriv\u00e9e d\u2019un nouveau propri\u00e9taire tout en conservant son ancrage&hellip;\n","protected":false},"author":2,"featured_media":368813,"comment_status":"","ping_status":"","sticky":false,"template":"","format":"standard","meta":{"footnotes":""},"categories":[1413],"tags":[1011,27,1457,1456,60],"class_list":{"0":"post-368812","1":"post","2":"type-post","3":"status-publish","4":"format-standard","5":"has-post-thumbnail","7":"category-moto","8":"tag-fr","9":"tag-france","10":"tag-moto","11":"tag-motocycle","12":"tag-sports"},"share_on_mastodon":{"url":"https:\/\/pubeurope.com\/@fr\/115153183926681048","error":""},"_links":{"self":[{"href":"https:\/\/www.europesays.com\/fr\/wp-json\/wp\/v2\/posts\/368812","targetHints":{"allow":["GET"]}}],"collection":[{"href":"https:\/\/www.europesays.com\/fr\/wp-json\/wp\/v2\/posts"}],"about":[{"href":"https:\/\/www.europesays.com\/fr\/wp-json\/wp\/v2\/types\/post"}],"author":[{"embeddable":true,"href":"https:\/\/www.europesays.com\/fr\/wp-json\/wp\/v2\/users\/2"}],"replies":[{"embeddable":true,"href":"https:\/\/www.europesays.com\/fr\/wp-json\/wp\/v2\/comments?post=368812"}],"version-history":[{"count":0,"href":"https:\/\/www.europesays.com\/fr\/wp-json\/wp\/v2\/posts\/368812\/revisions"}],"wp:featuredmedia":[{"embeddable":true,"href":"https:\/\/www.europesays.com\/fr\/wp-json\/wp\/v2\/media\/368813"}],"wp:attachment":[{"href":"https:\/\/www.europesays.com\/fr\/wp-json\/wp\/v2\/media?parent=368812"}],"wp:term":[{"taxonomy":"category","embeddable":true,"href":"https:\/\/www.europesays.com\/fr\/wp-json\/wp\/v2\/categories?post=368812"},{"taxonomy":"post_tag","embeddable":true,"href":"https:\/\/www.europesays.com\/fr\/wp-json\/wp\/v2\/tags?post=368812"}],"curies":[{"name":"wp","href":"https:\/\/api.w.org\/{rel}","templated":true}]}}