{"id":368818,"date":"2025-09-05T18:50:11","date_gmt":"2025-09-05T18:50:11","guid":{"rendered":"https:\/\/www.europesays.com\/fr\/368818\/"},"modified":"2025-09-05T18:50:11","modified_gmt":"2025-09-05T18:50:11","slug":"lol-officialise-le-retour-de-ghezzal-jusquen-2026","status":"publish","type":"post","link":"https:\/\/www.europesays.com\/fr\/368818\/","title":{"rendered":"l&rsquo;OL officialise le retour de Ghezzal jusqu&rsquo;en 2026"},"content":{"rendered":"<p>                            <img width=\"768\" height=\"433\" src=\"https:\/\/www.europesays.com\/fr\/wp-content\/uploads\/2025\/09\/000_LZ8XL-768x433.jpg\" class=\"attachment-article size-article wp-post-image\" alt=\"\" decoding=\"async\" fetchpriority=\"high\"  \/><\/p>\n<p>Rachid Ghezzal lors du parcours en Ligue Europa (AFP PHOTO \/ JEAN-PHILIPPE KSIAZEK)<\/p>\n<p>L&rsquo;OL tient sa 9e recrue de l&rsquo;\u00e9t\u00e9. Rachid Ghezzal revient dans son club formateur pour un an. Son contrat court jusqu&rsquo;en 2026.<\/p>\n<p>Nous l&rsquo;avions annonc\u00e9 un <a href=\"https:\/\/www.olympique-et-lyonnais.com\/mercato-rachid-ghezzal-de-retour-a-lol,378848.html\" rel=\"nofollow noopener\" target=\"_blank\">peu plus t\u00f4t ce vendredi<\/a>. Ce 5 septembre, l&rsquo;OL a inform\u00e9 du retour de Rachid <strong>Ghezzal<\/strong>, 8 ans apr\u00e8s son d\u00e9part \u00e0 Monaco. l&rsquo;Olympique lyonnais recrute l&rsquo;ailier droit qui \u00e9tait libre de tout contrat. Jusqu&rsquo;en juillet dernier, l&rsquo;international alg\u00e9rien \u00e9voluait \u00e0 Rizespor. Il jouait en Turquie depuis 2021.<\/p>\n<p>A 33 ans, le natif de D\u00e9cines revient pour un an, son bail courant jusqu&rsquo;en juin 2026. Il vient compl\u00e9ter la rotation dans un secteur que le club souhaitait renforcer depuis le d\u00e9but du mercato. Il sera \u00e9galement amen\u00e9 \u00e0 partager son exp\u00e9rience aupr\u00e8s des plus jeunes.<\/p>\n<p>Il pr\u00e9pare son apr\u00e8s carri\u00e8re <\/p>\n<p>Dans son communiqu\u00e9, l&rsquo;actuel deuxi\u00e8me de Ligue 1 pr\u00e9cise que Ghezzal (119 matchs avec l&rsquo;OL) pr\u00e9pare sa reconversion dans l&rsquo;encadrement sportif et la formation. Il a d&rsquo;ailleurs entam\u00e9 un cursus de management du sport.<\/p>\n<p>\t\t\t\t\t<a href=\"https:\/\/www.olympique-et-lyonnais.com\/ol-lyonnes-les-u19-et-la-reserve-reprennent-le-championnat,378695.html\" title=\"OL Lyonnes : les U19 et la r\u00e9serve reprennent le championnat\" rel=\"nofollow noopener\" target=\"_blank\"><img loading=\"lazy\" width=\"580\" height=\"326\" src=\"https:\/\/www.europesays.com\/fr\/wp-content\/uploads\/2025\/09\/OLacad\u00e9mie-1-580x326.jpg\" class=\"attachment-actularge size-actularge wp-post-image\" alt=\"\" decoding=\"async\"  \/>\t\t\t\t\t<\/a><\/p>\n","protected":false},"excerpt":{"rendered":"Rachid Ghezzal lors du parcours en Ligue Europa (AFP PHOTO \/ JEAN-PHILIPPE KSIAZEK) L&rsquo;OL tient sa 9e recrue&hellip;\n","protected":false},"author":2,"featured_media":368819,"comment_status":"","ping_status":"","sticky":false,"template":"","format":"standard","meta":{"footnotes":""},"categories":[1410],"tags":[63,1011,27,50321,1434,241,60],"class_list":{"0":"post-368818","1":"post","2":"type-post","3":"status-publish","4":"format-standard","5":"has-post-thumbnail","7":"category-football","8":"tag-football","9":"tag-fr","10":"tag-france","11":"tag-ghezzal","12":"tag-mercato","13":"tag-ol","14":"tag-sports"},"share_on_mastodon":{"url":"https:\/\/pubeurope.com\/@fr\/115153196123844038","error":""},"_links":{"self":[{"href":"https:\/\/www.europesays.com\/fr\/wp-json\/wp\/v2\/posts\/368818","targetHints":{"allow":["GET"]}}],"collection":[{"href":"https:\/\/www.europesays.com\/fr\/wp-json\/wp\/v2\/posts"}],"about":[{"href":"https:\/\/www.europesays.com\/fr\/wp-json\/wp\/v2\/types\/post"}],"author":[{"embeddable":true,"href":"https:\/\/www.europesays.com\/fr\/wp-json\/wp\/v2\/users\/2"}],"replies":[{"embeddable":true,"href":"https:\/\/www.europesays.com\/fr\/wp-json\/wp\/v2\/comments?post=368818"}],"version-history":[{"count":0,"href":"https:\/\/www.europesays.com\/fr\/wp-json\/wp\/v2\/posts\/368818\/revisions"}],"wp:featuredmedia":[{"embeddable":true,"href":"https:\/\/www.europesays.com\/fr\/wp-json\/wp\/v2\/media\/368819"}],"wp:attachment":[{"href":"https:\/\/www.europesays.com\/fr\/wp-json\/wp\/v2\/media?parent=368818"}],"wp:term":[{"taxonomy":"category","embeddable":true,"href":"https:\/\/www.europesays.com\/fr\/wp-json\/wp\/v2\/categories?post=368818"},{"taxonomy":"post_tag","embeddable":true,"href":"https:\/\/www.europesays.com\/fr\/wp-json\/wp\/v2\/tags?post=368818"}],"curies":[{"name":"wp","href":"https:\/\/api.w.org\/{rel}","templated":true}]}}