{"id":368820,"date":"2025-09-05T18:51:13","date_gmt":"2025-09-05T18:51:13","guid":{"rendered":"https:\/\/www.europesays.com\/fr\/368820\/"},"modified":"2025-09-05T18:51:13","modified_gmt":"2025-09-05T18:51:13","slug":"exclu-javais-les-larmes-aux-yeux-gilles-bouleau-bouleverse-par-les-revelations-de-florent-pagny-sur-son-cancer-video-programme-tv-net","status":"publish","type":"post","link":"https:\/\/www.europesays.com\/fr\/368820\/","title":{"rendered":"Exclu. &quot;J&#039;avais les larmes aux yeux&quot; : Gilles Bouleau boulevers\u00e9 par les r\u00e9v\u00e9lations de Florent Pagny sur son cancer (VIDEO) &#8211; programme-tv.net"},"content":{"rendered":"<ol>\n<li><a href=\"https:\/\/news.google.com\/rss\/articles\/CBMi-gFBVV95cUxQMDJqR1JmdG1lRjZyN3NtMHZzbnZUd3d4cXl0dS00U2pmbFhCd2FWaGhJZUlIbTJha0FhbEppMndMZk9HcENKNk9uOEtOcUNPd1VhMlA2dmhvdldhNFFzdUoyc08wMHNONFROVHVXbVlXdUpjMWsyaGFPdGF6cDRZaDBnWEQtVTRxZ21yMjJDUDVnSTBwRW91QVZwNXpWcmtuY0VyOXU2TzNCVDJrdEtMX2JqOGRrWHNnenhuV1FLZEV6MnlnOUJPWi14N0VOeUx5NDlRNTVmYzVCTEZoNUtMN3d3bi1EVE54T0RrbEFlZDNYNHlCT0NDVVhn?oc=5\" target=\"_blank\" rel=\"nofollow noopener\">Exclu. \u00ab\u00a0J&rsquo;avais les larmes aux yeux\u00a0\u00bb : Gilles Bouleau boulevers\u00e9 par les r\u00e9v\u00e9lations de Florent Pagny sur son cancer (VIDEO)<\/a>&nbsp;&nbsp;programme-tv.net<\/li>\n<li><a href=\"https:\/\/news.google.com\/rss\/articles\/CBMitgFBVV95cUxNbXNpMjd5Z3N5TlhJMEJtQkp3VXk4MDFBVWVUUVN4cS1FaXRvYThNTkxpZEtfaWxVT2tNcndVVnk0dkZFckdmMGowUHVjNDJFRjFuYXRCNWpPZ081WGVSWHNWNlJmRDczS2RjYmJSMXlET1dXcUMtcU5mMjZFSTZUeFAyYWNnMG9sRDZzVWtzVG52c1BaVS01X0wzRjhnaEtxcjFyVTRZeWFvd0J2a1luYVYzV1VaUQ?oc=5\" target=\"_blank\" rel=\"nofollow noopener\">L\u2019effet surprenant du cancer sur la voix de Florent Pagny<\/a>&nbsp;&nbsp;Le Point<\/li>\n<li><a href=\"https:\/\/news.google.com\/rss\/articles\/CBMikwFBVV95cUxOa3pHMC1SR2ZJRGt3TVR2TF9BdFF5MzZ6cnZUTm55eEF3OC1aR2tPUExYNmNYcmI1SUw5VTAtcFpvZHh2QmhPSlR0a1MzYktJTHkta1ZrVVNmTVFQeTdXbnF1bEFsWWVhdExrRzhmXzVGZWtzaVotU2FhT2dmRW1OOUNBZnd0WlFKaS05U2JoV1VNbXc?oc=5\" target=\"_blank\" rel=\"nofollow noopener\">\u00ab\u00a0Un de mes souvenirs les plus \u00e9mouvants\u00a0\u00bb : Gilles Bouleau revient avec \u00e9motion sur son interview de Florent Pagny qui \u00e9voquait son cancer<\/a>&nbsp;&nbsp;Yahoo Life France<\/li>\n<li><a href=\"https:\/\/news.google.com\/rss\/articles\/CBMiugJBVV95cUxQVERLUXp2TzRUcnhGdkI4VXotU0JjbHd1dHNGUk1TcDZLbTJ4WHZSTVNMX2tHaG9sdE9TYUFKRzBkeklPdTNFMGFzUnV3Vkg3Vk5LVnR2Y2h2bklWX0ZXTW9wQ3E1X05XTUJJS0ZVRWRrendNZjBmeFFPYUlZdnJkU0dDTS0xR1VXanhYUmRFc3FCNEZ5ekRlbXR3eGs3Wk1pRjBNREJadXJMUFlRTG1XYWYyVTFnSHJpOTllQUhGa195Y0JVZUxVSFZLWWhIdWhia1l2RjctNlFCenl0QkYtWUtOZEsxYjNxWlctdUhFbHgyZU1vNkM0TnFGellqVGtjb2pmUy1IamltQkMyNmRtdFN6Slh0cTQxWEtfRzZadUFRTlYtVWt6U1RQelhib2k5dFJTZmlGdW5VUQ?oc=5\" target=\"_blank\" rel=\"nofollow noopener\">Florent Pagny face au cancer : le chanteur de 63 ans a pass\u00e9 des vacances horribles \u00e0 cause de certains fans, \u00ab\u00a0\u00e7a commen\u00e7ait \u00e0 visiter et \u00e0 m\u2019appeler de l\u2019ext\u00e9rieur\u00a0\u00bb<\/a>&nbsp;&nbsp;Pleine vie<\/li>\n<li><a href=\"https:\/\/news.google.com\/rss\/articles\/CBMisgFBVV95cUxPUzlVSnFxcHAtTzd5S3JRWGZyYjJUNVUxOGw2WUNuWTdyXzdZcmRvNFZsdFd1Z295dXVwb2g4WTlFOVd0NHplWjY0WjZtZEhjRWhSeVhnOVIzN3BjNjIzcTI4azRYLURvQklUMUNDV2hBd19iTWhrQUhnRUlQVlozREYyRWIxN2p1emw2cnlrQ2pZU3JVUnVaZzlGQXB0U0dPZkN4V0FpNDROX19UWm1qd0NB?oc=5\" target=\"_blank\" rel=\"nofollow noopener\">Le Portrait : exclusif, Florent Pagny, le retour aux sources<\/a>&nbsp;&nbsp;TF1+<\/li>\n<\/ol>\n","protected":false},"excerpt":{"rendered":"Exclu. \u00ab\u00a0J&rsquo;avais les larmes aux yeux\u00a0\u00bb : Gilles Bouleau boulevers\u00e9 par les r\u00e9v\u00e9lations de Florent Pagny sur son&hellip;\n","protected":false},"author":2,"featured_media":1445,"comment_status":"","ping_status":"","sticky":false,"template":"","format":"standard","meta":{"footnotes":""},"categories":[1359],"tags":[58,59,1011,27,973],"class_list":{"0":"post-368820","1":"post","2":"type-post","3":"status-publish","4":"format-standard","5":"has-post-thumbnail","7":"category-people","8":"tag-divertissement","9":"tag-entertainment","10":"tag-fr","11":"tag-france","12":"tag-people"},"share_on_mastodon":{"url":"https:\/\/pubeurope.com\/@fr\/115153199691384478","error":""},"_links":{"self":[{"href":"https:\/\/www.europesays.com\/fr\/wp-json\/wp\/v2\/posts\/368820","targetHints":{"allow":["GET"]}}],"collection":[{"href":"https:\/\/www.europesays.com\/fr\/wp-json\/wp\/v2\/posts"}],"about":[{"href":"https:\/\/www.europesays.com\/fr\/wp-json\/wp\/v2\/types\/post"}],"author":[{"embeddable":true,"href":"https:\/\/www.europesays.com\/fr\/wp-json\/wp\/v2\/users\/2"}],"replies":[{"embeddable":true,"href":"https:\/\/www.europesays.com\/fr\/wp-json\/wp\/v2\/comments?post=368820"}],"version-history":[{"count":0,"href":"https:\/\/www.europesays.com\/fr\/wp-json\/wp\/v2\/posts\/368820\/revisions"}],"wp:featuredmedia":[{"embeddable":true,"href":"https:\/\/www.europesays.com\/fr\/wp-json\/wp\/v2\/media\/1445"}],"wp:attachment":[{"href":"https:\/\/www.europesays.com\/fr\/wp-json\/wp\/v2\/media?parent=368820"}],"wp:term":[{"taxonomy":"category","embeddable":true,"href":"https:\/\/www.europesays.com\/fr\/wp-json\/wp\/v2\/categories?post=368820"},{"taxonomy":"post_tag","embeddable":true,"href":"https:\/\/www.europesays.com\/fr\/wp-json\/wp\/v2\/tags?post=368820"}],"curies":[{"name":"wp","href":"https:\/\/api.w.org\/{rel}","templated":true}]}}