{"id":368821,"date":"2025-09-05T18:52:14","date_gmt":"2025-09-05T18:52:14","guid":{"rendered":"https:\/\/www.europesays.com\/fr\/368821\/"},"modified":"2025-09-05T18:52:14","modified_gmt":"2025-09-05T18:52:14","slug":"que-represente-cette-sculpture-originale-installee-dans-une-commune-du-morbihan","status":"publish","type":"post","link":"https:\/\/www.europesays.com\/fr\/368821\/","title":{"rendered":"Que repr\u00e9sente cette sculpture originale install\u00e9e dans une commune du Morbihan\u00a0?"},"content":{"rendered":"<p>            Par<br \/>\n        <strong><br \/>\n            <a href=\"https:\/\/actu.fr\/auteur\/lagazette\" title=\"Consulter tous les articles de R\u00e9daction Locmin\u00e9\" rel=\"nofollow noopener\" target=\"_blank\">R\u00e9daction Locmin\u00e9<\/a><br \/>\n        <\/strong><\/p>\n<p>        Publi\u00e9 le<\/p>\n<p>            4 sept. 2025 \u00e0 19h50        <\/p>\n<p>Il y avait d\u00e9j\u00e0 les arbres, les all\u00e9es et les promeneurs. Il y a d\u00e9sormais <b>une sculpture qui brille<\/b> au\u00a0c\u0153ur du parc Guigner-Le-Henanff, \u00e0 <a href=\"https:\/\/actu.fr\/bretagne\/pluvigner_56177\" rel=\"nofollow noopener\" target=\"_blank\">Pluvigner<\/a>, dans le Morbihan.<\/p>\n<p class=\" wall-content\">Cet \u0153uvre repr\u00e9sente en fait une <b>com\u00e8te<\/b>. Pas dans le ciel, mais bien sur terre\u2009: une \u0153uvre contemporaine, imagin\u00e9e par l\u2019artiste Isma\u00ebl Maudet qui vient d\u2019\u00eatre inaugur\u00e9e dans le cadre du dispositif national du <b>\u00ab\u20091\u2009% artistique\u2009\u00bb<\/b>.<\/p>\n<p>Un appel \u00e0 projet pour marquer l\u2019histoire du lieu<\/p>\n<p class=\" wall-content\">La construction du <b>futur p\u00f4le culturel <\/b>de Pluvigner a ouvert droit \u00e0 une subvention de la DRAC (direction r\u00e9gionale des affaires culturelles). Une partie devait obligatoirement \u00eatre consacr\u00e9e \u00e0 une \u0153uvre d\u2019art. Plut\u00f4t que d\u2019acheter une pi\u00e8ce existante, la municipalit\u00e9 a pr\u00e9f\u00e9r\u00e9 lancer un appel \u00e0 projet. \u00ab\u2009Nous voulions une <b>cr\u00e9ation qui ait du sens<\/b> ici, qui dialogue avec l\u2019histoire et l\u2019identit\u00e9 du site\u2009\u00bb, explique un membre du comit\u00e9 de pilotage.<\/p>\n<p class=\" wall-content\">Seize artistes ont r\u00e9pondu. Apr\u00e8s plusieurs semaines d\u2019\u00e9tude,<b> le jury a tranch\u00e9<\/b>\u2009: ce serait \u00ab\u2009Com\u00e8te\u2009\u00bb, la proposition d\u2019Isma\u00ebl Maudet.<\/p>\n<blockquote class=\"ac-article-quote wall-content\">\n<p>\u00ab\u2009La com\u00e8te, c\u2019est \u00e0 la fois un signe du ciel et un rappel des eaux, une passerelle entre le pass\u00e9 et l\u2019imaginaire.\u2009\u00bb<\/p>\n<\/blockquote>\n<p class=\" wall-content\">L\u2019installation a s\u00e9duit par son <b>esth\u00e9tique<\/b>, mais aussi par les r\u00e9f\u00e9rences qu\u2019elle convoque. \u00ab\u2009J\u2019ai voulu m\u2019inspirer de la chapelle Saint-Michel, disparue en 1894, et de l\u2019\u00e9tang qui occupait autrefois cette zone\u2009\u00bb, confie l\u2019artiste. \u00ab\u2009La com\u00e8te, c\u2019est \u00e0 la fois un <b>signe du ciel<\/b> et un rappel des eaux, une passerelle entre le pass\u00e9 et l\u2019imaginaire.\u2009\u00bb<\/p>\n<p>Vid\u00e9os : en ce moment sur ActuUn lien direct avec les Pluvignois<\/p>\n<p class=\" wall-content\">Avant m\u00eame d\u2019\u00eatre pos\u00e9e, l\u2019\u0153uvre avait d\u00e9j\u00e0 trouv\u00e9 son public. Le 12Derni\u00e8rement, Isma\u00ebl Maudet a anim\u00e9 <b>un atelier participatif<\/b> qui a rassembl\u00e9 habitants et curieux. \u00ab\u2009C\u2019\u00e9tait une belle occasion d\u2019expliquer ma d\u00e9marche et de cr\u00e9er un lien direct avec les Pluvignois\u2009\u00bb, se r\u00e9jouit-il.<\/p>\n<p>Votre r\u00e9gion, votre actu !<\/p>\n<p>Recevez chaque jour les infos qui comptent pour vous.<\/p>\n<p>\t<a href=\"https:\/\/actu.fr\/newsletter\" class=\"ac-btn ac-btn--corner ac-btn--medium ac-btn--blue800\" rel=\"nofollow noopener\" target=\"_blank\">S&rsquo;incrire<\/a><\/p>\n<p class=\" wall-content\">Avec \u00ab\u2009Com\u00e8te\u2009\u00bb, la municipalit\u00e9 esp\u00e8re renforcer l\u2019attractivit\u00e9 du parc et lui donner une nouvelle dimension. \u00ab\u2009Nous voulons que ce lieu devienne un espace de promenade, mais aussi de <b>culture <\/b>et de <b>partage\u2009<\/b>\u00bb, souligne l\u2019\u00e9quipe municipale.<\/p>\n<p class=\" wall-content\">Entre patrimoine, art contemporain et convivialit\u00e9, le parc Guigner Le Henanff trace d\u00e9sormais sa trajectoire\u2026 sous le signe des \u00e9toiles.<\/p>\n<p class=\" wall-content\">Personnalisez votre actualit\u00e9 en ajoutant vos villes et m\u00e9dias en favori avec <a href=\"https:\/\/moncompte.actu.fr\" title=\"D\u00e9couvez Mon Actu\" rel=\"nofollow noopener\" data-trk=\"{&quot;cta&quot;:{&quot;action&quot;:&quot;https:\\\/\\\/moncompte.actu.fr&quot;,&quot;category&quot;:&quot;mon compte&quot;,&quot;from&quot;:&quot;article footer&quot;,&quot;name&quot;:&quot;Mon actu&quot;,&quot;type&quot;:&quot;cta&quot;}}\" target=\"_blank\">Mon Actu<\/a>.<\/p>\n","protected":false},"excerpt":{"rendered":"Par R\u00e9daction Locmin\u00e9 Publi\u00e9 le 4 sept. 2025 \u00e0 19h50 Il y avait d\u00e9j\u00e0 les arbres, les all\u00e9es&hellip;\n","protected":false},"author":2,"featured_media":368822,"comment_status":"","ping_status":"","sticky":false,"template":"","format":"standard","meta":{"footnotes":""},"categories":[1358],"tags":[1348,1384,1385,1386,58,59,1011,27,104,7189],"class_list":{"0":"post-368821","1":"post","2":"type-post","3":"status-publish","4":"format-standard","5":"has-post-thumbnail","7":"category-arts-et-design","8":"tag-arts","9":"tag-arts-and-design","10":"tag-arts-et-design","11":"tag-design","12":"tag-divertissement","13":"tag-entertainment","14":"tag-fr","15":"tag-france","16":"tag-societe","17":"tag-street-art"},"share_on_mastodon":{"url":"https:\/\/pubeurope.com\/@fr\/115153203784692867","error":""},"_links":{"self":[{"href":"https:\/\/www.europesays.com\/fr\/wp-json\/wp\/v2\/posts\/368821","targetHints":{"allow":["GET"]}}],"collection":[{"href":"https:\/\/www.europesays.com\/fr\/wp-json\/wp\/v2\/posts"}],"about":[{"href":"https:\/\/www.europesays.com\/fr\/wp-json\/wp\/v2\/types\/post"}],"author":[{"embeddable":true,"href":"https:\/\/www.europesays.com\/fr\/wp-json\/wp\/v2\/users\/2"}],"replies":[{"embeddable":true,"href":"https:\/\/www.europesays.com\/fr\/wp-json\/wp\/v2\/comments?post=368821"}],"version-history":[{"count":0,"href":"https:\/\/www.europesays.com\/fr\/wp-json\/wp\/v2\/posts\/368821\/revisions"}],"wp:featuredmedia":[{"embeddable":true,"href":"https:\/\/www.europesays.com\/fr\/wp-json\/wp\/v2\/media\/368822"}],"wp:attachment":[{"href":"https:\/\/www.europesays.com\/fr\/wp-json\/wp\/v2\/media?parent=368821"}],"wp:term":[{"taxonomy":"category","embeddable":true,"href":"https:\/\/www.europesays.com\/fr\/wp-json\/wp\/v2\/categories?post=368821"},{"taxonomy":"post_tag","embeddable":true,"href":"https:\/\/www.europesays.com\/fr\/wp-json\/wp\/v2\/tags?post=368821"}],"curies":[{"name":"wp","href":"https:\/\/api.w.org\/{rel}","templated":true}]}}