{"id":368823,"date":"2025-09-05T18:53:10","date_gmt":"2025-09-05T18:53:10","guid":{"rendered":"https:\/\/www.europesays.com\/fr\/368823\/"},"modified":"2025-09-05T18:53:10","modified_gmt":"2025-09-05T18:53:10","slug":"notre-nouvelle-emission-video-de-conseils-lecture","status":"publish","type":"post","link":"https:\/\/www.europesays.com\/fr\/368823\/","title":{"rendered":"notre nouvelle \u00e9mission vid\u00e9o de conseils lecture"},"content":{"rendered":"<p><strong>Pour ancrer la lecture dans les habitudes de vos enfants d\u00e8s la rentr\u00e9e, nous lan\u00e7ons une nouvelle \u00e9mission vid\u00e9o r\u00e9alis\u00e9e avec les r\u00e9dactions de J\u2019aime lire. Des conseils de livres \u00e0 d\u00e9vorer pour les 7-13\u00a0ans.<\/strong><\/p>\n<p>\u00ab\u00a0Ce n\u2019est pas pour rien qu\u2019on s\u2019appelle J\u2019aime lire\u2026\u00a0\u00bb J\u00e9r\u00f4me Blanchart, r\u00e9dacteur en chef des magazines <a href=\"https:\/\/www.jaimelire.com\/mes-premiers-j-aime-lire-6-7-ans\" target=\"_blank\" rel=\"noreferrer noopener nofollow\">Mes premiers J\u2019aime lire<\/a>, <a href=\"https:\/\/www.jaimelire.com\/j-aime-lire-7-10-ans\" target=\"_blank\" rel=\"noreferrer noopener nofollow\">J\u2019aime lire<\/a> et <a href=\"https:\/\/www.jaimelire.com\/j-aime-lire-max-9-13-ans-2\" target=\"_blank\" rel=\"noreferrer noopener nofollow\">J\u2019aime lire Max<\/a> donne le ton d\u00e8s le d\u00e9but de notre nouveau rendez-vous vid\u00e9o. <strong>La lecture doit rester un plaisir\u00a0!<\/strong><\/p>\n<p>M\u00eame si en cette rentr\u00e9e, chez Bayard Jeunesse, nous avons choisi de nous engager avec force pour que nos enfants (re)d\u00e9couvrent la lecture.\u00a0 En clamant haut et fort \u00ab\u00a0<a href=\"https:\/\/www.bayard-jeunesse.com\/infos\/actualites\/mobilisons-nous-pour-lecture-conseils-pour-rentree-sereine-pleine-de-lecture\/\" target=\"_blank\" rel=\"noreferrer noopener nofollow\">Mobi<strong>LISONS<\/strong>-nous pour la lecture\u00a0!\u00a0<\/a>\u00bb, nous rappelons que <strong>la lecture est essentielle \u00e0 leur bon d\u00e9veloppement<\/strong>. Surtout au moment o\u00f9, selon Sant\u00e9 publique France, ils passent chaque jour plus de quatre heures devant les \u00e9crans et seulement 19\u00a0minutes \u00e0 lire\u2026<\/p>\n<p>En tant que parents, nous ne sommes pas toujours au courant des <strong>sorties de litt\u00e9rature jeunesse<\/strong>, et de ce qu\u2019il est bon de mettre entre les mains de nos enfants. Mais les journalistes des r\u00e9dactions de J\u2019aime lire, eux, sont tr\u00e8s au point sur le sujet\u00a0!<\/p>\n<p><img loading=\"lazy\" decoding=\"async\" width=\"770\" height=\"395\" src=\"https:\/\/www.europesays.com\/fr\/wp-content\/uploads\/2025\/09\/BJ-coups-de-coeur-Jaimelire-770.jpg\" alt=\"\u201cLes coups de c\u0153ur de J\u2019aime lire\u201d\u00a0: notre nouvelle \u00e9mission vid\u00e9o de conseils lecture.\" class=\"wp-image-65708\"  \/>Les journalistes J\u00e9r\u00f4me Blanchart, Adeline Qu\u00e9raux et Anne-Sophie Chilard nous livrent tous leurs coups de c\u0153ur lecture pour les 7-13\u00a0ans.<\/p>\n<p>Nous vous proposons donc leurs s\u00e9lections, coups de c\u0153ur et conseils dans ce nouveau rendez-vous vid\u00e9o \u00e0 d\u00e9couvrir sur la <a href=\"https:\/\/www.youtube.com\/user\/BayardJeunesse\" target=\"_blank\" rel=\"noreferrer noopener nofollow\">cha\u00eene YouTube de Bayard Jeunesse<\/a>. <strong>Pour les 6-9\u00a0ans, vous pourrez vous fier \u00e0 la s\u00e9lection d\u2019Anne-Sophie Chilard<\/strong>, journaliste \u00e0 J\u2019aime lire, avec par exemple le r\u00e9cit des aventures de la d\u00e9licieuse mouche Marquizze. <strong>Pour les 9-13\u00a0ans, c\u2019est Adeline Qu\u00e9raux<\/strong>, journaliste \u00e0 J\u2019aime lire Max, qui nous parle de sa d\u00e9couverte de l\u2019\u00e9trange\u2026 Tante Brigitte (on ne vous spoile pas\u00a0!).<\/p>\n<p>En prime, <strong>dans ce premier rendez-vous, nous avons rencontr\u00e9 Anne Didier, Olivier Muller et Cl\u00e9ment Devaux, les auteurs et illustrateur d\u2019Anatole Latuile<\/strong>, qui viennent de f\u00eater les 3\u00a0millions d\u2019exemplaires vendus de leur BD. Et pour agr\u00e9menter le tout, nous avons aussi interview\u00e9 nos petits lecteurs sur leurs derni\u00e8res d\u00e9couvertes litt\u00e9raires au festival <a href=\"https:\/\/www.aubonheurdesmomes.com\/\" target=\"_blank\" rel=\"noreferrer noopener nofollow\">Au bonheur des m\u00f4mes<\/a>, du Grand-Bornand.<\/p>\n<p>N\u2019h\u00e9sitez pas \u00e0 nous faire part de vos commentaires sur ce nouveau format, et nous partager aussi vos coups de c\u0153ur lecture et ceux de vos enfants.<\/p>\n<p>Pour d\u00e9couvrir l\u2019\u00e9mission, rendez-vous sur <a href=\"https:\/\/www.youtube.com\/watch?v=rykMS-De1hA\" rel=\"nofollow noopener\" target=\"_blank\">la cha\u00eene Youtube de Bayard Jeunesse<\/a>.<\/p>\n<p>Liste des livres cit\u00e9s dans Les Coups de c\u0153ur de J\u2019aime lire<\/p>\n<ul class=\"wp-block-list\">\n<li><strong>La fabuleuse biblioth\u00e8que de Marquizze, la mouche<\/strong>, de M\u00e9lanie Delloye, illustrations Ronan Badel, ed.\u00a0Gallimard Jeunesse Giboul\u00e9es.<\/li>\n<\/ul>\n<ul class=\"wp-block-list\">\n<li><a href=\"https:\/\/www.bayard-editions.com\/livres\/collections\/8845-lespionne\/\" target=\"_blank\" rel=\"noreferrer noopener nofollow\"><strong>L\u2019espionne<\/strong><\/a>, de Marie-Aude Murail et \u00c9glantine Ceulemans, \u00e9d.\u00a0Bayard Jeunesse.<\/li>\n<\/ul>\n<ul class=\"wp-block-list\">\n<li><strong>Tante Brigitte est revenue<\/strong>, de Laurent Rivelaygue, illustrations Olivier Tallec, \u00e9d.\u00a0L\u2019\u00e9cole des loisirs.<\/li>\n<\/ul>\n<ul class=\"wp-block-list\">\n<li><strong>Le journal de Samuel<\/strong>, d\u2019\u00c9milie Tronche, \u00e9d.\u00a0Arte \u00e9ditions et Casterman.<\/li>\n<\/ul>\n<ul class=\"wp-block-list\">\n<li><strong>Histoires secr\u00e8tes d\u2019Ovnis et d\u2019extraterrestres<\/strong>, de S\u00e9verine Vidal et Arthur Junier, \u00e9d.\u00a0Sens dessus dessous.<\/li>\n<\/ul>\n<ul class=\"wp-block-list\">\n<li><strong>La vie secr\u00e8te des adultes (expliqu\u00e9e aux enfants)<\/strong>, d\u2019Anna Fiske, \u00e9d.\u00a0La\u00a0Joie de lire.<\/li>\n<\/ul>\n<p>Les h\u00e9ros ou livres recommand\u00e9s par les enfants dans cette premi\u00e8re \u00e9mission.<\/p>\n<ul class=\"wp-block-list\">\n<li>La collection du petit \u00e2ne bleu \u00e0 lunettes, <a href=\"https:\/\/www.bd-kids.com\/les-heros\/ariol\/\" target=\"_blank\" rel=\"noreferrer noopener nofollow\"><strong>Ariol<\/strong><\/a>, d\u2019Emmanuel Guibert et Marc Boutavant, \u00e9d.\u00a0BD Kids.<\/li>\n<\/ul>\n<ul class=\"wp-block-list\">\n<li><strong>Le Cri du corps<\/strong>, d\u2019Alexandre Chardin, \u00e9d.\u00a0Sarbacane.<\/li>\n<\/ul>\n<ul class=\"wp-block-list\">\n<li>Toute la collection du roi des b\u00eatises, <a href=\"https:\/\/www.bd-kids.com\/les-heros\/anatole-latuile\/\" target=\"_blank\" rel=\"noreferrer noopener nofollow\"><strong>Anatole Latuile<\/strong><\/a>, d\u2019Anne Didier, Olivier Muller et Cl\u00e9ment Devaux, \u00e9d.\u00a0BD Kids.<\/li>\n<\/ul>\n<ul class=\"wp-block-list\">\n<li><strong>Frimousse a disparu<\/strong>, d\u2019Olivia Elkaim et Baptiste Puaud, \u00e9d.\u00a0Robert Laffont Jeunesse.<\/li>\n<\/ul>\n<p class=\"signature\">Camille Choteau<\/p>\n","protected":false},"excerpt":{"rendered":"Pour ancrer la lecture dans les habitudes de vos enfants d\u00e8s la rentr\u00e9e, nous lan\u00e7ons une nouvelle \u00e9mission&hellip;\n","protected":false},"author":2,"featured_media":368824,"comment_status":"","ping_status":"","sticky":false,"template":"","format":"standard","meta":{"footnotes":""},"categories":[1357],"tags":[1379,58,59,1011,27,1380],"class_list":{"0":"post-368823","1":"post","2":"type-post","3":"status-publish","4":"format-standard","5":"has-post-thumbnail","7":"category-livres","8":"tag-books","9":"tag-divertissement","10":"tag-entertainment","11":"tag-fr","12":"tag-france","13":"tag-livres"},"share_on_mastodon":{"url":"https:\/\/pubeurope.com\/@fr\/115153207971904414","error":""},"_links":{"self":[{"href":"https:\/\/www.europesays.com\/fr\/wp-json\/wp\/v2\/posts\/368823","targetHints":{"allow":["GET"]}}],"collection":[{"href":"https:\/\/www.europesays.com\/fr\/wp-json\/wp\/v2\/posts"}],"about":[{"href":"https:\/\/www.europesays.com\/fr\/wp-json\/wp\/v2\/types\/post"}],"author":[{"embeddable":true,"href":"https:\/\/www.europesays.com\/fr\/wp-json\/wp\/v2\/users\/2"}],"replies":[{"embeddable":true,"href":"https:\/\/www.europesays.com\/fr\/wp-json\/wp\/v2\/comments?post=368823"}],"version-history":[{"count":0,"href":"https:\/\/www.europesays.com\/fr\/wp-json\/wp\/v2\/posts\/368823\/revisions"}],"wp:featuredmedia":[{"embeddable":true,"href":"https:\/\/www.europesays.com\/fr\/wp-json\/wp\/v2\/media\/368824"}],"wp:attachment":[{"href":"https:\/\/www.europesays.com\/fr\/wp-json\/wp\/v2\/media?parent=368823"}],"wp:term":[{"taxonomy":"category","embeddable":true,"href":"https:\/\/www.europesays.com\/fr\/wp-json\/wp\/v2\/categories?post=368823"},{"taxonomy":"post_tag","embeddable":true,"href":"https:\/\/www.europesays.com\/fr\/wp-json\/wp\/v2\/tags?post=368823"}],"curies":[{"name":"wp","href":"https:\/\/api.w.org\/{rel}","templated":true}]}}