{"id":368827,"date":"2025-09-05T18:55:10","date_gmt":"2025-09-05T18:55:10","guid":{"rendered":"https:\/\/www.europesays.com\/fr\/368827\/"},"modified":"2025-09-05T18:55:10","modified_gmt":"2025-09-05T18:55:10","slug":"on-mavait-demande-de-faire-la-morue","status":"publish","type":"post","link":"https:\/\/www.europesays.com\/fr\/368827\/","title":{"rendered":"On m&rsquo;avait demand\u00e9 de faire la morue"},"content":{"rendered":"<p>\n                Alors qu&rsquo;elle est une star de la chanson qu\u00e9b\u00e9coise, Isabelle Boulay a \u00e9t\u00e9 confront\u00e9e \u00e0 de nombreuses critiques. A tel point qu&rsquo;on lui a carr\u00e9ment demander de la mettre en veilleuse&#8230;            <\/p>\n<p>\u00c0 53\u00a0ans, la chanteuse <a href=\"https:\/\/www.journaldesfemmes.fr\/people\/personnalites\/2833215-isabelle-boulay-age-dupond-moretti-compagnon-epoux-fils-chansons\/\" title=\"Isabelle Boulay\" rel=\"nofollow noopener\" target=\"_blank\">Isabelle Boulay<\/a> peut se targuer d&rsquo;avoir une carri\u00e8re exceptionnelle, avec plus de 4,5\u00a0millions d&rsquo;albums vendus \u00e0 travers le monde.\u00a0Invit\u00e9e dans l&rsquo;\u00e9mission de radio canadienne Dessine-moi un matin, elle est revenue avec humour sur une anecdote de jeunesse qui l&rsquo;a litt\u00e9ralement laiss\u00e9e sans voix.<\/p>\n<p>Isabelle Boulay, cash sur la raison de sa mise \u00e0 l&rsquo;\u00e9cart : \u00ab\u00a0Je suis inadapt\u00e9e\u00a0\u00bb<\/p>\n<p>Petite, Isabelle Boulay \u00e9tait r\u00e9guli\u00e8rement mise \u00e0 l&rsquo;\u00e9cart dans les chorales.\u00a0\u00ab\u00a0Je me faisais sortir des chorales parce que je suis inadapt\u00e9e\u00a0\u00bb, a-t-elle avou\u00e9 hilare.\u00a0Son tort\u00a0? Une voix trop puissante, impossible \u00e0 fondre dans le ch\u0153ur. \u00ab\u00a0Puis je chantais plus fort que tous les autres\u00a0\u00bb, a-t-elle expliqu\u00e9 cash.\u00a0Face \u00e0 ce \u00ab\u00a0probl\u00e8me de volume\u00a0\u00bb, la solution trouv\u00e9e par ses encadrants a \u00e9t\u00e9 pour le moins insolite\u00a0: \u00ab\u00a0On m&rsquo;avait demand\u00e9 de faire la morue\u00a0\u00bb, c&rsquo;est-\u00e0-dire de faire semblant de chanter.\u00a0Un playback artisanal que la petite Isabelle Boulay\u00a0avait accept\u00e9 avec philosophie. \u00ab\u00a0Je suis comme le volume, comme le &lsquo;on&rsquo;, &lsquo;off'\u00a0\u00bb, a-t-elle r\u00e9sum\u00e9 avec autod\u00e9rision.<\/p>\n<p>Et cette consigne l&rsquo;a v\u00e9ritablement marqu\u00e9e \u00e0 vie\u00a0! Aujourd&rsquo;hui encore, pas la moindre chanson religieuse dans les spectacles de la qu\u00e9b\u00e9coise. Non pas par choix artistique\u2026 mais parce qu&rsquo;elle n&rsquo;a jamais vraiment pu les chanter !\u00a0\u00ab\u00a0Il n&rsquo;y a pas de chansons d&rsquo;\u00e9glise parce que je les ai jamais chant\u00e9es pour de vrai\u00a0\u00bb, a-t-elle dit en enfon\u00e7ant le clou. Le plus ironique\u00a0? Elle conna\u00eet toutes les paroles de ces chants.\u00a0\u00ab\u00a0Je les connais par c\u0153ur\u00a0\u00bb, a-t-elle confi\u00e9. Comme quoi, \u00ab\u00a0faire la morue\u00a0\u00bb, \u00e7a laisse des traces.<\/p>\n<p>Isabelle Boulay\u00a0: \u00ab\u00a0Je ne pourrais pas vivre sans&#8230;\u00a0\u00bb<\/p>\n<p>La compagne\u00a0du c\u00e9l\u00e8bre avocat p\u00e9naliste et ancien ministre \u00c9ric Dupond-Moretti n&rsquo;a jamais cach\u00e9 \u00e0 quel point la musique \u00e9tait essentielle dans sa vie. \u00ab\u00a0J&rsquo;ai la chance de chanter\u00a0\u00bb, a confi\u00e9\u00a0la p\u00e9tillante rousse. Pour elle, \u00ab\u00a0chanter, c&rsquo;est une des choses les plus \u00e9videntes, c&rsquo;est une des choses qui m&rsquo;ont apport\u00e9 le plus de satisfaction\u00a0\u00bb. Impossible de se passer de cet art, elle le sait bien\u00a0: \u00ab\u00a0Je ne pourrais\u00a0pas vivre sans les chansons\u00a0\u00bb.<\/p>\n<p>La joyeuse chanteuse a \u00e9galement r\u00e9v\u00e9l\u00e9 \u00eatre une grande timide et que le chant \u00e9tait un exutoire : \u00ab\u00a0Chanter pour moi, c&rsquo;est aller vers l&rsquo;autre d&rsquo;une fa\u00e7on beaucoup plus simple, \u00e9vidente\u00a0\u00bb. Elle a \u00e9galement expliqu\u00e9 que faire vibrer ses cordes vocales lui permettait de transmettre des messages qu&rsquo;elle ne pourrait peut-\u00eatre pas exprimer autrement. Selon elle, chanter est une \u00ab\u00a0formidable sortie de secours\u00a0\u00bb dont elle mesure chaque jour la valeur\u00a0: \u00ab\u00a0Je ne sais pas comment je m&rsquo;en serais sortie si je n&rsquo;avais pas chant\u00e9\u00a0\u00bb.<\/p>\n","protected":false},"excerpt":{"rendered":"Alors qu&rsquo;elle est une star de la chanson qu\u00e9b\u00e9coise, Isabelle Boulay a \u00e9t\u00e9 confront\u00e9e \u00e0 de nombreuses critiques.&hellip;\n","protected":false},"author":2,"featured_media":368828,"comment_status":"","ping_status":"","sticky":false,"template":"","format":"standard","meta":{"footnotes":""},"categories":[1355],"tags":[58,59,1011,27,1361,873],"class_list":{"0":"post-368827","1":"post","2":"type-post","3":"status-publish","4":"format-standard","5":"has-post-thumbnail","7":"category-musique","8":"tag-divertissement","9":"tag-entertainment","10":"tag-fr","11":"tag-france","12":"tag-music","13":"tag-musique"},"share_on_mastodon":{"url":"https:\/\/pubeurope.com\/@fr\/115153215617381527","error":""},"_links":{"self":[{"href":"https:\/\/www.europesays.com\/fr\/wp-json\/wp\/v2\/posts\/368827","targetHints":{"allow":["GET"]}}],"collection":[{"href":"https:\/\/www.europesays.com\/fr\/wp-json\/wp\/v2\/posts"}],"about":[{"href":"https:\/\/www.europesays.com\/fr\/wp-json\/wp\/v2\/types\/post"}],"author":[{"embeddable":true,"href":"https:\/\/www.europesays.com\/fr\/wp-json\/wp\/v2\/users\/2"}],"replies":[{"embeddable":true,"href":"https:\/\/www.europesays.com\/fr\/wp-json\/wp\/v2\/comments?post=368827"}],"version-history":[{"count":0,"href":"https:\/\/www.europesays.com\/fr\/wp-json\/wp\/v2\/posts\/368827\/revisions"}],"wp:featuredmedia":[{"embeddable":true,"href":"https:\/\/www.europesays.com\/fr\/wp-json\/wp\/v2\/media\/368828"}],"wp:attachment":[{"href":"https:\/\/www.europesays.com\/fr\/wp-json\/wp\/v2\/media?parent=368827"}],"wp:term":[{"taxonomy":"category","embeddable":true,"href":"https:\/\/www.europesays.com\/fr\/wp-json\/wp\/v2\/categories?post=368827"},{"taxonomy":"post_tag","embeddable":true,"href":"https:\/\/www.europesays.com\/fr\/wp-json\/wp\/v2\/tags?post=368827"}],"curies":[{"name":"wp","href":"https:\/\/api.w.org\/{rel}","templated":true}]}}