{"id":368829,"date":"2025-09-05T18:56:13","date_gmt":"2025-09-05T18:56:13","guid":{"rendered":"https:\/\/www.europesays.com\/fr\/368829\/"},"modified":"2025-09-05T18:56:13","modified_gmt":"2025-09-05T18:56:13","slug":"twilight-fete-ses-20-ans-a-cette-occasion-la-saga-fait-un-cadeau-a-ses-fans","status":"publish","type":"post","link":"https:\/\/www.europesays.com\/fr\/368829\/","title":{"rendered":"\u00ab\u00a0Twilight\u00a0\u00bb f\u00eate ses 20\u00a0ans, \u00e0 cette occasion la saga fait un cadeau \u00e0 ses fans"},"content":{"rendered":"<p>        <img decoding=\"async\" loading=\"lazy\" src=\"https:\/\/www.europesays.com\/fr\/wp-content\/uploads\/2025\/09\/224a8b6_upload-1-o1tq0cjyimgl-twillight.jpg\"  width=\"728\" height=\"485\" alt=\"L\u2019int\u00e9gralit\u00e9 de la s\u00e9rie \u00ab Twillight \u00bb est \u00e0 retrouver gratuitement sur Youtube \u00e0 partir du 7\u00a0septembre.\"\/>   <\/p>\n<p>L\u2019int\u00e9gralit\u00e9 de la s\u00e9rie \u00ab Twillight \u00bb est \u00e0 retrouver gratuitement sur Youtube \u00e0 partir du 7\u00a0septembre.<\/p>\n<p class=\"asset asset-text\">CIN\u00c9MA &#8211; Les <a href=\"https:\/\/www.huffingtonpost.fr\/culture\/article\/sarah-michelle-gellar-devrait-bien-reprendre-son-role-de-buffy-c-est-elle-qui-le-dit_252901.html\" target=\"_blank\" rel=\"noopener\">Vampires<\/a> reviennent (gratuitement)\u00a0! \u00c0 partir du dimanche 7\u00a0septembre prochain, la cha\u00eene <a href=\"https:\/\/www.huffingtonpost.fr\/tech-futurs\/article\/grace-a-l-ia-youtube-veut-detecter-ses-utilisateurs-mineurs-en-un-claquement-de-doigts_253624.html\" target=\"_blank\" rel=\"noopener\">Youtube<\/a> officielle The Twilight Saga va diffuser en continu chaque film pendant 7\u00a0jours. Un <a href=\"https:\/\/www.huffingtonpost.fr\/twilight\/\" target=\"_blank\" rel=\"noopener\">cadeau<\/a> pour les admirateurs de vampires qui vont retrouver la licence, 13\u00a0ans apr\u00e8s la sortie du dernier film.<\/p>\n<p class=\"asset asset-text\">Le premier tome Twilight, chapitre\u00a0I\u00a0: Fascination publi\u00e9 en 2005\u00a0va f\u00eater ses 20\u00a0ans cet automne. \u00c0 cette occasion, Lionsgate (la bo\u00eete de production derri\u00e8re les films) et Fathom Entertainment vont mettre en place plusieurs initiatives afin de c\u00e9l\u00e9brer cet <a href=\"https:\/\/www.huffingtonpost.fr\/sport\/article\/polemique-autour-de-lamine-yamal-qui-a-embauche-des-nains-pour-son-anniversaire_252589.html\" target=\"_blank\" rel=\"noopener\">anniversaire<\/a>. En plus d\u2019une diffusion gratuite, les fans pourront red\u00e9couvrir l\u2019histoire d\u2019Edward Cullen et de Bella Swan dans les salles de cin\u00e9ma, aux \u00c9tats-Unis, \u00e0 partir du mois d\u2019octobre.<\/p>\n<p class=\"asset asset-text\">Pendant pr\u00e8s de 12\u00a0ans, la cha\u00eene Youtube officielle The Twilight Saga<strong> <\/strong>a \u00e9t\u00e9<strong> <\/strong>inactive. Pourtant depuis la mi-ao\u00fbt, des passages de films et des contenus sp\u00e9ciaux ont recommenc\u00e9 \u00e0 y appara\u00eetre. Cette initiative de Lionsgate de reproposer du contenu sur l\u2019univers de St\u00e9phanie Myers r\u00e9pond \u00e0 une demande croissante des fans de la licence rapporte <a href=\"https:\/\/deadline.com\/2025\/09\/twilight-youtube-1236507365\/\" target=\"_blank\" rel=\"noopener\" title=\"Nouvelle fen\u00eatre\">Deadline<\/a>.<\/p>\n<p class=\"asset asset-text\">Twilight\u00a0a \u00e9t\u00e9 l\u2019une des franchises cin\u00e9matographiques pour jeunes adultes les plus populaires et les plus lucratives de tous les temps. Les cinq films ont g\u00e9n\u00e9r\u00e9 pr\u00e8s de 3,3\u00a0milliards de dollars de recettes au box-office mondial. Le roman, lui, s\u2019est vendu \u00e0 plus de 160\u00a0millions d\u2019exemplaires \u00e0 travers le monde et a \u00e9t\u00e9 traduit dans pr\u00e8s de 49\u00a0langues.<\/p>\n<p> La lecture de ce contenu est susceptible d\u2019entra\u00eener un d\u00e9p\u00f4t de cookies de la part de l\u2019op\u00e9rateur tiers qui l\u2019h\u00e9berge. Compte-tenu des choix que vous avez exprim\u00e9s en mati\u00e8re de d\u00e9p\u00f4t de cookies, nous avons bloqu\u00e9 l\u2019affichage de ce contenu. Si vous souhaitez y acc\u00e9der, vous devez accepter la cat\u00e9gorie de cookies \u201cContenus tiers\u201d en cliquant sur le bouton ci-dessous. <\/p>\n<p> Lire la Vid\u00e9o              Pas de retour en France pour le moment    <\/p>\n<p class=\"asset asset-text\">Si pour le moment, aucune annonce n\u2019a \u00e9t\u00e9 faite concernant un potentiel retour de la licence dans l\u2019hexagone, les fans fran\u00e7ais pourront n\u00e9anmoins profiter de cette rediffusion gratuite. Les cinq films seront disponibles du 7\u00a0au 14\u00a0septembre <a href=\"https:\/\/www.youtube.com\/@twilight\/videos\" target=\"_blank\" rel=\"noopener\" title=\"Nouvelle fen\u00eatre\">sur la cha\u00eene officielle The Twillight Saga sur Youtube<\/a>.<\/p>\n","protected":false},"excerpt":{"rendered":"L\u2019int\u00e9gralit\u00e9 de la s\u00e9rie \u00ab Twillight \u00bb est \u00e0 retrouver gratuitement sur Youtube \u00e0 partir du 7\u00a0septembre. CIN\u00c9MA&hellip;\n","protected":false},"author":2,"featured_media":368830,"comment_status":"","ping_status":"","sticky":false,"template":"","format":"standard","meta":{"footnotes":""},"categories":[1354],"tags":[650,251,58,59,2081,1346,1011,27,1360,38622,2784],"class_list":{"0":"post-368829","1":"post","2":"type-post","3":"status-publish","4":"format-standard","5":"has-post-thumbnail","7":"category-films","8":"tag-cinema","9":"tag-culture","10":"tag-divertissement","11":"tag-entertainment","12":"tag-film","13":"tag-films","14":"tag-fr","15":"tag-france","16":"tag-movies","17":"tag-twilight","18":"tag-youtube"},"share_on_mastodon":{"url":"https:\/\/pubeurope.com\/@fr\/115153219546233879","error":""},"_links":{"self":[{"href":"https:\/\/www.europesays.com\/fr\/wp-json\/wp\/v2\/posts\/368829","targetHints":{"allow":["GET"]}}],"collection":[{"href":"https:\/\/www.europesays.com\/fr\/wp-json\/wp\/v2\/posts"}],"about":[{"href":"https:\/\/www.europesays.com\/fr\/wp-json\/wp\/v2\/types\/post"}],"author":[{"embeddable":true,"href":"https:\/\/www.europesays.com\/fr\/wp-json\/wp\/v2\/users\/2"}],"replies":[{"embeddable":true,"href":"https:\/\/www.europesays.com\/fr\/wp-json\/wp\/v2\/comments?post=368829"}],"version-history":[{"count":0,"href":"https:\/\/www.europesays.com\/fr\/wp-json\/wp\/v2\/posts\/368829\/revisions"}],"wp:featuredmedia":[{"embeddable":true,"href":"https:\/\/www.europesays.com\/fr\/wp-json\/wp\/v2\/media\/368830"}],"wp:attachment":[{"href":"https:\/\/www.europesays.com\/fr\/wp-json\/wp\/v2\/media?parent=368829"}],"wp:term":[{"taxonomy":"category","embeddable":true,"href":"https:\/\/www.europesays.com\/fr\/wp-json\/wp\/v2\/categories?post=368829"},{"taxonomy":"post_tag","embeddable":true,"href":"https:\/\/www.europesays.com\/fr\/wp-json\/wp\/v2\/tags?post=368829"}],"curies":[{"name":"wp","href":"https:\/\/api.w.org\/{rel}","templated":true}]}}