{"id":368835,"date":"2025-09-05T18:59:17","date_gmt":"2025-09-05T18:59:17","guid":{"rendered":"https:\/\/www.europesays.com\/fr\/368835\/"},"modified":"2025-09-05T18:59:17","modified_gmt":"2025-09-05T18:59:17","slug":"katharine-la-duchesse-de-kent-sest-eteinte-a-lage-de-92-ans","status":"publish","type":"post","link":"https:\/\/www.europesays.com\/fr\/368835\/","title":{"rendered":"Katharine, la Duchesse de Kent, s\u2019est \u00e9teinte \u00e0 l\u2019\u00e2ge de 92 ans"},"content":{"rendered":"<p>La Duchesse de Kent s\u2019est \u00e9teinte, jeudi soir. Katharine, 92 ans, \u00e9tait la plus \u00e2g\u00e9e des membres de la famille royale d\u2019<a href=\"https:\/\/www.20minutes.fr\/dossier\/angleterre\" class=\"c-link c-link--is-underlined\" target=\"_blank\" rel=\"noopener\">Angleterre<\/a>. Elle \u00e9tait l\u2019\u00e9pouse d\u2019Edward, le cousin de la d\u00e9funte reine <a href=\"https:\/\/www.20minutes.fr\/dossier\/elizabeth_ii\" class=\"c-link c-link--is-underlined\" target=\"_blank\" rel=\"noopener\">Elizabeth II<\/a>, a inform\u00e9 la famille royale dans un communiqu\u00e9 publi\u00e9 ce vendredi, \u00e0 la mi-journ\u00e9e, et relay\u00e9 sur les <a href=\"https:\/\/www.20minutes.fr\/dossier\/reseaux_sociaux\" class=\"c-link c-link--is-underlined\" target=\"_blank\" rel=\"noopener\">r\u00e9seaux sociaux<\/a>.<\/p>\n<p>Le \u00ab\u00a0d\u00e9vouement de la duchesse\u00a0\u00bb salu\u00e9<\/p>\n<p>\u00ab\u00a0C\u2019est avec une profonde tristesse que le palais de <a href=\"https:\/\/www.20minutes.fr\/dossier\/buckingham_palace\" class=\"c-link c-link--is-underlined\" target=\"_blank\" rel=\"noopener\">Buckingham<\/a> annonce le d\u00e9c\u00e8s de Son Altesse Royale la Duchesse de Kent, indique le document partag\u00e9 ce vendredi. Son Altesse Royale s\u2019est \u00e9teinte paisiblement hier soir au palais de Kensington, entour\u00e9e de sa famille. Le roi, la reine et tous les membres de la famille royale se joignent au duc de Kent, \u00e0 ses enfants et petits-enfants pour pleurer leur perte et se souviennent avec \u00e9motion du d\u00e9vouement de la duchesse envers toutes les organisations auxquelles elle \u00e9tait associ\u00e9e, de sa passion pour la musique et de son empathie pour les jeunes.\u00a0\u00bb<\/p>\n<p>La sympathie du public de Wimbledon<\/p>\n<p>N\u00e9e Katharine Lucy Mary Worsley le 22\u00a0f\u00e9vrier 1933 \u00e0 Hovingham Hall dans le Yorkshire, au <a href=\"https:\/\/www.20minutes.fr\/monde\/royaume-uni\/\" class=\"c-link c-link--is-underlined\" target=\"_blank\" rel=\"noopener\">Royaume-Uni<\/a>, elle a \u00e9pous\u00e9 le prince Edward, deuxi\u00e8me duc de Kent, cousin de la reine Elizabeth II, le 8\u00a0juin 1961. De cette union sont n\u00e9s trois enfants\u00a0: George Windsor, comte de St Andrews, Lady Helen Windsor et Lord Nicholas Windsor. A noter que les deux premiers enfants du couple, George et Helen figurent dans l\u2019ordre de succession au tr\u00f4ne britannique contrairement \u00e0 leur fr\u00e8re, Nicholas Windsor, qui s\u2019est converti au <a href=\"https:\/\/www.20minutes.fr\/dossier\/catholicisme\" class=\"c-link c-link--is-underlined\" target=\"_blank\" rel=\"noopener\">catholicisme<\/a>.<\/p>\n<\/p>\n<p>Katharine avait notamment gagn\u00e9 la sympathie du public \u00e0 travers le monde en r\u00e9confortant la joueuse de <a href=\"https:\/\/www.20minutes.fr\/sport\/tennis\/\" class=\"c-link c-link--is-underlined\" target=\"_blank\" rel=\"noopener\">tennis<\/a> tch\u00e8que Jana Novotna apr\u00e8s sa d\u00e9faite \u00e0 <a href=\"https:\/\/www.20minutes.fr\/sport\/wimbledon\/\" class=\"c-link c-link--is-underlined\" target=\"_blank\" rel=\"noopener\">Wimbledon<\/a>, en\u00a01993. Depuis deux d\u00e9cennies, \u00e9taient s\u00e9par\u00e9s du duc de Kent et limitait ses apparitions publiques.<\/p>\n","protected":false},"excerpt":{"rendered":"La Duchesse de Kent s\u2019est \u00e9teinte, jeudi soir. Katharine, 92 ans, \u00e9tait la plus \u00e2g\u00e9e des membres de&hellip;\n","protected":false},"author":2,"featured_media":368836,"comment_status":"","ping_status":"","sticky":false,"template":"","format":"standard","meta":{"footnotes":""},"categories":[8],"tags":[4708,58,59,1011,27,973,473,971],"class_list":{"0":"post-368835","1":"post","2":"type-post","3":"status-publish","4":"format-standard","5":"has-post-thumbnail","7":"category-divertissement","8":"tag-angleterre","9":"tag-divertissement","10":"tag-entertainment","11":"tag-fr","12":"tag-france","13":"tag-people","14":"tag-royaume-uni","15":"tag-royaute"},"share_on_mastodon":{"url":"https:\/\/pubeurope.com\/@fr\/115153231101522508","error":""},"_links":{"self":[{"href":"https:\/\/www.europesays.com\/fr\/wp-json\/wp\/v2\/posts\/368835","targetHints":{"allow":["GET"]}}],"collection":[{"href":"https:\/\/www.europesays.com\/fr\/wp-json\/wp\/v2\/posts"}],"about":[{"href":"https:\/\/www.europesays.com\/fr\/wp-json\/wp\/v2\/types\/post"}],"author":[{"embeddable":true,"href":"https:\/\/www.europesays.com\/fr\/wp-json\/wp\/v2\/users\/2"}],"replies":[{"embeddable":true,"href":"https:\/\/www.europesays.com\/fr\/wp-json\/wp\/v2\/comments?post=368835"}],"version-history":[{"count":0,"href":"https:\/\/www.europesays.com\/fr\/wp-json\/wp\/v2\/posts\/368835\/revisions"}],"wp:featuredmedia":[{"embeddable":true,"href":"https:\/\/www.europesays.com\/fr\/wp-json\/wp\/v2\/media\/368836"}],"wp:attachment":[{"href":"https:\/\/www.europesays.com\/fr\/wp-json\/wp\/v2\/media?parent=368835"}],"wp:term":[{"taxonomy":"category","embeddable":true,"href":"https:\/\/www.europesays.com\/fr\/wp-json\/wp\/v2\/categories?post=368835"},{"taxonomy":"post_tag","embeddable":true,"href":"https:\/\/www.europesays.com\/fr\/wp-json\/wp\/v2\/tags?post=368835"}],"curies":[{"name":"wp","href":"https:\/\/api.w.org\/{rel}","templated":true}]}}