{"id":368839,"date":"2025-09-05T19:01:12","date_gmt":"2025-09-05T19:01:12","guid":{"rendered":"https:\/\/www.europesays.com\/fr\/368839\/"},"modified":"2025-09-05T19:01:12","modified_gmt":"2025-09-05T19:01:12","slug":"pour-donald-trump-les-nouveaux-chiffres-du-chomage-aux-etats-unis-sont-un-double-camouflet","status":"publish","type":"post","link":"https:\/\/www.europesays.com\/fr\/368839\/","title":{"rendered":"Pour Donald Trump, les nouveaux chiffres du ch\u00f4mage aux \u00c9tats-Unis sont un double camouflet"},"content":{"rendered":"<p>        <img decoding=\"async\" loading=\"lazy\" src=\"https:\/\/www.europesays.com\/fr\/wp-content\/uploads\/2025\/09\/3967e35_sirius-fs-upload-1-d0d1pmnozofj-1745046407459-063-2210199355.jpg\"  width=\"728\" height=\"410\" alt=\"\u00ab\u00a0Je choisirai un rempla\u00e7ant exceptionnel\u00a0\u00bb, avait promis Donald Trump apr\u00e8s avoir accus\u00e9 une statistienne de \u00ab\u00a0bidonner\u00a0\u00bb les chifres du ch\u00f4mage \u00e0 des fins politiques.\"\/>  <\/p>\n<p>ANDREW HARNIK \/ Getty Images via AFP<\/p>\n<p>\u00ab\u00a0Je choisirai un rempla\u00e7ant exceptionnel\u00a0\u00bb, avait promis Donald Trump apr\u00e8s avoir accus\u00e9 une statistienne de \u00ab\u00a0bidonner\u00a0\u00bb les chifres du ch\u00f4mage \u00e0 des fins politiques.<\/p>\n<p class=\"asset asset-text\">INTERNATIONAL &#8211; Les ajustements personnels apport\u00e9s par le pr\u00e9sident am\u00e9ricain n\u2019y ont rien chang\u00e9. Au mois d\u2019ao\u00fbt, les \u00c9tats-Unis de <a href=\"https:\/\/www.huffingtonpost.fr\/international\/article\/la-croisade-de-donald-trump-contre-harvard-et-les-universites-empechee-par-une-juge-de-boston_254405.html\" rel=\"nofollow noopener\" target=\"_blank\">Donald Trump<\/a> ont connu un nouveau mois peu encourageant pour la sant\u00e9 du march\u00e9 du travail, comme le r\u00e9v\u00e8lent les donn\u00e9es officielles publi\u00e9es ce vendredi 5\u00a0septembre.<\/p>\n<p class=\"asset asset-text\">Malgr\u00e9 son statut de premi\u00e8re \u00e9conomie mondiale, les \u00c9tats-Unis ont cr\u00e9\u00e9 seulement 22\u00a0000 emplois le mois dernier, alors que les analystes s\u2019attendaient \u00e0 75\u00a0000 cr\u00e9ations d\u2019emploi. \u00c0 cela s\u2019ajoute un <a href=\"https:\/\/www.huffingtonpost.fr\/economie\/article\/recession-aux-etats-unis-en-annee-d-election-quelle-est-cette-regle-qui-pourrait-gacher-la-campagne_237978.html\" rel=\"nofollow noopener\" target=\"_blank\">taux de ch\u00f4mage<\/a> en progression \u00e0 4,3\u00a0%. Contre 4,2\u00a0% en juillet et 4,1\u00a0% en juin. Il s\u2019agit du plus haut niveau depuis l\u2019automne 2021.<\/p>\n<p class=\"asset asset-text\">Un revers politique de plus pour le chef d\u2019\u00c9tat am\u00e9ricain qui \u00e9tait lui-m\u00eame venu mettre son nez dans les donn\u00e9es officielles du pr\u00e9c\u00e9dent rapport rendu le mois dernier. Il avait alors jug\u00e9 les chiffres \u00ab\u00a0bidonn\u00e9s\u00a0\u00bb en sa d\u00e9faveur et pour \u00ab\u00a0minimiser la r\u00e9ussite\u00a0\u00bb de son d\u00e9but de mandat. Ce qui l\u2019avait conduit \u00e0 remplacer la directrice du service statistique concern\u00e9. Mais force est de constater que rien n\u2019a chang\u00e9. Pire encore, les chiffres sont encore moins bons depuis qu\u2019il a plac\u00e9 un \u00e9conomiste d\u2019un centre de r\u00e9flexion conservateur qui soutient sans r\u00e9serve sa politique.<\/p>\n<p>    Renvoi \u00ab\u00a0imm\u00e9diat\u00a0\u00bb    <\/p>\n<p class=\"asset asset-text\">Le mois dernier, la publication de ce rapport officiel sur l\u2019emploi avait cr\u00e9\u00e9 deux ondes de choc. La premi\u00e8re, parce qu\u2019il comportait de fortes r\u00e9visions du nombre d\u2019emplois cr\u00e9\u00e9s par la premi\u00e8re \u00e9conomie mondiale les mois pr\u00e9c\u00e9dents &#8211; montrant alors que le march\u00e9 du travail r\u00e9sistait moins bien que ce qui avait \u00e9t\u00e9 jusque-l\u00e0 imagin\u00e9. La seconde, parce que le pr\u00e9sident am\u00e9ricain avait d\u00e9cid\u00e9 dans la foul\u00e9e de renvoyer Erika McEntarfer, la responsable du service \u00e0 l\u2019origine du rapport (BLS). Il l\u2019avait accus\u00e9, sans apporter la moindre preuve, d\u2019avoir manipul\u00e9 les chiffres pour ternir l\u2019image de l\u2019administration Trump.<\/p>\n<p class=\"asset asset-text\">Le locataire de la Maison Blanche avait donc exig\u00e9 son renvoi \u00ab\u00a0imm\u00e9diat\u00a0\u00bb, stup\u00e9fiant au passage de nombreux \u00e9conomistes et le camp d\u00e9mocrate. Car en utilisant Erika McEntarfer comme bouc \u00e9missaire, Donald Trump essayait surtout de faire taire le messager plut\u00f4t que d\u2019affronter les cons\u00e9quences de sa politique \u00e9conomique, notamment <a href=\"https:\/\/www.huffingtonpost.fr\/international\/article\/sur-les-droits-de-douane-donald-trump-essuie-un-nouveau-revers-le-president-fulmine_254179.html\" rel=\"nofollow noopener\" target=\"_blank\">ses droits de douane massifs qui bousculent les cha\u00eenes de production<\/a>.<\/p>\n<p class=\"asset asset-text\">Depuis, il a nomm\u00e9 le 12\u00a0ao\u00fbt E.J. Antoni, \u00e9conomiste pass\u00e9 par la tr\u00e8s conservatrice Heritage Foundation o\u00f9 il a publi\u00e9 plusieurs articles favorables \u00e0 la politique du pr\u00e9sident r\u00e9publicain, \u00e0 la t\u00eate de la principale agence de statistiques \u00e9conomiques des \u00c9tats-Unis. \u00ab\u00a0Notre \u00e9conomie est florissante et E.J. veillera \u00e0 ce que les chiffres publi\u00e9s soient HONN\u00caTES et JUSTES\u00a0\u00bb, a-t-il ajout\u00e9, usant de mots tout en majuscules comme \u00e0 son habitude.<\/p>\n<p>    Perte de vitesse    <\/p>\n<p class=\"asset asset-text\">C\u2019est donc rat\u00e9. Car les chiffres publi\u00e9s vendredi comportent de nouvelles r\u00e9visions pour les mois pr\u00e9c\u00e9dents. La plus notable concerne le mois de juin, o\u00f9 la tendance auparavant l\u00e9g\u00e8rement positive est devenue n\u00e9gative, avec 13\u00a0000 destructions d\u2019emploi sur la p\u00e9riode.<\/p>\n<p class=\"asset asset-text\">Dans l\u2019ombre de Trump, ses conseillers \u00e9conomiques n\u2019osent d\u2019ailleurs pas \u00e9voquer de trucage partisan sur les mois pr\u00e9c\u00e9dents. Ils soutiennent plut\u00f4t que le renvoi de la directrice du BLS \u00e9tait justifi\u00e9, car elle aurait selon eux d\u00fb prendre des mesures pour am\u00e9liorer la fiabilit\u00e9 des publications. Sans croire \u00e0 une manipulation politique, les \u00e9conomistes interrog\u00e9s par l\u2019AFP attribuent les fortes r\u00e9visions des chiffres du BLS au fait que les entreprises sond\u00e9es r\u00e9pondent de plus en plus tardivement, rendant les estimations initiales moins fiables.<\/p>\n<p class=\"asset asset-text\">Au bout du compte, plus le tableau des mois pr\u00e9c\u00e9dents se pr\u00e9cise, plus il montre un march\u00e9 du travail en perte de vitesse de l\u2019autre c\u00f4t\u00e9 de l\u2019Atlantique. Et le secteur industriel, dont le redressement est une des priorit\u00e9s de l\u2019administration Trump, a d\u00e9truit plus d\u2019emplois qu\u2019il n\u2019en a cr\u00e9\u00e9s ces derniers mois. Et le statisticien \u00ab\u00a0exceptionnel\u00a0\u00bb promis par Donald Trump n\u2019y peut pas grand-chose.<\/p>\n","protected":false},"excerpt":{"rendered":"ANDREW HARNIK \/ Getty Images via AFP \u00ab\u00a0Je choisirai un rempla\u00e7ant exceptionnel\u00a0\u00bb, avait promis Donald Trump apr\u00e8s avoir&hellip;\n","protected":false},"author":2,"featured_media":368840,"comment_status":"","ping_status":"","sticky":false,"template":"","format":"standard","meta":{"footnotes":""},"categories":[6],"tags":[35,75,33,34,73,1011,27,14,35911],"class_list":{"0":"post-368839","1":"post","2":"type-post","3":"status-publish","4":"format-standard","5":"has-post-thumbnail","7":"category-economie","8":"tag-business","9":"tag-donald-trump","10":"tag-economie","11":"tag-economy","12":"tag-etats-unis","13":"tag-fr","14":"tag-france","15":"tag-international","16":"tag-taux-de-chomage"},"share_on_mastodon":{"url":"https:\/\/pubeurope.com\/@fr\/115153239112141397","error":""},"_links":{"self":[{"href":"https:\/\/www.europesays.com\/fr\/wp-json\/wp\/v2\/posts\/368839","targetHints":{"allow":["GET"]}}],"collection":[{"href":"https:\/\/www.europesays.com\/fr\/wp-json\/wp\/v2\/posts"}],"about":[{"href":"https:\/\/www.europesays.com\/fr\/wp-json\/wp\/v2\/types\/post"}],"author":[{"embeddable":true,"href":"https:\/\/www.europesays.com\/fr\/wp-json\/wp\/v2\/users\/2"}],"replies":[{"embeddable":true,"href":"https:\/\/www.europesays.com\/fr\/wp-json\/wp\/v2\/comments?post=368839"}],"version-history":[{"count":0,"href":"https:\/\/www.europesays.com\/fr\/wp-json\/wp\/v2\/posts\/368839\/revisions"}],"wp:featuredmedia":[{"embeddable":true,"href":"https:\/\/www.europesays.com\/fr\/wp-json\/wp\/v2\/media\/368840"}],"wp:attachment":[{"href":"https:\/\/www.europesays.com\/fr\/wp-json\/wp\/v2\/media?parent=368839"}],"wp:term":[{"taxonomy":"category","embeddable":true,"href":"https:\/\/www.europesays.com\/fr\/wp-json\/wp\/v2\/categories?post=368839"},{"taxonomy":"post_tag","embeddable":true,"href":"https:\/\/www.europesays.com\/fr\/wp-json\/wp\/v2\/tags?post=368839"}],"curies":[{"name":"wp","href":"https:\/\/api.w.org\/{rel}","templated":true}]}}