{"id":36884,"date":"2025-04-19T16:15:18","date_gmt":"2025-04-19T16:15:18","guid":{"rendered":"https:\/\/www.europesays.com\/fr\/36884\/"},"modified":"2025-04-19T16:15:18","modified_gmt":"2025-04-19T16:15:18","slug":"insolite-jai-souffert-quand-roger-federer-a-pris-sa-retraite-cetait-mon-idole-je-le-suivais-partout-on-est-de-la-meme-annee-sil-jouait-en-australie-a-3h-du-matin-je","status":"publish","type":"post","link":"https:\/\/www.europesays.com\/fr\/36884\/","title":{"rendered":"Insolite > \u00ab\u00a0J\u2019ai souffert quand Roger Federer a pris sa retraite. C\u2019\u00e9tait mon idole. Je le suivais partout. On est de la m\u00eame ann\u00e9e. S\u2019il jouait en Australie \u00e0 3h du matin, je me levais \u00e0 3h du matin pour regarder ses matchs. Il \u00e9tait tellement \u00e0 part\u00a0\u00bb explique Roque Santa Cruz"},"content":{"rendered":"<p>Comme le signale le site suisse Blick, la star du foot\u00adball Roque Santa Cruz avait un idole dans sa vie. C\u2019est ce qu\u2019il a r\u00e9v\u00e9l\u00e9 au maga\u00adzine de qualit\u00e9 Sofoot lors d\u2019une inter\u00adview. V\u00e9ritable fan du Suisse, Roque calquait son emploi du temps sur celui du Maestro, \u00e9tonnant\u2026<\/p>\n<p>\u00ab\u202f<strong>J\u2019ai souf\u00adfert quand Roger a pris sa retraite. C\u2019\u00e9tait mon idole. Je le suivais partout. On est de la m\u00eame ann\u00e9e. S\u2019il jouait en Australie \u00e0 3h du matin, je me levais \u00e0 3h du matin pour regarder ses matchs. Il \u00e9tait telle\u00adment \u00e0 part. Sa derni\u00e8re finale gagn\u00e9e face \u00e0 Rafa Nadal \u00e0 Melbourne, c\u2019\u00e9tait tr\u00e8s fort. Et j\u2019ai rare\u00adment autant souf\u00adfert que lors de la finale de Wimbledon face \u00e0 Novak Djokovic en\u00a02019\u202f\u00bb<\/strong><\/p>\n<p>Esp\u00e9rons que eette d\u00e9cla\u00adra\u00adtion va peut\u2010\u00eatre lui permettre de rencon\u00adtrer le Suisse.\u2026<\/p>\n<p class=\"post-published-date\" style=\"color: silver; font-size: 75%; text-align: left;\">Publi\u00e9 le vendredi 18 avril 2025 \u00e0 10:22<\/p>\n","protected":false},"excerpt":{"rendered":"Comme le signale le site suisse Blick, la star du foot\u00adball Roque Santa Cruz avait un idole dans&hellip;\n","protected":false},"author":2,"featured_media":36885,"comment_status":"","ping_status":"","sticky":false,"template":"","format":"standard","meta":{"footnotes":""},"categories":[1415],"tags":[105,2199,1011,27,1960,60,1467],"class_list":{"0":"post-36884","1":"post","2":"type-post","3":"status-publish","4":"format-standard","5":"has-post-thumbnail","7":"category-tennis","8":"tag-djokovic","9":"tag-federer","10":"tag-fr","11":"tag-france","12":"tag-nadal","13":"tag-sports","14":"tag-tennis"},"share_on_mastodon":{"url":"https:\/\/pubeurope.com\/@fr\/114365525059077384","error":""},"_links":{"self":[{"href":"https:\/\/www.europesays.com\/fr\/wp-json\/wp\/v2\/posts\/36884","targetHints":{"allow":["GET"]}}],"collection":[{"href":"https:\/\/www.europesays.com\/fr\/wp-json\/wp\/v2\/posts"}],"about":[{"href":"https:\/\/www.europesays.com\/fr\/wp-json\/wp\/v2\/types\/post"}],"author":[{"embeddable":true,"href":"https:\/\/www.europesays.com\/fr\/wp-json\/wp\/v2\/users\/2"}],"replies":[{"embeddable":true,"href":"https:\/\/www.europesays.com\/fr\/wp-json\/wp\/v2\/comments?post=36884"}],"version-history":[{"count":0,"href":"https:\/\/www.europesays.com\/fr\/wp-json\/wp\/v2\/posts\/36884\/revisions"}],"wp:featuredmedia":[{"embeddable":true,"href":"https:\/\/www.europesays.com\/fr\/wp-json\/wp\/v2\/media\/36885"}],"wp:attachment":[{"href":"https:\/\/www.europesays.com\/fr\/wp-json\/wp\/v2\/media?parent=36884"}],"wp:term":[{"taxonomy":"category","embeddable":true,"href":"https:\/\/www.europesays.com\/fr\/wp-json\/wp\/v2\/categories?post=36884"},{"taxonomy":"post_tag","embeddable":true,"href":"https:\/\/www.europesays.com\/fr\/wp-json\/wp\/v2\/tags?post=36884"}],"curies":[{"name":"wp","href":"https:\/\/api.w.org\/{rel}","templated":true}]}}