{"id":368841,"date":"2025-09-05T19:02:11","date_gmt":"2025-09-05T19:02:11","guid":{"rendered":"https:\/\/www.europesays.com\/fr\/368841\/"},"modified":"2025-09-05T19:02:11","modified_gmt":"2025-09-05T19:02:11","slug":"deraillement-dun-funiculaire-a-lisbonne-cite-parmi-les-victimes-le-pere-de-lenfant-miracule-de-la-catastrophe-retrouve-vivant-actualites","status":"publish","type":"post","link":"https:\/\/www.europesays.com\/fr\/368841\/","title":{"rendered":"D\u00e9raillement d&rsquo;un funiculaire \u00e0 Lisbonne : cit\u00e9 parmi les victimes, le p\u00e8re de l&rsquo;enfant miracul\u00e9 de la catastrophe retrouv\u00e9 vivant : Actualit\u00e9s"},"content":{"rendered":"<p class=\"lead \"><strong>Un p\u00e8re de famille allemand, consid\u00e9r\u00e9 comme mort dans le d\u00e9raillement du funiculaire de Gloria, \u00e0 Lisbonne, a \u00e9t\u00e9 retrouv\u00e9 dans un h\u00f4pital de la ville, rapporte CNN Portugal. Son petit gar\u00e7on \u00e2g\u00e9 de trois ans, seul enfant \u00e0 bord, avait \u00e9t\u00e9 retrouv\u00e9 vivant.<\/strong><\/p>\n<p class=\"lead \">Une \u00e9claircie dans l&rsquo;un des pires drames qu&rsquo;ait connus le Portugal ces derni\u00e8res ann\u00e9es. Annonc\u00e9 mort parmi les <a href=\"https:\/\/actu.orange.fr\/monde\/deraillement-du-funiculaire-de-lisbonne-une-francaise-est-decedee-dans-l-accident-magic-CNT000002kutc7.html\" rel=\"nofollow noopener\" target=\"_blank\">victimes<\/a> du d\u00e9raillement du funiculaire de Gloria \u00e0 Lisbonne mercredi 3 septembre, un p\u00e8re de famille allemand est finalement bien vivant : il figurait en r\u00e9alit\u00e9 parmi les bless\u00e9s du terrible accident, rapporte <a href=\"https:\/\/cnnportugal.iol.pt\/elevador-da-gloria\/pai-da-crianca-de-tres-anos-que-foi-retirada-dos-escombros-do-ascensor-da-gloria-encontrado-com-vida\/20250905\/68baa540d34ef72ee44a2e3a#google_vignette\" target=\"_blank\" rel=\"nofollow noopener\">CNN Portugal<\/a>.<\/p>\n<p class=\"lead \"><strong> Une famille s\u00e9par\u00e9e mais indemne <\/strong><\/p>\n<p class=\"lead \">Selon des d\u00e9tails relay\u00e9s par la cha\u00eene dans un communiqu\u00e9, l&rsquo;homme de 46 ans n&rsquo;est autre que le p\u00e8re du seul enfant \u00e0 bord du v\u00e9hicule, qui, pour une raison encore inconnue, est brutalement entr\u00e9 en collision avec la fa\u00e7ade d&rsquo;un immeuble sur son parcours mercredi. Le petit gar\u00e7on de 3 ans, l\u00e9g\u00e8rement bless\u00e9, a \u00e9t\u00e9 rep\u00e9r\u00e9 par l&rsquo;un des t\u00e9moins juste apr\u00e8s le drame, errant et demandant de l&rsquo;aide, le visage ensanglant\u00e9. <\/p>\n<p class=\"lead \">Dans la confusion, son p\u00e8re, bless\u00e9 et non identifiable apr\u00e8s la catastrophe, a \u00e9t\u00e9 transport\u00e9 \u00e0 l&rsquo;h\u00f4pital de S\u00e3o Jos\u00e9. La m\u00e8re de l&rsquo;enfant a elle aussi surv\u00e9cu, admise dans un \u00e9tat critique \u00e0 l&rsquo;h\u00f4pital Santa Maria, un autre \u00e9tablissement de la ville. Contact\u00e9e pour identifier le p\u00e8re du petit gar\u00e7on bless\u00e9, la famille, originaire de Hambourg en Allemagne, n&rsquo;a donc pas pu identifier son corps. Ils sont parvenus \u00e0 retrouver sa trace en montrant sa photo \u00e0 un policier du centre-ville de Lisbonne, qui s&rsquo;est souvenu d&rsquo;un bless\u00e9 non identifi\u00e9.<\/p>\n<p class=\"lead \"><strong> Une Fran\u00e7aise parmi les victimes <\/strong><\/p>\n<p class=\"lead \">Des analyses sont en cours pour d\u00e9terminer l&rsquo;origine du d\u00e9raillement, alors que le gestionnaire responsable des funiculaires a assur\u00e9 dans un communiqu\u00e9 que la maintenance avait \u00e9t\u00e9 \u00ab\u00a0scrupuleusement respect\u00e9e\u00a0\u00bb. Un rapport technique pr\u00e9liminaire du bureau gouvernemental portugais charg\u00e9 des enqu\u00eates sur les accidents a\u00e9riens et ferroviaires devrait \u00eatre publi\u00e9 ce vendredi 5 septembre, avant un rapport plus pouss\u00e9 de la police locale dans les 45 prochains jours, r\u00e9sume notamment <a href=\"https:\/\/www.france24.com\/fr\/info-en-continu\/20250905-onze-%C3%A9trangers-et-cinq-portugais-tu%C3%A9s-dans-l-accident-de-funiculaire-%C3%A0-lisbonne\" target=\"_blank\" rel=\"nofollow noopener\">France 24<\/a>. <\/p>\n<p class=\"lead \">Selon CNN Portugal, la police judiciaire a fait savoir que les nationalit\u00e9s des 16 victimes de l&rsquo;accident ont \u00e9t\u00e9 identifi\u00e9es par la m\u00e9decine l\u00e9gale. Au total, \u00ab\u00a05 Portugais, 1 Suisse, 3 Britanniques, 2 Canadiens, 1 Ukrainien, 1 Am\u00e9ricain et 1 Fran\u00e7ais\u00a0\u00bb ont perdu la vie. La victime fran\u00e7aise est une ressortissante r\u00e9sidant au Canada \u00ab\u00a0de passage\u00a0\u00bb \u00e0 Lisbonne, a fait savoir le Quai d&rsquo;Orsay, pr\u00e9cisant qu&rsquo;il s&rsquo;agit d&rsquo;une personne diff\u00e9rente de la Fran\u00e7aise cit\u00e9e parmi les bless\u00e9s.<\/p>\n<p class=\"small font-weight-bold text-gray3 \"> publi\u00e9 le 5 septembre \u00e0 19h15, Joanna Wadel, 6Medias<\/p>\n<p>                             Partager<\/p>\n","protected":false},"excerpt":{"rendered":"Un p\u00e8re de famille allemand, consid\u00e9r\u00e9 comme mort dans le d\u00e9raillement du funiculaire de Gloria, \u00e0 Lisbonne, a&hellip;\n","protected":false},"author":2,"featured_media":368842,"comment_status":"","ping_status":"","sticky":false,"template":"","format":"standard","meta":{"footnotes":""},"categories":[5],"tags":[11,1011,27,14,12,28],"class_list":{"0":"post-368841","1":"post","2":"type-post","3":"status-publish","4":"format-standard","5":"has-post-thumbnail","7":"category-international","8":"tag-actualites","9":"tag-fr","10":"tag-france","11":"tag-international","12":"tag-news","13":"tag-world"},"share_on_mastodon":{"url":"https:\/\/pubeurope.com\/@fr\/115153242955109118","error":""},"_links":{"self":[{"href":"https:\/\/www.europesays.com\/fr\/wp-json\/wp\/v2\/posts\/368841","targetHints":{"allow":["GET"]}}],"collection":[{"href":"https:\/\/www.europesays.com\/fr\/wp-json\/wp\/v2\/posts"}],"about":[{"href":"https:\/\/www.europesays.com\/fr\/wp-json\/wp\/v2\/types\/post"}],"author":[{"embeddable":true,"href":"https:\/\/www.europesays.com\/fr\/wp-json\/wp\/v2\/users\/2"}],"replies":[{"embeddable":true,"href":"https:\/\/www.europesays.com\/fr\/wp-json\/wp\/v2\/comments?post=368841"}],"version-history":[{"count":0,"href":"https:\/\/www.europesays.com\/fr\/wp-json\/wp\/v2\/posts\/368841\/revisions"}],"wp:featuredmedia":[{"embeddable":true,"href":"https:\/\/www.europesays.com\/fr\/wp-json\/wp\/v2\/media\/368842"}],"wp:attachment":[{"href":"https:\/\/www.europesays.com\/fr\/wp-json\/wp\/v2\/media?parent=368841"}],"wp:term":[{"taxonomy":"category","embeddable":true,"href":"https:\/\/www.europesays.com\/fr\/wp-json\/wp\/v2\/categories?post=368841"},{"taxonomy":"post_tag","embeddable":true,"href":"https:\/\/www.europesays.com\/fr\/wp-json\/wp\/v2\/tags?post=368841"}],"curies":[{"name":"wp","href":"https:\/\/api.w.org\/{rel}","templated":true}]}}