{"id":368843,"date":"2025-09-05T19:03:10","date_gmt":"2025-09-05T19:03:10","guid":{"rendered":"https:\/\/www.europesays.com\/fr\/368843\/"},"modified":"2025-09-05T19:03:10","modified_gmt":"2025-09-05T19:03:10","slug":"alerte-avancee-le-ministere-des-armees-relance-le-developpement-du-radar-transhorizon-nostradamus","status":"publish","type":"post","link":"https:\/\/www.europesays.com\/fr\/368843\/","title":{"rendered":"Alerte avanc\u00e9e : Le minist\u00e8re des Arm\u00e9es relance le d\u00e9veloppement du radar transhorizon Nostradamus"},"content":{"rendered":"<p><img fetchpriority=\"high\" decoding=\"async\" src=\"https:\/\/www.europesays.com\/fr\/wp-content\/uploads\/2025\/09\/nostradamus-20250905.jpg\" alt=\"\" width=\"600\" height=\"400\" class=\"alignnone size-full wp-image-83750\"  \/><\/p>\n<p>Le Livre blanc sur la D\u00e9fense et la S\u00e9curit\u00e9 nationale [LBDSN] publi\u00e9 en 2008 avait insist\u00e9 sur la n\u00e9cessit\u00e9 d\u2019acqu\u00e9rir une capacit\u00e9 de d\u00e9tection et d\u2019alerte avanc\u00e9e pour \u00ab\u00a0prendre en compte la menace balistique\u00a0\u00bb \u00e9tant donn\u00e9, qu\u2019\u00e0 l\u2019\u00e9poque, on pensait que de nouvelles puissances allaient se doter de missiles ayant une port\u00e9e suffisante pour atteindre l\u2019Europe et la France. <\/p>\n<p>\u00ab\u00a0Cette capacit\u00e9 permettra de suivre l\u2019\u00e9volution des menaces balistiques, de d\u00e9terminer l\u2019origine de tirs afin d\u2019identifier l\u2019auteur de l\u2019attaque et de favoriser l\u2019alerte des populations. Elle reposera tout d\u2019abord sur un d\u00e9monstrateur radar \u00e0 tr\u00e8s longue port\u00e9e d\u00e9bouchant sur l\u2019obtention d\u2019une premi\u00e8re capacit\u00e9 op\u00e9rationnelle en 2015. Dans le m\u00eame temps seront poursuivies les \u00e9tudes permettant de lancer, si<br \/>possible en coop\u00e9ration, un programme de d\u00e9tection et d\u2019alerte \u00e0 partir de l\u2019espace\u00a0\u00bb, \u00e9tait-il expliqu\u00e9 dans le LBDSN de 2008. <\/p>\n<p>Par la suite, afin de s\u2019affranchir des moyens de d\u00e9tection am\u00e9ricains bas\u00e9s sur les satellites DSP-I [Defense Support Program \u2013 Improved] puis SBIRS [Space-Based Infrared System], le minist\u00e8res des Arm\u00e9es lan\u00e7a le programme SPIRALE [Syst\u00e8me pr\u00e9paratoire infrarouge pour l\u2019alerte]. <\/p>\n<p>Ce dernier visait \u00e0 mettre deux microsatellites pour constituer une banque d\u2019images infrarouges de la Terre et d\u00e9finir ensuite les sp\u00e9cifications d\u2019un futur satellite de d\u00e9tection et d\u2019alerte avanc\u00e9e dont la conception devait d\u00e9marrer en 2016. Bien qu\u2019ayant \u00e9t\u00e9 un succ\u00e8s, SPIRALE n\u2019eut pas de suite, faute de moyens budg\u00e9taires. D\u00e9sormais, le d\u00e9veloppement de cette capacit\u00e9 spatiale repose sur le programme ODIN\u2019S EYE, financ\u00e9 par le Fonds europ\u00e9en de d\u00e9fense [FEDef] et coordonn\u00e9 par l\u2019allemand OHB System AG. <\/p>\n<p>Quant au radar \u00e0 tr\u00e8s longue port\u00e9e \u00e9voqu\u00e9 par le LBDSN de 2008, des \u00ab\u00a0briques technologiques\u00a0\u00bb avaient d\u00e9j\u00e0 \u00e9t\u00e9 pos\u00e9es dans les ann\u00e9es 1990 avec le d\u00e9monstrateur radar transhorizon \u00ab\u00a0Nostradamus\u00a0\u00bb, dont les antennes occupent une surface de 12 hectares dans l\u2019enceinte de l\u2019ancienne base a\u00e9rienne de Dreux-Louvilliers [Eure-et-Loir]. <\/p>\n<p>Con\u00e7u par l\u2019Office national d\u2019\u00e9tudes et de recherches a\u00e9rospatiales [ONERA], ce d\u00e9monstrateur sera capable de d\u00e9tecter tout objet volant [m\u00eame furtifs] \u00e0 une distance comprise entre 500\/800 et 2 500\/3 000 km, sur 360 degr\u00e9s. <\/p>\n<p>Selon les explications de l\u2019ONERA, contrairement aux radars classiques, Nostradamus utilise les fr\u00e9quences de la bande HF, lesquelles permettent aux ondes d\u2019\u00eatre r\u00e9fl\u00e9chies par l\u2019ionosph\u00e8re [propagation par \u00ab\u00a0onde de ciel\u00a0\u00bb]. Ces derni\u00e8res rebondissent sur la couche ionosph\u00e9rique, comme une boule sur une bande de billard. <\/p>\n<p>Ainsi, \u00ab\u00a0ce m\u00e9canisme permet \u00e0 Nostradamus \u2018voir\u2019 au-del\u00e0 de l\u2019horizon, jusqu\u2019\u00e0 plusieurs milliers de kilom\u00e8tres\u00a0\u00bb, r\u00e9sume l\u2019ONERA. Et d\u2019ajouter : \u00ab\u00a0Ce principe permet une illumination constante par le haut, \u00e9chappant aux limites li\u00e9es \u00e0 la courbure terrestre, et rendant possible la d\u00e9tection de cibles \u00e0 toute altitude, y compris tr\u00e8s basse. Il comble ainsi les lacunes des radars classiques, dont les performances sont limit\u00e9es par la ligne d\u2019horizon\u00a0\u00bb. <\/p>\n<p>Curieusement, il a rarement \u00e9t\u00e9 question de Nostradamus durant ces derni\u00e8res ann\u00e9es. Mais il a finalement \u00e9t\u00e9 mis sous le feu des projecteurs en juin dernier, quand le ministre des Arm\u00e9es, S\u00e9bastien Lecornu, a d\u00e9voil\u00e9 la strat\u00e9gie pour la Tr\u00e8s Haute Altitude [THA], une enveloppe de 2 millions d\u2019euros devant alors \u00eatre d\u00e9bloqu\u00e9e pour \u00ab\u00a0relancer\u00a0\u00bb son d\u00e9veloppement. <\/p>\n<p>Pr\u00e8s de trois mois plus tard, l\u2019annonce de M. Lecornu s\u2019est concr\u00e9tis\u00e9e, avec la signature, le 4 septembre, d\u2019une \u00ab\u00a0convention d\u2019exp\u00e9rimentation\u00a0\u00bb entre l\u2019Agence de l\u2019innovation de d\u00e9fense [AID] et l\u2019ONERA, en partenariat avec TDF. <\/p>\n<p>\u00ab\u00a0Le projet Nostradamus a \u00e9t\u00e9 s\u00e9lectionn\u00e9 comme \u2018Quick Win\u2019 pour d\u00e9montrer les capacit\u00e9s de d\u00e9tection du radar transhorizon sur divers objets, tels que des avions, missiles et ballons, notamment dans la THA. Cette d\u00e9monstration s\u2019appuiera sur les nouvelles capacit\u00e9s digitales r\u00e9cemment implant\u00e9es par l\u2019ONERA, avec des configurations monostatique et bistatique\u00a0\u00bb, a expliqu\u00e9 l\u2019AID, via un communiqu\u00e9 publi\u00e9 ce 5 septembre. <\/p>\n<blockquote class=\"twitter-tweet\">\n<p lang=\"fr\" dir=\"ltr\">Sur un terrain d\u2019Eure-et-Loir, les antennes du radar transhorizon Nostradamus nous permettent de d\u00e9tecter les menaces jusqu\u2019\u00e0 plusieurs milliers de kilom\u00e8tres.<\/p>\n<p>Plus loin, et plus haut, que ne le permettent les radars classiques. Capable de d\u00e9tecter missiles balistiques et\u2026 <a href=\"https:\/\/t.co\/vHjCyKYy28\" rel=\"nofollow\">pic.twitter.com\/vHjCyKYy28<\/a><\/p>\n<p>\u2014 S\u00e9bastien Lecornu (@SebLecornu) <a href=\"https:\/\/twitter.com\/SebLecornu\/status\/1963662200280653880?ref_src=twsrc%5Etfw\" rel=\"nofollow noopener\" target=\"_blank\">September 4, 2025<\/a><\/p>\n<\/blockquote>\n<p>Quant \u00e0 TDF, son r\u00f4le consistera \u00e0 \u00ab\u00a0mettre \u00e0 disposition les infrastructures exceptionnelles de son site de diffusion Ondes Courtes\u00a0\u00bb, qui est unique en Europe avec ses antennes orientables de tr\u00e8s grande taille. <\/p>\n<p>\u00ab\u00a0Le projet Nostradamus est la premi\u00e8re brique de l\u2019alerte avanc\u00e9e que nous tentons de mettre en place avec les Europ\u00e9ens\u00a0\u00bb, a comment\u00e9 M. Lecornu. <\/p>\n<p>Pour le minist\u00e8re des Arm\u00e9es, il \u00ab\u00a0constitue une \u00e9tape cruciale pour renforcer l\u2019autonomie strat\u00e9gique fran\u00e7aise et europ\u00e9enne, gage d\u2019une r\u00e9ponse rapide et efficace face aux menaces balistiques et hypersoniques\u00a0\u00bb. <\/p>\n<p>Cette exp\u00e9rimentation, qui co\u00fbtera donc 2 millions d\u2019euros, n\u2019est qu\u2019un d\u00e9but. \u00ab\u00a0C\u2019est une premi\u00e8re \u00e9tape d\u2019une remont\u00e9e en puissance qui prendra la forme d\u2019un investissement de 50 millions d\u2019euros pour moderniser le radar et b\u00e2tir une capacit\u00e9 souveraine d\u2019alerte avanc\u00e9e au service de la France et de l\u2019Europe\u00a0\u00bb, a pr\u00e9cis\u00e9 l\u2019ONERA. <\/p>\n<p>Photo : Minist\u00e8re des Arm\u00e9es<\/p>\n<p>\t\t\t\t\t\t\t\t\t\t\t\t\t<script async src=\"https:\/\/platform.twitter.com\/widgets.js\" charset=\"utf-8\"><\/script><\/p>\n","protected":false},"excerpt":{"rendered":"Le Livre blanc sur la D\u00e9fense et la S\u00e9curit\u00e9 nationale [LBDSN] publi\u00e9 en 2008 avait insist\u00e9 sur la&hellip;\n","protected":false},"author":2,"featured_media":368844,"comment_status":"","ping_status":"","sticky":false,"template":"","format":"standard","meta":{"footnotes":""},"categories":[4],"tags":[11,50324,41247,49457,33124,1011,27,23194,12,41249,50325,50326,25,11067,23692,50327],"class_list":{"0":"post-368843","1":"post","2":"type-post","3":"status-publish","4":"format-standard","5":"has-post-thumbnail","7":"category-france","8":"tag-actualites","9":"tag-aid","10":"tag-alerte-avancee","11":"tag-detection","12":"tag-dga","13":"tag-fr","14":"tag-france","15":"tag-ministere-des-armees","16":"tag-news","17":"tag-nostradamus","18":"tag-onera","19":"tag-radar-transhorizon","20":"tag-republique-francaise","21":"tag-sebastien-lecornu","22":"tag-tdf","23":"tag-tha"},"share_on_mastodon":{"url":"https:\/\/pubeurope.com\/@fr\/115153246882561776","error":""},"_links":{"self":[{"href":"https:\/\/www.europesays.com\/fr\/wp-json\/wp\/v2\/posts\/368843","targetHints":{"allow":["GET"]}}],"collection":[{"href":"https:\/\/www.europesays.com\/fr\/wp-json\/wp\/v2\/posts"}],"about":[{"href":"https:\/\/www.europesays.com\/fr\/wp-json\/wp\/v2\/types\/post"}],"author":[{"embeddable":true,"href":"https:\/\/www.europesays.com\/fr\/wp-json\/wp\/v2\/users\/2"}],"replies":[{"embeddable":true,"href":"https:\/\/www.europesays.com\/fr\/wp-json\/wp\/v2\/comments?post=368843"}],"version-history":[{"count":0,"href":"https:\/\/www.europesays.com\/fr\/wp-json\/wp\/v2\/posts\/368843\/revisions"}],"wp:featuredmedia":[{"embeddable":true,"href":"https:\/\/www.europesays.com\/fr\/wp-json\/wp\/v2\/media\/368844"}],"wp:attachment":[{"href":"https:\/\/www.europesays.com\/fr\/wp-json\/wp\/v2\/media?parent=368843"}],"wp:term":[{"taxonomy":"category","embeddable":true,"href":"https:\/\/www.europesays.com\/fr\/wp-json\/wp\/v2\/categories?post=368843"},{"taxonomy":"post_tag","embeddable":true,"href":"https:\/\/www.europesays.com\/fr\/wp-json\/wp\/v2\/tags?post=368843"}],"curies":[{"name":"wp","href":"https:\/\/api.w.org\/{rel}","templated":true}]}}