{"id":368847,"date":"2025-09-05T19:05:14","date_gmt":"2025-09-05T19:05:14","guid":{"rendered":"https:\/\/www.europesays.com\/fr\/368847\/"},"modified":"2025-09-05T19:05:14","modified_gmt":"2025-09-05T19:05:14","slug":"le-stephanois-dony-a-lepreuve-des-auditions-a-laveugle","status":"publish","type":"post","link":"https:\/\/www.europesays.com\/fr\/368847\/","title":{"rendered":"le St\u00e9phanois Dony \u00e0 l\u2019\u00e9preuve des \u00ab\u00a0auditions \u00e0 l\u2019aveugle\u00a0\u00bb"},"content":{"rendered":"<p class=\"insetTitle\">Me\u00efssane, Mellina et Baptiste\u2026 ces Lig\u00e9riens sont all\u00e9s jusqu\u2019aux \u00ab\u00a0battles\u00a0\u00bb<\/p>\n<p>Ces derni\u00e8res ann\u00e9es, plusieurs Lig\u00e9riens se sont illustr\u00e9s \u00e0 The Voice Kids.<\/p>\n<p>En 2022, Me\u00efssane et Mellina, des s\u0153urs jumelles du Chambon-Feugerolles, alors \u00e2g\u00e9es de 11 ans, ont acc\u00e9d\u00e9 \u00e0 l\u2019\u00e9preuve des \u00ab\u00a0battles\u00a0\u00bb. Pour les \u00ab\u00a0auditions \u00e0 l\u2019aveugle\u00a0\u00bb, elles avaient interpr\u00e9t\u00e9 le titre\u2026 Bella Ciao \u00a0!<\/p>\n<p>Les deux \u00e9l\u00e8ves au Cemaf (Centre d\u2019\u00e9tude des musiques actuelles de Firminy) avaient r\u00e9ussi \u00e0 s\u00e9duire les quatre coaches (Julien Dor\u00e9, Louane, Kendji Girac et Patrick Fiori) et opt\u00e9 pour l\u2019\u00e9quipe de l\u2019interpr\u00e8te de Color Gitano. Depuis la fin de la saison 8, <a href=\"https:\/\/www.leprogres.fr\/societe\/2022\/09\/26\/the-voice-kids-nous-sommes-tres-fieres-de-notre-parcours\" target=\"_blank\" rel=\"nofollow noopener\">les deux natives de Saint-\u00c9tienne<\/a> n\u2019ont jamais cess\u00e9 de se produire sur des sc\u00e8nes r\u00e9gionales et nationales.<\/p>\n<p>En mai\u00a02024, elles ont d\u00e9croch\u00e9 la quatri\u00e8me place d\u2019un concours \u00e0 de chant international pour adolescents \u00e0 Dortmund (Allemagne).<\/p>\n<p>\u00ab\u00a0Je n\u2019\u00e9tais pas d\u00e9\u00e7u d\u2019avoir perdu, j\u2019\u00e9tais d\u00e9\u00e7u que l\u2019aventure s\u2019arr\u00eate\u00a0\u00bb<\/p>\n<p>L\u2019ann\u00e9e derni\u00e8re, Baptiste, un Saint-Chamonais de 12 ans, a, lui aussi, concouru jusqu\u2019aux \u00ab\u00a0battles\u00a0\u00bb.<\/p>\n<p>En reprenant Highway to Hell d\u2019AC\/DC lors des \u00ab\u00a0auditions \u00e0 l\u2019aveugle\u00a0\u00bb, l\u2019\u00e9l\u00e8ve du coll\u00e8ge Ennemond-Richard avait charm\u00e9 les oreilles de Claudio Cap\u00e9o et de Slimane (dont il avait rejoint la team).<\/p>\n<p>Il avait \u00e9t\u00e9 ensuite coach\u00e9 par Chim\u00e8ne Badi et Dadju pour pr\u00e9parer la deuxi\u00e8me \u00e9preuve sur un titre de Lady Gaga, Always Remember Us This Way, issu de la bande originale du film A star is Born r\u00e9alis\u00e9 par Bradley Cooper (2018).<\/p>\n<p>\u00c9limin\u00e9 aux portes de la demi-finale, il a <a href=\"https:\/\/www.leprogres.fr\/societe\/2024\/09\/26\/baptiste-elimine-aux-battles-the-voice-kids-etre-une-star-ca-ne-m-interesse-pas\" target=\"_blank\" rel=\"nofollow noopener\">gard\u00e9 un tr\u00e8s bon souvenir de cette exp\u00e9rience<\/a> \u00a0: \u00ab\u00a0J\u2019avais totalement ma place lors de la battle et je le sais. Je n\u2019\u00e9tais pas d\u00e9\u00e7u d\u2019avoir perdu, j\u2019\u00e9tais d\u00e9\u00e7u que l\u2019aventure s\u2019arr\u00eate, car on s\u2019entendait tous bien, il y avait une super ambiance et on \u00e9tait tr\u00e8s bien encadr\u00e9s.\u00a0\u00bb<\/p>\n","protected":false},"excerpt":{"rendered":"Me\u00efssane, Mellina et Baptiste\u2026 ces Lig\u00e9riens sont all\u00e9s jusqu\u2019aux \u00ab\u00a0battles\u00a0\u00bb Ces derni\u00e8res ann\u00e9es, plusieurs Lig\u00e9riens se sont illustr\u00e9s&hellip;\n","protected":false},"author":2,"featured_media":368848,"comment_status":"","ping_status":"","sticky":false,"template":"","format":"standard","meta":{"footnotes":""},"categories":[9653],"tags":[1111,11,2430,1687,7539,1777,674,107,1011,27,3367,873,12,25,4001,7538,104,2205],"class_list":{"0":"post-368847","1":"post","2":"type-post","3":"status-publish","4":"format-standard","5":"has-post-thumbnail","7":"category-saint-etienne","8":"tag-actu","9":"tag-actualites","10":"tag-auvergne-rhone-alpes","11":"tag-culture-loisirs","12":"tag-edition-loire-sud","13":"tag-eu","14":"tag-europe","15":"tag-fil-info","16":"tag-fr","17":"tag-france","18":"tag-loire","19":"tag-musique","20":"tag-news","21":"tag-republique-francaise","22":"tag-saint-etienne","23":"tag-saint-etienne-ville","24":"tag-societe","25":"tag-television-medias"},"share_on_mastodon":{"url":"https:\/\/pubeurope.com\/@fr\/115153254758944551","error":""},"_links":{"self":[{"href":"https:\/\/www.europesays.com\/fr\/wp-json\/wp\/v2\/posts\/368847","targetHints":{"allow":["GET"]}}],"collection":[{"href":"https:\/\/www.europesays.com\/fr\/wp-json\/wp\/v2\/posts"}],"about":[{"href":"https:\/\/www.europesays.com\/fr\/wp-json\/wp\/v2\/types\/post"}],"author":[{"embeddable":true,"href":"https:\/\/www.europesays.com\/fr\/wp-json\/wp\/v2\/users\/2"}],"replies":[{"embeddable":true,"href":"https:\/\/www.europesays.com\/fr\/wp-json\/wp\/v2\/comments?post=368847"}],"version-history":[{"count":0,"href":"https:\/\/www.europesays.com\/fr\/wp-json\/wp\/v2\/posts\/368847\/revisions"}],"wp:featuredmedia":[{"embeddable":true,"href":"https:\/\/www.europesays.com\/fr\/wp-json\/wp\/v2\/media\/368848"}],"wp:attachment":[{"href":"https:\/\/www.europesays.com\/fr\/wp-json\/wp\/v2\/media?parent=368847"}],"wp:term":[{"taxonomy":"category","embeddable":true,"href":"https:\/\/www.europesays.com\/fr\/wp-json\/wp\/v2\/categories?post=368847"},{"taxonomy":"post_tag","embeddable":true,"href":"https:\/\/www.europesays.com\/fr\/wp-json\/wp\/v2\/tags?post=368847"}],"curies":[{"name":"wp","href":"https:\/\/api.w.org\/{rel}","templated":true}]}}