{"id":368849,"date":"2025-09-05T19:06:10","date_gmt":"2025-09-05T19:06:10","guid":{"rendered":"https:\/\/www.europesays.com\/fr\/368849\/"},"modified":"2025-09-05T19:06:10","modified_gmt":"2025-09-05T19:06:10","slug":"saint-etienne-intouchable-a-la-treve","status":"publish","type":"post","link":"https:\/\/www.europesays.com\/fr\/368849\/","title":{"rendered":"Saint-Etienne intouchable \u00e0 la tr\u00eave ?"},"content":{"rendered":"<p><strong>Les Verts sont leaders \u00e0 la tr\u00eave. Apr\u00e8s avoir r\u00e9alis\u00e9 un mercato record pour la Ligue 2, l&rsquo;ASSE est quasiment sur un sans faute depuis le d\u00e9but de saison (0 d\u00e9faite, deux victoires, deux nuls). <a href=\"https:\/\/youtu.be\/4FNcry_E4Xk\" rel=\"nofollow noopener\" target=\"_blank\">Bilan dans notre derni\u00e8re vid\u00e9o<\/a>.<\/strong><\/p>\n<p>Avalanche de renforts cet \u00e9t\u00e9<\/p>\n<p>Avec 25 millions d&rsquo;euros de d\u00e9pens\u00e9s, les Verts ont fait fort cet \u00e9t\u00e9. Kilmer Sports d\u00e9montre qu\u2019il a les moyens de ses ambitions en recruant des noms comme Joshua Duffus ou Chico Lamba. \u00ab\u00a0Je pense que c\u2019est un joueur d\u00e9j\u00e0 taill\u00e9 pour jouer bien au-dessus de la Ligue 2, analyse Romain, r\u00e9dacteur pour Peuple Vert dans notre vid\u00e9o. (&#8230;) C\u2019est un joueur ultra complet, qui pour moi n\u2019a rien \u00e0 faire en Ligue 2.\u00a0\u00bb<\/p>\n<p>Mais des interrogations subsite autour de la gestion des cas Stassin, Davitashvili et Ekwah. Car si l&rsquo;ASSE a r\u00e9alis\u00e9 un coup de ma\u00eetre en conservant ses cadres, Horneland pourrait bien avoir du mal \u00e0 les mobiliser durant la saison. En atteste le cas du milieu de terrain, qui crystalise le forez depuis quelques semaines. \u00ab\u00a0Franchement, c\u2019est assez incompr\u00e9hensible. On a du mal \u00e0 savoir ce que Kilmer a vraiment voulu faire sur ce dossier\u00a0\u00bb, \u00e9voque Sylvain de son c\u00f4t\u00e9.<\/p>\n<\/p>\n<p>Saint-\u00c9tienne leader de Ligue 2 !<\/p>\n<p>Fin juillet, les supporters redoutaient un mauvais d\u00e9part, mais ces craintes ont vite \u00e9t\u00e9 balay\u00e9es d\u2019un revers de main. Premiers \u00e0 la tr\u00eave, les hommes d&rsquo;Eirik Horneland ont sans cesse prouv\u00e9 leur <a href=\"https:\/\/peuple-vert.fr\/asse-actualite\/asse-depart-canon-confirme-par-des-chiffres-impressionnants\/\" rel=\"nofollow noopener\" target=\"_blank\">sup\u00e9riorit\u00e9 sur le rectangle vert<\/a>.<\/p>\n<p>\u00ab\u00a0On voit d\u00e9j\u00e0 des principes qui s\u2019affirment, un jeu qui prend forme\u00a0\u00bb, \u00e9voque Romain. Mais les St\u00e9phanois ont tout de m\u00eame laiss\u00e9 entrevoir quelques lacunes. Face \u00e0 Laval (3-3) puis Grenoble, l&rsquo;ASSE conc\u00e9dait le nul. \u00ab\u00a0Je pense que \u00e7a peut encore beaucoup s\u2019am\u00e9liorer, parce qu\u2019il y a des trous dans l\u2019intensit\u00e9 pendant les matchs, compl\u00e8te ce dernier. Et puis il y a ce probl\u00e8me d\u2019efficacit\u00e9, qui peut te co\u00fbter cher et qui sera d\u00e9terminant cette saison.\u00a0\u00bb<\/p>\n<p>Avec Clermont, Reims ou Montpellier comme prochain adversaires, nul doute que les St\u00e9phanois devront poursuivre sur leur s\u00e9rie pour esp\u00e9rer jouer le haut du tableau.<\/p>\n","protected":false},"excerpt":{"rendered":"Les Verts sont leaders \u00e0 la tr\u00eave. Apr\u00e8s avoir r\u00e9alis\u00e9 un mercato record pour la Ligue 2, l&rsquo;ASSE&hellip;\n","protected":false},"author":2,"featured_media":368850,"comment_status":"","ping_status":"","sticky":false,"template":"","format":"standard","meta":{"footnotes":""},"categories":[9653],"tags":[1111,11,2430,1777,674,1011,27,12,25,4001],"class_list":{"0":"post-368849","1":"post","2":"type-post","3":"status-publish","4":"format-standard","5":"has-post-thumbnail","7":"category-saint-etienne","8":"tag-actu","9":"tag-actualites","10":"tag-auvergne-rhone-alpes","11":"tag-eu","12":"tag-europe","13":"tag-fr","14":"tag-france","15":"tag-news","16":"tag-republique-francaise","17":"tag-saint-etienne"},"share_on_mastodon":{"url":"https:\/\/pubeurope.com\/@fr\/115153258620173179","error":""},"_links":{"self":[{"href":"https:\/\/www.europesays.com\/fr\/wp-json\/wp\/v2\/posts\/368849","targetHints":{"allow":["GET"]}}],"collection":[{"href":"https:\/\/www.europesays.com\/fr\/wp-json\/wp\/v2\/posts"}],"about":[{"href":"https:\/\/www.europesays.com\/fr\/wp-json\/wp\/v2\/types\/post"}],"author":[{"embeddable":true,"href":"https:\/\/www.europesays.com\/fr\/wp-json\/wp\/v2\/users\/2"}],"replies":[{"embeddable":true,"href":"https:\/\/www.europesays.com\/fr\/wp-json\/wp\/v2\/comments?post=368849"}],"version-history":[{"count":0,"href":"https:\/\/www.europesays.com\/fr\/wp-json\/wp\/v2\/posts\/368849\/revisions"}],"wp:featuredmedia":[{"embeddable":true,"href":"https:\/\/www.europesays.com\/fr\/wp-json\/wp\/v2\/media\/368850"}],"wp:attachment":[{"href":"https:\/\/www.europesays.com\/fr\/wp-json\/wp\/v2\/media?parent=368849"}],"wp:term":[{"taxonomy":"category","embeddable":true,"href":"https:\/\/www.europesays.com\/fr\/wp-json\/wp\/v2\/categories?post=368849"},{"taxonomy":"post_tag","embeddable":true,"href":"https:\/\/www.europesays.com\/fr\/wp-json\/wp\/v2\/tags?post=368849"}],"curies":[{"name":"wp","href":"https:\/\/api.w.org\/{rel}","templated":true}]}}