{"id":368851,"date":"2025-09-05T19:07:17","date_gmt":"2025-09-05T19:07:17","guid":{"rendered":"https:\/\/www.europesays.com\/fr\/368851\/"},"modified":"2025-09-05T19:07:17","modified_gmt":"2025-09-05T19:07:17","slug":"jai-beau-vivre-a-paris-je-resterai-a-jamais-une-provinciale","status":"publish","type":"post","link":"https:\/\/www.europesays.com\/fr\/368851\/","title":{"rendered":"\u00ab J\u2019ai beau vivre \u00e0 Paris, je resterai \u00e0 jamais une provinciale \u00bb"},"content":{"rendered":"<p class=\"insetTitle\">Soixante-dix ans de spectacles, de litt\u00e9rature et de cin\u00e9ma \u00e0 la radio<\/p>\n<p>On est en 1955. \u00c0 cette \u00e9poque, les auditeurs ont le choix entre du sport sur RTL, Europe N\u00b0 1, Monte-Carlo. Et sur la Radio t\u00e9l\u00e9vision fran\u00e7aise (RTF) : une pi\u00e8ce enregistr\u00e9e sur le Programme national, du sport sur le Poste parisien et un concert de musique de chambre sur Paris Inter. Il existe aussi, sous l\u2019autorit\u00e9 de l\u2019\u00c9tat, une flop\u00e9e de postes locaux. Paris IV, qui n\u2018\u00e9met gu\u00e8re au-del\u00e0 de ce qui n\u2019est pas encore le p\u00e9riph\u00e9rique, est un de ceux-l\u00e0. Quelques heures par semaine et le dimanche apr\u00e8s-midi, Paris IV accueille le programme du Club d\u2019Essai, le \u00ab Laboratoire \u00bb de la RTF. Or ce dimanche 13 novembre 1955, le Club d\u2019Essai a justement un nouveau-n\u00e9 \u00e0 pr\u00e9senter : Le Masque et la Plume, \u00ab magazine public des lettres et du th\u00e9\u00e2tre \u00bb produit et anim\u00e9 par Michel Polac et Fran\u00e7ois-R\u00e9gis Bastide.<\/p>\n<p>Le Masque en quelques dates :<\/p>\n<p><strong>1947\u00a0<\/strong>: Michel Polac, alors \u00e2g\u00e9 de 17 ans, pousse la porte du Club d\u2019Essai. \u00ab J\u2018\u00e9tais encore lyc\u00e9en \u00e0 Janson-de-Sailly\u00bb, raconte Michel Polac. \u00abJ\u2019animais, avec des camarades, un journal lyc\u00e9en fait de bric et de broc, Entre Nous, que nous diffusions dans tous les lyc\u00e9es de Paris. \u00bb<\/p>\n<p><strong>1951<\/strong>\u00a0: Michel Polac propose \u00e0 Jean Tardieu, Entr\u00e9e des auteurs, une \u00e9mission dont la vocation est de rep\u00e9rer les nouveaux talents de la sc\u00e8ne. L\u2018\u00e9mission a lieu en studio, mais Michel Polac va la faire \u00e9voluer : \u00ab J\u2019avais le sentiment qu\u2019il fallait sortir du studio, faire une vraie \u00e9mission culturelle en public. J\u2019ai r\u00e9ussi \u00e0 convaincre Tardieu. \u00bb<\/p>\n<p><strong>Janvier 1955<\/strong>\u00a0: Jean Tardieu r\u00e9unit Michel Polac et Fran\u00e7ois-R\u00e9gis Bastide : \u00ab Vous \u00eates compl\u00e9mentaires. Alors bricolez donc un truc ensemble. \u00bb L\u2019initiative de Tardieu ne r\u00e9jouit ni l\u2019un ni l\u2019autre. \u00ab Polac et moi, c\u2018\u00e9tait un peu le mariage de la carpe et du lapin \u00bb, reconna\u00eetra Bastide bien des ann\u00e9es plus tard. Mais l\u2019affaire \u00e9tait lanc\u00e9e.<\/p>\n","protected":false},"excerpt":{"rendered":"Soixante-dix ans de spectacles, de litt\u00e9rature et de cin\u00e9ma \u00e0 la radio On est en 1955. \u00c0 cette&hellip;\n","protected":false},"author":2,"featured_media":368852,"comment_status":"","ping_status":"","sticky":false,"template":"","format":"standard","meta":{"footnotes":""},"categories":[9635],"tags":[1111,11,1687,1704,1777,674,1011,27,775,22382,2410,873,1702,1703,12,11058,3456,25,273,3140],"class_list":{"0":"post-368851","1":"post","2":"type-post","3":"status-publish","4":"format-standard","5":"has-post-thumbnail","7":"category-nancy","8":"tag-actu","9":"tag-actualites","10":"tag-culture-loisirs","11":"tag-edition-nancy-et-agglomeration","12":"tag-eu","13":"tag-europe","14":"tag-fr","15":"tag-france","16":"tag-grand-est","17":"tag-le-livre-sur-la-place","18":"tag-livres-bd","19":"tag-musique","20":"tag-nancy","21":"tag-nancy-ville-54b","22":"tag-news","23":"tag-region-franche-comte","24":"tag-region-lorraine","25":"tag-republique-francaise","26":"tag-selection-de-la-redaction","27":"tag-spectacle"},"share_on_mastodon":{"url":"https:\/\/pubeurope.com\/@fr\/115153262648996066","error":""},"_links":{"self":[{"href":"https:\/\/www.europesays.com\/fr\/wp-json\/wp\/v2\/posts\/368851","targetHints":{"allow":["GET"]}}],"collection":[{"href":"https:\/\/www.europesays.com\/fr\/wp-json\/wp\/v2\/posts"}],"about":[{"href":"https:\/\/www.europesays.com\/fr\/wp-json\/wp\/v2\/types\/post"}],"author":[{"embeddable":true,"href":"https:\/\/www.europesays.com\/fr\/wp-json\/wp\/v2\/users\/2"}],"replies":[{"embeddable":true,"href":"https:\/\/www.europesays.com\/fr\/wp-json\/wp\/v2\/comments?post=368851"}],"version-history":[{"count":0,"href":"https:\/\/www.europesays.com\/fr\/wp-json\/wp\/v2\/posts\/368851\/revisions"}],"wp:featuredmedia":[{"embeddable":true,"href":"https:\/\/www.europesays.com\/fr\/wp-json\/wp\/v2\/media\/368852"}],"wp:attachment":[{"href":"https:\/\/www.europesays.com\/fr\/wp-json\/wp\/v2\/media?parent=368851"}],"wp:term":[{"taxonomy":"category","embeddable":true,"href":"https:\/\/www.europesays.com\/fr\/wp-json\/wp\/v2\/categories?post=368851"},{"taxonomy":"post_tag","embeddable":true,"href":"https:\/\/www.europesays.com\/fr\/wp-json\/wp\/v2\/tags?post=368851"}],"curies":[{"name":"wp","href":"https:\/\/api.w.org\/{rel}","templated":true}]}}