{"id":368853,"date":"2025-09-05T19:08:26","date_gmt":"2025-09-05T19:08:26","guid":{"rendered":"https:\/\/www.europesays.com\/fr\/368853\/"},"modified":"2025-09-05T19:08:26","modified_gmt":"2025-09-05T19:08:26","slug":"estac-nancy-un-match-une-fete-ce-qui-est-prevu-le-12-09","status":"publish","type":"post","link":"https:\/\/www.europesays.com\/fr\/368853\/","title":{"rendered":"ESTAC \u2013 Nancy : Un match, une f\u00eate : Ce qui est pr\u00e9vu le 12\/09 !"},"content":{"rendered":"<p><strong>Le Stade de l\u2019Aube s\u2019appr\u00eate \u00e0 vibrer bien au-del\u00e0 du terrain ce samedi 12 septembre pour la r\u00e9ception de l\u2019AS Nancy Lorraine ! En plus d\u2019un duel entre deux clubs historiques du football fran\u00e7ais, l\u2019ESTAC vous r\u00e9serve une soir\u00e9e festive et pleine de surprises, d\u00e8s l\u2019ouverture des portes \u00e0 18h30. Voici ce qui vous attend : <\/strong><\/p>\n<p><strong>\ud83c\udfb6 AVANT-MATCH : Place \u00e0 la f\u00eate ! (18h30 \u2013 20h00)<\/strong><br \/>D\u00e8s votre arriv\u00e9e, plongez dans une ambiance estivale gr\u00e2ce \u00e0 la <strong>batucada Bat And Go<\/strong>, qui assurera une d\u00e9ambulation musicale dans les trav\u00e9es du stade.<\/p>\n<ul class=\"wp-block-list\">\n<li>\ud83d\udd8c\ufe0f <strong>Animations \u00e0 ne pas manquer :<\/strong><br \/>Maquillage artistique fa\u00e7on festival<\/li>\n<li>Tatouages \u00e9ph\u00e9m\u00e8res (oui, m\u00eame le logo de l\u2019ESTAC y passe !)<\/li>\n<li>Atelier cr\u00e9atif : customisez vos fournitures scolaires ! <\/li>\n<li>\ud83c\udf34 <strong>Un coin vacances en plein stade (acc\u00e8s 1) :<\/strong><br \/>Beach volley, p\u00e9tanque, corn hole\u2026 <\/li>\n<li>Coin d\u00e9tente : transats, bou\u00e9es, palmiers, planche de surf, photobooth\u2026 ambiance retour de vacances ! <\/li>\n<li>\ud83c\udfaf <strong>Pour les petits et les grands :<\/strong><br \/>Structures gonflables fa\u00e7on Intervilles : La Faucheuse, Mur des Champions<\/li>\n<li>Ch\u00e2teaux gonflables pour les plus petits. <\/li>\n<li>Activit\u00e9s classiques : tir radar, ar\u00e8ne 1 vs 1, borne \u00e0 selfie (th\u00e8me \u00ab claquettes-chaussettes \u00bb, \u00e9videmment !)<\/li>\n<\/ul>\n<p><img loading=\"lazy\" decoding=\"async\" width=\"1024\" height=\"683\" src=\"data:image\/svg+xml,%3Csvg%20xmlns=\" http:=\"\" alt=\"\" class=\"wp-image-12944\" data-lazy- data-lazy- data-lazy-src=\"https:\/\/www.europesays.com\/fr\/wp-content\/uploads\/2025\/09\/commerce-51-1024x683.jpg.webp.webp\"\/><\/p>\n<p>\ud83e\udde0 <strong>Quizz interactif anim\u00e9 par Arnaud le speaker !<\/strong><br \/>Testez vos connaissances sur l\u2019ESTAC et Nancy, gagnez des goodies et repartez avec des boissons offertes \ud83c\udf81<\/p>\n<p><strong>\u26bd MI-TEMPS (20h45 \u2013 21h00)<\/strong><br \/>Le show continue pendant la pause ! Profitez d\u2019un <strong>nouveau tour des animations<\/strong>, et surtout\u2026 <strong>ouvrez l\u2019\u0153il dans les tribunes<\/strong> : des goodies seront lanc\u00e9s pour les plus vifs d\u2019entre vous \ud83d\udc55\ud83c\udf89<\/p>\n<p><strong>\ud83c\udfa7 APR\u00c8S-MATCH (jusqu\u2019\u00e0 23h)<\/strong><br \/>Restez avec nous apr\u00e8s le coup de sifflet final, la soir\u00e9e continue face \u00e0 la buvette Champagne !<\/p>\n<p>\ud83e\udd41 <strong>15 minutes de Batucada Bat And Go<\/strong> pour c\u00e9l\u00e9brer (on l\u2019esp\u00e8re !) une belle victoire.<br \/>\ud83c\udfb5 <strong>DJ Faceless aux platines<\/strong> pendant 1h pour une troisi\u00e8me mi-temps festive.<\/p>\n<p><img loading=\"lazy\" decoding=\"async\" width=\"1024\" height=\"683\" src=\"data:image\/svg+xml,%3Csvg%20xmlns=\" http:=\"\" alt=\"\" class=\"wp-image-12945\" data-lazy- data-lazy- data-lazy-src=\"https:\/\/www.europesays.com\/fr\/wp-content\/uploads\/2025\/09\/match-280-1024x683.jpg.webp.webp\"\/><\/p>\n<ul class=\"wp-block-list\">\n<li><strong>\ud83c\udf88 Les animations continuent :<\/strong><br \/>Structures gonflables*<\/li>\n<li>Coin vacances toujours ouvert<\/li>\n<li>Tir radar, ar\u00e8ne 1 vs 1, borne \u00e0 selfie<\/li>\n<li><strong>Distribution de ballons Ville de Troyes en tribunes<\/strong> par les ramasseurs de balle \ud83c\udf88<\/li>\n<\/ul>\n<p>\ud83d\uddd3\ufe0f <strong>Rendez-vous samedi 12 septembre d\u00e8s 18h30 au Stade de l\u2019Aube<\/strong> pour une soir\u00e9e familiale et conviviale ! <\/p>\n<p>\ud83c\udf9f\ufe0f Et si ce n\u2019est pas encore fait\u2026 il est encore temps de prendre vos places : <a href=\"https:\/\/ticket.estac.fr\/fr\/J5_ASNL\" rel=\"nofollow noopener\" target=\"_blank\">ticket.estac.fr<\/a><\/p>\n<p><img loading=\"lazy\" decoding=\"async\" width=\"910\" height=\"1024\" src=\"data:image\/svg+xml,%3Csvg%20xmlns=\" http:=\"\" alt=\"\" class=\"wp-image-12949\" data-lazy- data-lazy- data-lazy-src=\"https:\/\/www.europesays.com\/fr\/wp-content\/uploads\/2025\/09\/Affiche-Nancy-v3-910x1024.jpg.webp.webp\"\/><\/p>\n","protected":false},"excerpt":{"rendered":"Le Stade de l\u2019Aube s\u2019appr\u00eate \u00e0 vibrer bien au-del\u00e0 du terrain ce samedi 12 septembre pour la r\u00e9ception&hellip;\n","protected":false},"author":2,"featured_media":368854,"comment_status":"","ping_status":"","sticky":false,"template":"","format":"standard","meta":{"footnotes":""},"categories":[9635],"tags":[1111,11,1777,674,1011,27,775,1702,12,25],"class_list":{"0":"post-368853","1":"post","2":"type-post","3":"status-publish","4":"format-standard","5":"has-post-thumbnail","7":"category-nancy","8":"tag-actu","9":"tag-actualites","10":"tag-eu","11":"tag-europe","12":"tag-fr","13":"tag-france","14":"tag-grand-est","15":"tag-nancy","16":"tag-news","17":"tag-republique-francaise"},"share_on_mastodon":{"url":"https:\/\/pubeurope.com\/@fr\/115153266518034435","error":""},"_links":{"self":[{"href":"https:\/\/www.europesays.com\/fr\/wp-json\/wp\/v2\/posts\/368853","targetHints":{"allow":["GET"]}}],"collection":[{"href":"https:\/\/www.europesays.com\/fr\/wp-json\/wp\/v2\/posts"}],"about":[{"href":"https:\/\/www.europesays.com\/fr\/wp-json\/wp\/v2\/types\/post"}],"author":[{"embeddable":true,"href":"https:\/\/www.europesays.com\/fr\/wp-json\/wp\/v2\/users\/2"}],"replies":[{"embeddable":true,"href":"https:\/\/www.europesays.com\/fr\/wp-json\/wp\/v2\/comments?post=368853"}],"version-history":[{"count":0,"href":"https:\/\/www.europesays.com\/fr\/wp-json\/wp\/v2\/posts\/368853\/revisions"}],"wp:featuredmedia":[{"embeddable":true,"href":"https:\/\/www.europesays.com\/fr\/wp-json\/wp\/v2\/media\/368854"}],"wp:attachment":[{"href":"https:\/\/www.europesays.com\/fr\/wp-json\/wp\/v2\/media?parent=368853"}],"wp:term":[{"taxonomy":"category","embeddable":true,"href":"https:\/\/www.europesays.com\/fr\/wp-json\/wp\/v2\/categories?post=368853"},{"taxonomy":"post_tag","embeddable":true,"href":"https:\/\/www.europesays.com\/fr\/wp-json\/wp\/v2\/tags?post=368853"}],"curies":[{"name":"wp","href":"https:\/\/api.w.org\/{rel}","templated":true}]}}