{"id":368855,"date":"2025-09-05T19:09:10","date_gmt":"2025-09-05T19:09:10","guid":{"rendered":"https:\/\/www.europesays.com\/fr\/368855\/"},"modified":"2025-09-05T19:09:10","modified_gmt":"2025-09-05T19:09:10","slug":"municipales-2026-ladjoint-a-la-securite-cheikh-mansour-veut-devenir-maire-de-la-seyne","status":"publish","type":"post","link":"https:\/\/www.europesays.com\/fr\/368855\/","title":{"rendered":"Municipales 2026: l&rsquo;adjoint \u00e0 la s\u00e9curit\u00e9 Cheikh Mansour veut devenir maire de La Seyne"},"content":{"rendered":"<p>Tous les acteurs et observateurs de la vie politique seynoise le savaient en pr\u00e9paration depuis la <a href=\"https:\/\/www.varmatin.com\/justice\/conflits-dinterets-la-maire-de-la-seyne-nathalie-bicais-condamnee-a-5-ans-dineligibilite-avec-application-immediate-986026\" rel=\"nofollow noopener\" target=\"_blank\">d\u00e9mission forc\u00e9e de Nathalie Bicais<\/a>. Aujourd\u2019hui, Cheikh Mansour, 4e adjoint et proche de l\u2019ex-maire, annonce officiellement qu\u2019il sera t\u00eate de liste aux \u00e9lections municipales de mars 2026. Coupant l\u2019herbe sous le pied \u00e0 Jo Minniti, \u00e9lu maire en mai dernier (au b\u00e9n\u00e9fice de l\u2019\u00e2ge face \u00e0 Jean-Pierre Colin), dont d\u2019aucuns disent qu\u2019il aurait pris go\u00fbt \u00e0 la fonction et serait pr\u00eat \u00e0 rempiler?<\/p>\n<p>\u00ab\u00a0Jo avait dit publiquement, avant son \u00e9lection (1), qu\u2019il ne serait pas candidat en 2026, rappelle Cheikh Mansour. La parole donn\u00e9e est importante. Et, sans faire de discrimination, je n\u2019estime pas raisonnable ni responsable vis-\u00e0-vis des \u00e9lecteurs de s\u2019engager \u00e0 l\u2019\u00e2ge de 83 ans pour un mandat de six ou sept ans.\u00a0\u00bb<\/p>\n<p>\u00ab\u00a0Candidat naturel\u00a0\u00bb de la majorit\u00e9<\/p>\n<p>Lui se consid\u00e8re comme le \u00ab\u00a0candidat naturel\u00a0\u00bb de la majorit\u00e9. Adjoint au maire depuis cinq ans, en charge de nombre de d\u00e9l\u00e9gations importantes (2), Cheikh Mansour assure avoir \u00ab\u00a0acquis de l\u2019exp\u00e9rience\u00a0\u00bb, notamment dans le domaine de l\u2019administration municipale et m\u00e9tropolitaine. Et surtout, en tant que proche de Nathalie Bicais, \u00ab\u00a0conna\u00eetre l\u2019ensemble des grands dossiers\u00a0\u00bb de la ville.<\/p>\n<p>Cette ville de La Seyne, il la conna\u00eet d\u2019ailleurs \u00ab\u00a0comme sa poche\u00a0\u00bb. Parce qu\u2019il y est n\u00e9, il y a 56 ans \u00e0 la clinique des Chantiers; y a grandi en centre-ville, v\u00e9cu dans les quartiers sud et d\u00e9sormais dans les quartiers nord, o\u00f9 il travaille \u00e9galement. Veuf et p\u00e8re de trois grands enfants, Cheikh Mansour est professeur d\u2019histoire, g\u00e9ographie, enseignement moral et civique depuis vingt-cinq ans au coll\u00e8ge Wallon de Berthe.<\/p>\n<p>C\u2019est ce parcours qui a conduit Nathalie Bicais \u00e0 lui demander de rejoindre son \u00e9quipe en 2020. Les deux s\u2019\u00e9taient connus alors qu\u2019ils \u00e9taient \u00e9tudiants, il y a une trentaine d\u2019ann\u00e9es. Et demeurent amis. \u00ab\u00a0Elle m\u2019avait demand\u00e9 si je pourrais me charger de la politique de la ville, un domaine dans lequel j\u2019avais de l\u2019exp\u00e9rience en exer\u00e7ant dans un quartier prioritaire de la ville.\u00a0\u00bb Il franchit le pas, lui qui n\u2019avait \u00ab\u00a0jamais fait de politique\u00a0\u00bb. Mais qui \u00e9tait encart\u00e9 chez Les R\u00e9publicains, avant de rejoindre Horizons. Il se d\u00e9finit \u00ab\u00a0de droite r\u00e9publicaine\u00a0\u00bb (qui \u00ab\u00a0exclut le Rassemblement national\u00a0\u00bb), \u00ab\u00a0attach\u00e9 non seulement \u00e0 la s\u00e9curit\u00e9, mais aussi \u00e0 la coh\u00e9sion sociale\u00a0\u00bb.<\/p>\n<p>\u00ab\u00a0La Seyne a besoin de stabilit\u00e9\u00a0\u00bb<\/p>\n<p>Savait-il ce qui l\u2019attendait? \u00ab\u00a0Si j\u2019ai \u00e9t\u00e9 volontaire pour enseigner dans un secteur REP +, c\u2019est que j\u2019ai toujours \u00e9t\u00e9 anim\u00e9 par l\u2019envie de servir. Mais la politique s\u2019est r\u00e9v\u00e9l\u00e9e un milieu plus rude que je ne l\u2019imaginais. On m\u2019avait dit: \u201cC\u2019est un panier de crabes!\u00a0\u00bb Je m\u2019en serais satisfait, les crabes \u00e7a va, mais en fait c\u2019est un panier de serpents et de scorpions! \u00bb<\/p>\n<p>Pourtant, Cheikh Mansour se d\u00e9clare aujourd\u2019hui pr\u00eat \u00e0 renouveler l\u2019aventure, en premi\u00e8re ligne cette fois, apr\u00e8s le d\u00e9part forc\u00e9 de l\u2019ex-maire: \u00ab\u00a0J\u2019aimerais poursuivre l\u2019action de Nathalie Bicais, explique-t-il. Elle a fait \u00e9voluer la ville, lui a redonn\u00e9 un espoir et une dynamique. La Seyne a besoin de stabilit\u00e9.\u00a0\u00bb<\/p>\n<p>Comment va r\u00e9agir l\u2019\u00e9quipe municipale en place? \u00ab\u00a0Je les ai tous inform\u00e9s de ma volont\u00e9 d\u2019\u00eatre candidat, \u00e0 commencer par Jo Minniti, assure Cheikh Mansour. Certains m\u2019ont d\u00e9j\u00e0 assur\u00e9 qu\u2019ils me suivraient.\u00a0\u00bb Sa liste n\u2019est naturellement pas encore constitu\u00e9e: \u00ab\u00a0Je ne veux pas faire une liste de copains et de copains de copains. Je cherche des personnes qui ont envie de s\u2019engager pour La Seyne et les Seynois, qui ont des comp\u00e9tences et de l\u2019exp\u00e9rience.\u00a0\u00bb<\/p>\n<p>1. Var-matin du 28 mai 2025.<\/p>\n<p>2. Dont s\u00e9curit\u00e9 et police municipale, pr\u00e9vention de la d\u00e9linquance, politique de la Ville, \u00e9galit\u00e9 hommes\/femmes, la\u00efcit\u00e9, relation avec les cultes&#8230;<\/p>\n","protected":false},"excerpt":{"rendered":"Tous les acteurs et observateurs de la vie politique seynoise le savaient en pr\u00e9paration depuis la d\u00e9mission forc\u00e9e&hellip;\n","protected":false},"author":2,"featured_media":368856,"comment_status":"","ping_status":"","sticky":false,"template":"","format":"standard","meta":{"footnotes":""},"categories":[9619],"tags":[1111,11,1777,674,1011,27,12,316,882,25,2310],"class_list":{"0":"post-368855","1":"post","2":"type-post","3":"status-publish","4":"format-standard","5":"has-post-thumbnail","7":"category-toulon","8":"tag-actu","9":"tag-actualites","10":"tag-eu","11":"tag-europe","12":"tag-fr","13":"tag-france","14":"tag-news","15":"tag-politique","16":"tag-provence-alpes-cote-dazur","17":"tag-republique-francaise","18":"tag-toulon"},"share_on_mastodon":{"url":"https:\/\/pubeurope.com\/@fr\/115153270436630242","error":""},"_links":{"self":[{"href":"https:\/\/www.europesays.com\/fr\/wp-json\/wp\/v2\/posts\/368855","targetHints":{"allow":["GET"]}}],"collection":[{"href":"https:\/\/www.europesays.com\/fr\/wp-json\/wp\/v2\/posts"}],"about":[{"href":"https:\/\/www.europesays.com\/fr\/wp-json\/wp\/v2\/types\/post"}],"author":[{"embeddable":true,"href":"https:\/\/www.europesays.com\/fr\/wp-json\/wp\/v2\/users\/2"}],"replies":[{"embeddable":true,"href":"https:\/\/www.europesays.com\/fr\/wp-json\/wp\/v2\/comments?post=368855"}],"version-history":[{"count":0,"href":"https:\/\/www.europesays.com\/fr\/wp-json\/wp\/v2\/posts\/368855\/revisions"}],"wp:featuredmedia":[{"embeddable":true,"href":"https:\/\/www.europesays.com\/fr\/wp-json\/wp\/v2\/media\/368856"}],"wp:attachment":[{"href":"https:\/\/www.europesays.com\/fr\/wp-json\/wp\/v2\/media?parent=368855"}],"wp:term":[{"taxonomy":"category","embeddable":true,"href":"https:\/\/www.europesays.com\/fr\/wp-json\/wp\/v2\/categories?post=368855"},{"taxonomy":"post_tag","embeddable":true,"href":"https:\/\/www.europesays.com\/fr\/wp-json\/wp\/v2\/tags?post=368855"}],"curies":[{"name":"wp","href":"https:\/\/api.w.org\/{rel}","templated":true}]}}