{"id":368857,"date":"2025-09-05T19:10:10","date_gmt":"2025-09-05T19:10:10","guid":{"rendered":"https:\/\/www.europesays.com\/fr\/368857\/"},"modified":"2025-09-05T19:10:10","modified_gmt":"2025-09-05T19:10:10","slug":"a-nous-daller-le-chercher-ce-bouclier","status":"publish","type":"post","link":"https:\/\/www.europesays.com\/fr\/368857\/","title":{"rendered":"\u00ab\u00a0\u00c0 nous d&rsquo;aller le chercher ce bouclier\u00a0!\u00a0\u00bb"},"content":{"rendered":"\n<p>Zach Mercer, de retour en Top 14 et nouvelle recrue de Toulon\u00a0: \u00ab\u00a0\u00c0 nous d&rsquo;aller le chercher ce bouclier\u00a0!\u00a0\u00bb<\/p>\n<p>Meilleur joueur du championnat en 2022 sous les couleurs de Montpellier, Zach Mercer est de retour en Top 14, cette fois du c\u00f4t\u00e9 de Toulon. Le troisi\u00e8me-ligne anglais sera l&rsquo;une des armes majeures du RCT, avec qui il ambitionne de d\u00e9crocher un nouveau bouclier de Brennus.<\/p>\n","protected":false},"excerpt":{"rendered":"Zach Mercer, de retour en Top 14 et nouvelle recrue de Toulon\u00a0: \u00ab\u00a0\u00c0 nous d&rsquo;aller le chercher ce&hellip;\n","protected":false},"author":2,"featured_media":368858,"comment_status":"","ping_status":"","sticky":false,"template":"","format":"standard","meta":{"footnotes":""},"categories":[9619],"tags":[1111,11,1777,674,1011,27,12,882,25,2310],"class_list":{"0":"post-368857","1":"post","2":"type-post","3":"status-publish","4":"format-standard","5":"has-post-thumbnail","7":"category-toulon","8":"tag-actu","9":"tag-actualites","10":"tag-eu","11":"tag-europe","12":"tag-fr","13":"tag-france","14":"tag-news","15":"tag-provence-alpes-cote-dazur","16":"tag-republique-francaise","17":"tag-toulon"},"share_on_mastodon":{"url":"https:\/\/pubeurope.com\/@fr\/115153274454406275","error":""},"_links":{"self":[{"href":"https:\/\/www.europesays.com\/fr\/wp-json\/wp\/v2\/posts\/368857","targetHints":{"allow":["GET"]}}],"collection":[{"href":"https:\/\/www.europesays.com\/fr\/wp-json\/wp\/v2\/posts"}],"about":[{"href":"https:\/\/www.europesays.com\/fr\/wp-json\/wp\/v2\/types\/post"}],"author":[{"embeddable":true,"href":"https:\/\/www.europesays.com\/fr\/wp-json\/wp\/v2\/users\/2"}],"replies":[{"embeddable":true,"href":"https:\/\/www.europesays.com\/fr\/wp-json\/wp\/v2\/comments?post=368857"}],"version-history":[{"count":0,"href":"https:\/\/www.europesays.com\/fr\/wp-json\/wp\/v2\/posts\/368857\/revisions"}],"wp:featuredmedia":[{"embeddable":true,"href":"https:\/\/www.europesays.com\/fr\/wp-json\/wp\/v2\/media\/368858"}],"wp:attachment":[{"href":"https:\/\/www.europesays.com\/fr\/wp-json\/wp\/v2\/media?parent=368857"}],"wp:term":[{"taxonomy":"category","embeddable":true,"href":"https:\/\/www.europesays.com\/fr\/wp-json\/wp\/v2\/categories?post=368857"},{"taxonomy":"post_tag","embeddable":true,"href":"https:\/\/www.europesays.com\/fr\/wp-json\/wp\/v2\/tags?post=368857"}],"curies":[{"name":"wp","href":"https:\/\/api.w.org\/{rel}","templated":true}]}}