{"id":368859,"date":"2025-09-05T19:11:14","date_gmt":"2025-09-05T19:11:14","guid":{"rendered":"https:\/\/www.europesays.com\/fr\/368859\/"},"modified":"2025-09-05T19:11:14","modified_gmt":"2025-09-05T19:11:14","slug":"le-chateau-de-flaugergues-celebre-lhistoire-avec-marc-blanchard","status":"publish","type":"post","link":"https:\/\/www.europesays.com\/fr\/368859\/","title":{"rendered":"Le ch\u00e2teau de Flaugergues c\u00e9l\u00e8bre l&rsquo;histoire avec Marc Blanchard"},"content":{"rendered":"<p>\t\t\t\t\t\t\t\tDe la Chambre de l\u2019Aigle aux sables d\u2019\u00c9gypte<\/p>\n<p>\u00c0 l\u2019occasion des <b>Journ\u00e9es europ\u00e9ennes du Patrimoine les 20 et 21 septembre<\/b>, le ch\u00e2teau de Flaugergues vous invite \u00e0 une conf\u00e9rence exceptionnelle : <b>\u00ab\u00a0L\u2019exp\u00e9dition de Bonaparte en \u00c9gypte : du r\u00eave \u00e0 la r\u00e9alit\u00e9\u00a0\u00bb<\/b> anim\u00e9e par <b>Marc Blanchard<\/b>, ancien attach\u00e9 culturel de l\u2019ambassade de France au Caire.<\/p>\n<p>Cette conf\u00e9rence unique s\u2019inscrit dans le cadre de l\u2019exposition-dossier 2025 du ch\u00e2teau, <b>\u00ab\u00a0La Chambre de l\u2019Aigle\u00a0\u00bb<\/b>. Cette exposition met en lumi\u00e8re le d\u00e9cor peint remarquable de la chambre, \u0153uvre de Diane de Montbron, qui retrace la l\u00e9gendaire campagne d\u2019\u00c9gypte.<\/p>\n<p>Marc Blanchard partagera son expertise sur l\u2019exp\u00e9dition de 1798 et son commandant, le g\u00e9n\u00e9ral Bonaparte. Il offrira un \u00e9clairage historique captivant qui m\u00eale l\u2019art, la diplomatie et la conqu\u00eate. C\u2019est une occasion en or de red\u00e9couvrir un \u00e9pisode cl\u00e9 de l\u2019histoire, et de faire le lien entre le patrimoine artistique du ch\u00e2teau et l\u2019histoire napol\u00e9onienne.<\/p>\n<p>Ne manquez pas ce rendez-vous si vous \u00eates passionn\u00e9 par l\u2019histoire ou l\u2019art. C\u2019est une opportunit\u00e9 unique d\u2019enrichir vos connaissances et de d\u00e9couvrir<strong> ce lieu magique<\/strong> sous un angle nouveau, \u00e0 travers le prisme de l\u2019aventure \u00e9gyptienne de Bonaparte.<\/p>\n<p><strong>Conf\u00e9rence gratuite<\/strong>, on r\u00e9serve <a href=\"https:\/\/billetterie.flaugergues.com\/events\/journees-du-patrimoine-2025\" target=\"_blank\" rel=\"noopener nofollow\"><strong>ici<\/strong><\/a><\/p>\n","protected":false},"excerpt":{"rendered":"De la Chambre de l\u2019Aigle aux sables d\u2019\u00c9gypte \u00c0 l\u2019occasion des Journ\u00e9es europ\u00e9ennes du Patrimoine les 20 et&hellip;\n","protected":false},"author":2,"featured_media":368860,"comment_status":"","ping_status":"","sticky":false,"template":"","format":"standard","meta":{"footnotes":""},"categories":[9599],"tags":[1111,11,1777,674,1011,27,2208,12,2680,25],"class_list":{"0":"post-368859","1":"post","2":"type-post","3":"status-publish","4":"format-standard","5":"has-post-thumbnail","7":"category-montpellier","8":"tag-actu","9":"tag-actualites","10":"tag-eu","11":"tag-europe","12":"tag-fr","13":"tag-france","14":"tag-montpellier","15":"tag-news","16":"tag-occitanie","17":"tag-republique-francaise"},"share_on_mastodon":{"url":"https:\/\/pubeurope.com\/@fr\/115153278354639376","error":""},"_links":{"self":[{"href":"https:\/\/www.europesays.com\/fr\/wp-json\/wp\/v2\/posts\/368859","targetHints":{"allow":["GET"]}}],"collection":[{"href":"https:\/\/www.europesays.com\/fr\/wp-json\/wp\/v2\/posts"}],"about":[{"href":"https:\/\/www.europesays.com\/fr\/wp-json\/wp\/v2\/types\/post"}],"author":[{"embeddable":true,"href":"https:\/\/www.europesays.com\/fr\/wp-json\/wp\/v2\/users\/2"}],"replies":[{"embeddable":true,"href":"https:\/\/www.europesays.com\/fr\/wp-json\/wp\/v2\/comments?post=368859"}],"version-history":[{"count":0,"href":"https:\/\/www.europesays.com\/fr\/wp-json\/wp\/v2\/posts\/368859\/revisions"}],"wp:featuredmedia":[{"embeddable":true,"href":"https:\/\/www.europesays.com\/fr\/wp-json\/wp\/v2\/media\/368860"}],"wp:attachment":[{"href":"https:\/\/www.europesays.com\/fr\/wp-json\/wp\/v2\/media?parent=368859"}],"wp:term":[{"taxonomy":"category","embeddable":true,"href":"https:\/\/www.europesays.com\/fr\/wp-json\/wp\/v2\/categories?post=368859"},{"taxonomy":"post_tag","embeddable":true,"href":"https:\/\/www.europesays.com\/fr\/wp-json\/wp\/v2\/tags?post=368859"}],"curies":[{"name":"wp","href":"https:\/\/api.w.org\/{rel}","templated":true}]}}