{"id":368863,"date":"2025-09-05T19:13:09","date_gmt":"2025-09-05T19:13:09","guid":{"rendered":"https:\/\/www.europesays.com\/fr\/368863\/"},"modified":"2025-09-05T19:13:09","modified_gmt":"2025-09-05T19:13:09","slug":"ou-chiner-ce-weekend-en-seine-maritime-voici-le-programme-des-foires-a-tout","status":"publish","type":"post","link":"https:\/\/www.europesays.com\/fr\/368863\/","title":{"rendered":"O\u00f9 chiner ce weekend en Seine-Maritime ? Voici le programme des foires \u00e0 tout"},"content":{"rendered":"<p>            Par<br \/>\n        <strong><br \/>\n            <a href=\"https:\/\/actu.fr\/auteur\/thomas-rideau\" title=\"Consulter tous les articles de Thomas Rideau\" target=\"_blank\" rel=\"noopener\">Thomas Rideau<\/a><br \/>\n        <\/strong><\/p>\n<p>        Publi\u00e9 le<\/p>\n<p>            5 sept. 2025 \u00e0 20h54        <\/p>\n<p>Il va <strong>faire beau ce weekend<\/strong> (enfin surtout samedi\u2026) ! Une bonne raison pour aller chiner sur <strong>les \u00e9tals des brocantes<\/strong> de ces prochains jours en <a href=\"https:\/\/actu.fr\/76actu\/\" target=\"_blank\" rel=\"noopener\">Seine-Maritime<\/a>. Voici le programme des foires \u00e0 tout dans le d\u00e9partement, samedi\u00a06 et dimanche 7\u00a0septembre 2025.<\/p>\n<p>Les foires \u00e0 tout du samedi 6\u00a0septembre<\/p>\n<p class=\" wall-content\"><strong>Duclair\u2009:<\/strong> foire \u00e0 la brocante sur les quais de Seine, de 9h \u00e0 18h.<\/p>\n<p class=\" wall-content\"><strong>Elbeuf\u2009:<\/strong> grande foire \u00e0 tout du parc Saint-Cyr, de 6h \u00e0 18h.<\/p>\n<p class=\" wall-content\"><strong>Le\u00a0Tr\u00e9port\u2009:<\/strong> brocante de l\u2019association partage S\u00e9n\u00e9gal, au chapiteau de la plage, de 9h \u00e0 17h30.<\/p>\n<p class=\" wall-content\"><strong>Rouen\u2009:<\/strong> foire \u00e0 tout dans le secteur pi\u00e9ton de la rue Saint-Sever, de 7h \u00e0 18h.<\/p>\n<p class=\" wall-content\"><strong>Rouen\u2009:<\/strong> march\u00e9 aux puces et brocante de la place Saint-Marc, de 8h \u00e0 13h.<\/p>\n<p>Les foires \u00e0 tout du dimanche 7\u00a0septembre<\/p>\n<p class=\" wall-content\"><strong>Alvimare\u2009:<\/strong> vide-greniers, au 21 route de Cl\u00e9ville, de 8h \u00e0 18h.<\/p>\n<p class=\" wall-content\"><strong>Amfreville-la-mi-voie\u2009:<\/strong> foire \u00e0 tout sur les bords de la Seine, de 7h \u00e0 18h.<\/p>\n<p>Votre r\u00e9gion, votre actu !<\/p>\n<p>Recevez chaque jour les infos qui comptent pour vous.<\/p>\n<p>\t<a href=\"https:\/\/actu.fr\/newsletter\" class=\"ac-btn ac-btn--corner ac-btn--medium ac-btn--blue800\" target=\"_blank\" rel=\"noopener\">S&rsquo;incrire<\/a><\/p>\n<p class=\" wall-content\"><strong>Anglesqueville-la-Bras-Long\u2009:<\/strong> foire \u00e0 tout au profit des amis du patrimoine anglesquevillais, sur le parking de la mairie, de 8h \u00e0 18h.<\/p>\n<p class=\" wall-content\"><strong>Arques-la-Bataille\u2009:<\/strong> foire \u00e0 tout, autour de la salle des f\u00eates, de 6h30 \u00e0 18h.<\/p>\n<p class=\" wall-content\"><strong>Avremesnil\u2009:<\/strong> foire \u00e0 tout, rue du stade, de 6h \u00e0 18h.<\/p>\n<p class=\" wall-content\"><strong>Belbeuf\u2009:<\/strong> foire \u00e0 tout dans le centre-ville, de 6h \u00e0 18h.<\/p>\n<p class=\" wall-content\"><strong>Cl\u00e8res\u2009:<\/strong> foire \u00e0 tout, stade Michel-Lemetail, de 7h \u00e0 18h.<\/p>\n<p class=\" wall-content\"><strong>Elbeuf\u2009:<\/strong> grande foire \u00e0 tout du parc Saint-Cyr, de 6h \u00e0 18h.<\/p>\n<p class=\" wall-content\"><strong>Elbeuf-sur-Andelle\u2009:<\/strong> foire \u00e0 tout, place de l\u2019\u00e9glise, \u00e0 partir de 6h30.<\/p>\n<p class=\" wall-content\"><strong>Eu\u2009:<\/strong> foire \u00e0 tout, la Farfouille, place du champ de Mars, de 6h \u00e0 18h.<\/p>\n<p class=\" wall-content\"><strong>Grand-Couronne\u2009:<\/strong> foire \u00e0 tout sur le parking de l\u2019Intermarch\u00e9, rue Jean-Moulin, de 6h \u00e0 18h.<\/p>\n<p class=\" wall-content\"><strong>Isneauville\u2009:<\/strong> foire \u00e0 tout annuelle sur la zone d\u2019activit\u00e9s, de 7h \u00e0 18h.<\/p>\n<p class=\" wall-content\"><strong>La Bouille\u2009:<\/strong> quai des livres \u00e0 la salle polyvalente, all\u00e9e des Saules de 9h30 \u00e0 17h.<\/p>\n<p class=\" wall-content\"><strong>Le\u00a0Havre\u2009:<\/strong> vide-greniers sur le parking Auchan, 110, avenue du Grand Hameau, de 8h \u00e0 16h30.<\/p>\n<p class=\" wall-content\"><strong>Le\u00a0Tr\u00e9port\u2009:<\/strong> brocante de l\u2019association partage S\u00e9n\u00e9gal, au chapiteau de la plage, de 9h \u00e0 17h30.<\/p>\n<p class=\" wall-content\"><strong>Martin-\u00c9glise\u2009:<\/strong> foire \u00e0 tout, place Mayenne, de 8h \u00e0 18h.<\/p>\n<p class=\" wall-content\"><strong>M\u00e9nerval\u2009:<\/strong> foire \u00e0 tout, route de la Mer, de 5h \u00e0 19h.<\/p>\n<p class=\" wall-content\"><strong>Montivilliers\u2009:<\/strong> f\u00eate des greniers vides, dans le centre-ville, de 7h \u00e0 18h.<\/p>\n<p class=\" wall-content\"><strong>Motteville\u2009:<\/strong> foire \u00e0 tout de la rentr\u00e9e, 133, rue Alexis-Ricordel, de 8h \u00e0 19h.<\/p>\n<p class=\" wall-content\"><strong>Neufch\u00e2tel-en-Bray\u2009:<\/strong> foire \u00e0 tout dans le centre-ville, de 7h \u00e0 18h.<\/p>\n<p class=\" wall-content\"><strong>Pierreval\u2009:<\/strong> foire \u00e0 tout sur le terrain proche de la salle des f\u00eates, de 8h \u00e0 18h30.<\/p>\n<p class=\" wall-content\"><strong>Rives-en-Seine\u2009:<\/strong> 39e salon des cartes postales et toutes collections \u00e0 la salle de la Tour d\u2019Harfleur \u00e0 Caudebec-en-Caux, de 9h \u00e0 17h30.<\/p>\n<p class=\" wall-content\"><strong>Rives-en-Seine\u2009:<\/strong> foire \u00e0 tout sur les bords de Seine \u00e0 Villequier, de 8h \u00e0 18h.<\/p>\n<p class=\" wall-content\"><strong>Roncherolles-en-Bray\u2009:<\/strong> f\u00eate communale de la Saint-Gilles dans le centre du village, de 7h \u00e0 18h.<\/p>\n<p class=\" wall-content\"><strong>Rouen\u2009:<\/strong> vide-greniers de la rue Louis-Poterat, de 6h \u00e0 18h.<\/p>\n<p class=\" wall-content\"><strong>Rouen\u2009:<\/strong> march\u00e9 aux puces et brocante de la place Saint-Marc, de 8h \u00e0 13h.<\/p>\n<p class=\" wall-content\"><strong>Rouen\u2009:<\/strong> foire \u00e0 tout du quartier Saint-L\u00f4, de 7h \u00e0 18h.<\/p>\n<p class=\" wall-content\"><strong>Saint-Aubin-sur-Mer\u2009:<\/strong> foire \u00e0 tout sur le rond-point de la plage, de 9h \u00e0 18h.<\/p>\n<p class=\" wall-content\"><strong>Saint-Jacques-sur-Darn\u00e9tal\u2009:<\/strong> foire \u00e0 tout dans le parc de la mairie toute la journ\u00e9e.<\/p>\n<p class=\" wall-content\"><strong>Saint-Pa\u00ebr\u2009:<\/strong> foire \u00e0 tout semi-couverte \u00e0 la salle polyvalente, de 7h \u00e0 17h.<\/p>\n<p class=\" wall-content\"><strong>T\u00f4tes\u2009:<\/strong> foire \u00e0 tout, stade G\u00e9rard-Auvray, de 7h \u00e0 18h.<\/p>\n<p class=\" wall-content\"><strong>Vieux-Manoir\u2009:<\/strong> foire \u00e0 tout au stade de football, de 6h \u00e0 19h.<\/p>\n<p class=\" wall-content\"><strong>Yerville\u2009:<\/strong> bourse et exposition de voitures anciennes, \u00e0 la salle de la mairie, de 5h30 \u00e0 17h.<\/p>\n<p class=\" wall-content\"><strong>Yvetot\u2009:<\/strong> foire \u00e0 tout de l\u2019amicale des sapeurs-pompiers sur le champ de foire, de 8h \u00e0 18h.<\/p>\n<p class=\" wall-content\">Personnalisez votre actualit\u00e9 en ajoutant vos villes et m\u00e9dias en favori avec <a href=\"https:\/\/moncompte.actu.fr\" title=\"D\u00e9couvez Mon Actu\" rel=\"nofollow noopener\" data-trk=\"{&quot;cta&quot;:{&quot;action&quot;:&quot;https:\\\/\\\/moncompte.actu.fr&quot;,&quot;category&quot;:&quot;mon compte&quot;,&quot;from&quot;:&quot;article footer&quot;,&quot;name&quot;:&quot;Mon actu&quot;,&quot;type&quot;:&quot;cta&quot;}}\" target=\"_blank\">Mon Actu<\/a>.<\/p>\n","protected":false},"excerpt":{"rendered":"Par Thomas Rideau Publi\u00e9 le 5 sept. 2025 \u00e0 20h54 Il va faire beau ce weekend (enfin surtout&hellip;\n","protected":false},"author":2,"featured_media":368864,"comment_status":"","ping_status":"","sticky":false,"template":"","format":"standard","meta":{"footnotes":""},"categories":[9587],"tags":[1111,11,9086,28860,1777,674,10087,1011,27,1652,12,5161,25,9590],"class_list":{"0":"post-368863","1":"post","2":"type-post","3":"status-publish","4":"format-standard","5":"has-post-thumbnail","7":"category-rouen","8":"tag-actu","9":"tag-actualites","10":"tag-bon-plan-a-rouen","11":"tag-bon-plan-au-havre","12":"tag-eu","13":"tag-europe","14":"tag-foires-a-tout","15":"tag-fr","16":"tag-france","17":"tag-loisirs-culture","18":"tag-news","19":"tag-normandie","20":"tag-republique-francaise","21":"tag-rouen"},"share_on_mastodon":{"url":"https:\/\/pubeurope.com\/@fr\/115153286467332333","error":""},"_links":{"self":[{"href":"https:\/\/www.europesays.com\/fr\/wp-json\/wp\/v2\/posts\/368863","targetHints":{"allow":["GET"]}}],"collection":[{"href":"https:\/\/www.europesays.com\/fr\/wp-json\/wp\/v2\/posts"}],"about":[{"href":"https:\/\/www.europesays.com\/fr\/wp-json\/wp\/v2\/types\/post"}],"author":[{"embeddable":true,"href":"https:\/\/www.europesays.com\/fr\/wp-json\/wp\/v2\/users\/2"}],"replies":[{"embeddable":true,"href":"https:\/\/www.europesays.com\/fr\/wp-json\/wp\/v2\/comments?post=368863"}],"version-history":[{"count":0,"href":"https:\/\/www.europesays.com\/fr\/wp-json\/wp\/v2\/posts\/368863\/revisions"}],"wp:featuredmedia":[{"embeddable":true,"href":"https:\/\/www.europesays.com\/fr\/wp-json\/wp\/v2\/media\/368864"}],"wp:attachment":[{"href":"https:\/\/www.europesays.com\/fr\/wp-json\/wp\/v2\/media?parent=368863"}],"wp:term":[{"taxonomy":"category","embeddable":true,"href":"https:\/\/www.europesays.com\/fr\/wp-json\/wp\/v2\/categories?post=368863"},{"taxonomy":"post_tag","embeddable":true,"href":"https:\/\/www.europesays.com\/fr\/wp-json\/wp\/v2\/tags?post=368863"}],"curies":[{"name":"wp","href":"https:\/\/api.w.org\/{rel}","templated":true}]}}