{"id":368865,"date":"2025-09-05T19:14:40","date_gmt":"2025-09-05T19:14:40","guid":{"rendered":"https:\/\/www.europesays.com\/fr\/368865\/"},"modified":"2025-09-05T19:14:40","modified_gmt":"2025-09-05T19:14:40","slug":"les-35-bateaux-ont-quitte-rouen-pour-rejoindre-la-baie-de-seine","status":"publish","type":"post","link":"https:\/\/www.europesays.com\/fr\/368865\/","title":{"rendered":"les 35 bateaux ont quitt\u00e9 Rouen pour rejoindre la baie de Seine"},"content":{"rendered":"<p class=\"article__intro\">Ce vendredi 5 septembre vers 13h30, les 35 monocoques de la Solitaire du Figaro ont quitt\u00e9 les quais de Rouen o\u00f9 ils \u00e9taient amarr\u00e9s depuis une semaine, franchissant le Pont Flaubert relev\u00e9 pour l&rsquo;occasion. Les navigateurs vont d\u00e9sormais suivre le cours de la Seine afin de rejoindre les abords du Havre, puis retrouver la pleine mer.<\/p>\n<p>\n      L\u2019actu des r\u00e9gions\n    <\/p>\n<p>\n      Chaque jour, un tour d\u2019horizon des principales infos de toutes les r\u00e9gions.\n    <\/p>\n<p>    France T\u00e9l\u00e9visions utilise votre adresse e-mail afin de vous envoyer la newsletter \u00ab\u00a0L\u2019actu des r\u00e9gions\u00a0\u00bb. Vous pouvez vous d\u00e9sinscrire \u00e0 tout moment via le lien en bas de cette newsletter. <a target=\"_blank\" href=\"https:\/\/www.francetelevisions.fr\/groupe\/confidentialite\/politique-de-confidentialite\/politique-de-confidentialite-de-france-televisions-6503\" rel=\"nofollow noopener\">Notre politique de confidentialit\u00e9<\/a><\/p>\n<p>De nombreux spectateurs \u00e9taient mass\u00e9s sur les quais Gaston Boulet de Rouen ce vendredi 5 septembre vers 13h30. Et pour cause : les 35 bateaux de la Solitaire du Figaro Paprec ont enfin pris le d\u00e9part.<\/p>\n<p><a data-article-figure=\"\" href=\"https:\/\/france3-regions.franceinfo.fr\/image\/L22QtZ3dCgcvHQJS9H-d67X4MdI\/1920x1080\/regions\/2025\/09\/05\/363-3086-00-00-02-07-68badbf7d66cc133147651.jpg\" data-pswp-width=\"1920\" data-pswp-height=\"1080\" target=\"_blank\" rel=\"nofollow noopener\"><\/p>\n<p>          <img width=\"600\" height=\"400\" class=\"article-image lazy\" data-src=\"https:\/\/www.europesays.com\/fr\/wp-content\/uploads\/2025\/09\/363-3086-00-00-02-07-68badbf7d66cc133147651.jpg\" alt=\"Les monocoques de la Solitaire ont quitt\u00e9 les quais de Rouen ce vendredi 5 septembre vers 13h30.\" fetchpriority=\"high\" as=\"image\"\/><\/p>\n<p>\n            Les monocoques de la Solitaire ont quitt\u00e9 les quais de Rouen ce vendredi 5 septembre vers 13h30.<br \/>\n                           \u2022<br \/>\n                                      \u00a9 St\u00e9phane L&rsquo;Hote \/ France T\u00e9l\u00e9visions\n                      <\/p>\n<p><\/a><\/p>\n<p>Les skippers et leurs \u00e9quipes ont pu profiter de quelques \u00e9claircies pour dire au revoir aux Rouennais.<\/p>\n<p>Le pont Gustave-Flaubert, qui relie les deux rives de Rouen, \u00e9tait ferm\u00e9 \u00e0 la circulation ce vendredi entre 12h et 14h.<\/p>\n<p><a data-article-figure=\"\" href=\"https:\/\/france3-regions.franceinfo.fr\/image\/pQbsMhFEC15Y9Y0jXbDkTvY6HyE\/1920x1080\/regions\/2025\/09\/05\/363-3091-00-00-07-01-68bae1f36921a378048138.jpg\" data-pswp-width=\"1920\" data-pswp-height=\"1080\" target=\"_blank\" rel=\"nofollow noopener\"><\/p>\n<p>          <img width=\"600\" height=\"400\" class=\"article-image lazy\" data-src=\"https:\/\/www.europesays.com\/fr\/wp-content\/uploads\/2025\/09\/363-3091-00-00-07-01-68bae1f36921a378048138.jpg\" alt=\"Les navires se sont succ\u00e9d\u00e9s pour le d\u00e9part de Rouen.\" fetchpriority=\"high\" as=\"image\"\/><\/p>\n<p>\n            Les navires se sont succ\u00e9d\u00e9s pour le d\u00e9part de Rouen.<br \/>\n                           \u2022<br \/>\n                                      \u00a9 St\u00e9phane L&rsquo;Hote \/ France T\u00e9l\u00e9visions\n                      <\/p>\n<p><\/a><\/p>\n<p>Comme nous l&rsquo;expliquions bri\u00e8vement dans <a href=\"https:\/\/france3-regions.franceinfo.fr\/normandie\/seine-maritime\/rouen\/solitaire-du-figaro-paprec-cela-marque-le-debut-d-un-mois-intensif-avant-le-depart-de-rouen-spectateurs-et-skippers-profitent-3211949.html\" target=\"_blank\" data-tooltip-url=\"https:\/\/france3-regions.franceinfo.fr\/normandie\/seine-maritime\/rouen\/solitaire-du-figaro-paprec-cela-marque-le-debut-d-un-mois-intensif-avant-le-depart-de-rouen-spectateurs-et-skippers-profitent-3211949.html\" rel=\"noopener nofollow\">cet article<\/a>, les m\u00e2ts des Figaro B\u00e9n\u00e9teau 3 \u00e9tant trop hauts avec le niveau de la Seine, il aurait fallu d\u00e9m\u00e2ter pour franchir cet obstacle artificiel. Mais l&rsquo;organisation a profit\u00e9 de l&rsquo;existence du syst\u00e8me de poulies de ce pont levant.<\/p>\n<p><a data-article-figure=\"\" href=\"https:\/\/france3-regions.franceinfo.fr\/image\/TGnCx07euvWzcxMVEKEDvYbWq9M\/1920x1080\/regions\/2025\/09\/05\/diverg-e-camera-b4-pour-timelapse-002-00-23-10-07-68badb7900270272606100.jpg\" data-pswp-width=\"1920\" data-pswp-height=\"1080\" target=\"_blank\" rel=\"nofollow noopener\"><\/p>\n<p>          <img width=\"600\" height=\"400\" class=\"article-image lazy\" data-src=\"https:\/\/www.europesays.com\/fr\/wp-content\/uploads\/2025\/09\/diverg-e-camera-b4-pour-timelapse-002-00-23-10-07-68badb7900270272606100.jpg\" alt=\"Les 35 bateaux de la Solitaire sont pass\u00e9 sous le pont levant Gustave-Flaubert\" fetchpriority=\"high\" as=\"image\"\/><\/p>\n<p>\n            Les 35 bateaux de la Solitaire sont pass\u00e9 sous le pont levant Gustave-Flaubert<br \/>\n                           \u2022<br \/>\n                                      \u00a9 St\u00e9phane L&rsquo;Hote \/ France T\u00e9l\u00e9visions\n                      <\/p>\n<p><\/a><\/p>\n<p>Beaucoup de curieux s&rsquo;\u00e9taient d&rsquo;ailleurs rassembl\u00e9s sur les quais pour observer l&rsquo;immense armature dans une position inhabituelle. \u00ab\u00a0On ne voit cela que pour l&rsquo;Armada\u00a0\u00bb, confiaient m\u00eame certains spectateurs.<\/p>\n<p><a data-article-figure=\"\" href=\"https:\/\/france3-regions.franceinfo.fr\/image\/HTSjWJ9yfpQ0GR60DwqYutWPWjs\/1600x1200\/regions\/2025\/09\/05\/992d3755-562e-49bd-a776-e1814d1a99cd-68badfb1262e0639014693.jpg\" data-pswp-width=\"1600\" data-pswp-height=\"1200\" target=\"_blank\" rel=\"nofollow noopener\"><\/p>\n<p>          <img width=\"600\" height=\"400\" class=\"article-image lazy\" data-src=\"https:\/\/www.europesays.com\/fr\/wp-content\/uploads\/2025\/09\/992d3755-562e-49bd-a776-e1814d1a99cd-68badfb1262e0639014693.jpg\" alt=\"Le pont Gustave-Flaubert s'est \u00e9lev\u00e9 pour laisser passer les navires en toute s\u00e9curit\u00e9.\" fetchpriority=\"high\" as=\"image\"\/><\/p>\n<p>\n            Le pont Gustave-Flaubert s&rsquo;est \u00e9lev\u00e9 pour laisser passer les navires en toute s\u00e9curit\u00e9.<br \/>\n                           \u2022<br \/>\n                                      \u00a9 St\u00e9phane L&rsquo;Hote \/ France T\u00e9l\u00e9visions\n                      <\/p>\n<p><\/a><\/p>\n<p>Coup\u00e9 en deux, l&rsquo;\u00e9pais point de passage a momentan\u00e9ment abandonn\u00e9 son r\u00f4le de fronti\u00e8re entre la partie du fleuve accessible aux navires de mer et l&rsquo;int\u00e9rieur des terres.<\/p>\n<p><a data-article-figure=\"\" href=\"https:\/\/france3-regions.franceinfo.fr\/image\/zyEEDLyowXgE_rNamy6DS8KcyX8\/1920x1080\/regions\/2025\/09\/05\/363-3094-00-00-01-05-68bae100c9265436716518.jpg\" data-pswp-width=\"1920\" data-pswp-height=\"1080\" target=\"_blank\" rel=\"nofollow noopener\"><\/p>\n<p>          <img width=\"600\" height=\"400\" class=\"article-image lazy\" data-src=\"https:\/\/www.europesays.com\/fr\/wp-content\/uploads\/2025\/09\/363-3094-00-00-01-05-68bae100c9265436716518.jpg\" alt=\"Malgr\u00e9 ce vendredi de septembre, de nombreux spectateurs \u00e9taient pr\u00e9sents pour observer le d\u00e9part aux abords du pont Gustave-Flaubert.\" fetchpriority=\"high\" as=\"image\"\/><\/p>\n<p>\n            Malgr\u00e9 ce vendredi de septembre, de nombreux spectateurs \u00e9taient pr\u00e9sents pour observer le d\u00e9part aux abords du pont Gustave-Flaubert.<br \/>\n                           \u2022<br \/>\n                                      \u00a9 St\u00e9phane L&rsquo;Hote \/ France T\u00e9l\u00e9visions\n                      <\/p>\n<p><\/a><\/p>\n<p>Les 35 skippers vont d\u00e9sormais suivre le cours naturel de la Seine pour rejoindre les abords du Havre. En territoire havrais, le fleuve se jette dans la Manche.<\/p>\n<p><a data-article-figure=\"\" href=\"https:\/\/france3-regions.franceinfo.fr\/image\/nA6jIzqKH74D5IRqiYxdUCK4AGI\/1920x1080\/regions\/2025\/09\/05\/off-carte-trac-solitaire-du-figaro-00-00-21-18-68bae072b59af926676983.jpg\" data-pswp-width=\"1920\" data-pswp-height=\"1080\" target=\"_blank\" rel=\"nofollow noopener\"><\/p>\n<p>          <img width=\"600\" height=\"400\" class=\"article-image lazy\" data-src=\"https:\/\/www.europesays.com\/fr\/wp-content\/uploads\/2025\/09\/off-carte-trac-solitaire-du-figaro-00-00-21-18-68bae072b59af926676983.jpg\" alt=\"Voici les trois \u00e9tapes de la Solitaire du Figaro Paprec.\" fetchpriority=\"high\" as=\"image\"\/><\/p>\n<p>\n            Voici les trois \u00e9tapes de la Solitaire du Figaro Paprec.<br \/>\n                           \u2022<br \/>\n                                      \u00a9 Solitaire du Figaro Paprec\n                      <\/p>\n<p><\/a><\/p>\n<p>Pour les navigateurs, ce sera le moment de d\u00e9marrer la comp\u00e9tition, au coup du canon, \u00e0 13h02 pr\u00e9cis\u00e9ment ce dimanche 7 septembre en baie de Seine. Les monocoques mouilleront alors en haute mer afin de rejoindre le phare du Fastnet, en mer Celtique.<\/p>\n<p>\u00ab\u00a0Dans un premier temps, les skippers devront choisir entre les c\u00f4tes fran\u00e7aises et les c\u00f4tes anglaises pour naviguer puisque le DST des Casquets est une zone interdite\u00a0\u00bb, confiait Yann Chateau, le directeur de course sur <a>le site de la Solitaire<\/a>. \u00ab\u00a0Ce premier tron\u00e7on c\u00f4tier s&rsquo;ach\u00e8vera au niveau des Scilly pour passer sur une navigation plus hauturi\u00e8re jusqu&rsquo;au Fastnet puis \u00e0 Roscoff. L&rsquo;histoire dira si, pour une fois, le mythique phare sera pass\u00e9 de jour !<\/p>\n<p><a data-article-figure=\"\" href=\"https:\/\/france3-regions.franceinfo.fr\/image\/qI_FyvKiwGHV-58H52wLa3QpXU8\/1487x1973\/regions\/2025\/09\/05\/000-arp1848376-68bae1778d7cb090336272.jpg\" data-pswp-width=\"1487\" data-pswp-height=\"1973\" target=\"_blank\" rel=\"nofollow noopener\"><\/p>\n<p>          <img width=\"600\" height=\"400\" class=\"article-image lazy\" data-src=\"https:\/\/www.europesays.com\/fr\/wp-content\/uploads\/2025\/09\/000-arp1848376-68bae1778d7cb090336272.jpg\" alt=\"Le phare du Fastnet est d\u00e9sormais en ligne de mire de tous les skippers de la Solitaire.\" fetchpriority=\"high\" as=\"image\"\/><\/p>\n<p>\n            Le phare du Fastnet est d\u00e9sormais en ligne de mire de tous les skippers de la Solitaire.<br \/>\n                           \u2022<br \/>\n                                      \u00a9 MARCEL MOCHET \/ AFP\n                      <\/p>\n<p><\/a><\/p>\n<p>Ce point au sud de l&rsquo;Irlande, bien connu des amateurs de voile, servira de balise pour ensuite rallier la baie de Morlaix et Roscoff, dans le Finist\u00e8re, et achever la premi\u00e8re \u00e9tape de cette Solitaire.<\/p>\n","protected":false},"excerpt":{"rendered":"Ce vendredi 5 septembre vers 13h30, les 35 monocoques de la Solitaire du Figaro ont quitt\u00e9 les quais&hellip;\n","protected":false},"author":2,"featured_media":368866,"comment_status":"","ping_status":"","sticky":false,"template":"","format":"standard","meta":{"footnotes":""},"categories":[9587],"tags":[1111,11,1777,674,1011,27,12,5161,25,9590],"class_list":{"0":"post-368865","1":"post","2":"type-post","3":"status-publish","4":"format-standard","5":"has-post-thumbnail","7":"category-rouen","8":"tag-actu","9":"tag-actualites","10":"tag-eu","11":"tag-europe","12":"tag-fr","13":"tag-france","14":"tag-news","15":"tag-normandie","16":"tag-republique-francaise","17":"tag-rouen"},"share_on_mastodon":{"url":"https:\/\/pubeurope.com\/@fr\/115153290131563812","error":""},"_links":{"self":[{"href":"https:\/\/www.europesays.com\/fr\/wp-json\/wp\/v2\/posts\/368865","targetHints":{"allow":["GET"]}}],"collection":[{"href":"https:\/\/www.europesays.com\/fr\/wp-json\/wp\/v2\/posts"}],"about":[{"href":"https:\/\/www.europesays.com\/fr\/wp-json\/wp\/v2\/types\/post"}],"author":[{"embeddable":true,"href":"https:\/\/www.europesays.com\/fr\/wp-json\/wp\/v2\/users\/2"}],"replies":[{"embeddable":true,"href":"https:\/\/www.europesays.com\/fr\/wp-json\/wp\/v2\/comments?post=368865"}],"version-history":[{"count":0,"href":"https:\/\/www.europesays.com\/fr\/wp-json\/wp\/v2\/posts\/368865\/revisions"}],"wp:featuredmedia":[{"embeddable":true,"href":"https:\/\/www.europesays.com\/fr\/wp-json\/wp\/v2\/media\/368866"}],"wp:attachment":[{"href":"https:\/\/www.europesays.com\/fr\/wp-json\/wp\/v2\/media?parent=368865"}],"wp:term":[{"taxonomy":"category","embeddable":true,"href":"https:\/\/www.europesays.com\/fr\/wp-json\/wp\/v2\/categories?post=368865"},{"taxonomy":"post_tag","embeddable":true,"href":"https:\/\/www.europesays.com\/fr\/wp-json\/wp\/v2\/tags?post=368865"}],"curies":[{"name":"wp","href":"https:\/\/api.w.org\/{rel}","templated":true}]}}